{"id":354683,"date":"2025-08-30T14:33:09","date_gmt":"2025-08-30T14:33:09","guid":{"rendered":"https:\/\/www.europesays.com\/fr\/354683\/"},"modified":"2025-08-30T14:33:09","modified_gmt":"2025-08-30T14:33:09","slug":"paris-1-ferme-un-master-de-droit-une-semaine-avant-la-rentree","status":"publish","type":"post","link":"https:\/\/www.europesays.com\/fr\/354683\/","title":{"rendered":"Paris 1 ferme un master de droit une semaine avant la rentr\u00e9e"},"content":{"rendered":"<p>A seulement quelques jours de la rentr\u00e9e, les \u00e9tudiants du Master 1 Droit du tourisme et des transports ont re\u00e7u l\u2019information que leur formation \u00e9tait suspendue et que leurs inscriptions ne pourraient \u00eatre valid\u00e9es, alors m\u00eame qu\u2019ils avaient re\u00e7u une notification d\u2019admission durant l\u2019\u00e9t\u00e9 et qu\u2019ils avaient constitu\u00e9 leur dossier dans l\u2019attente de finaliser leur inscription. Pour l\u2019heure, <a href=\"https:\/\/formations.pantheonsorbonne.fr\/fr\/catalogue-des-formations\/master-M\/master-droit-du-tourisme-et-des-transports-M5V4PJU3.html\" class=\"spip_out\" rel=\"noopener noreferrer external nofollow\" target=\"_blank\">le site de l\u2019universit\u00e9<\/a> ne donne aucune justification ou semblant d\u2019explication \u00e0 cette fermeture soudaine, se contentant d\u2019afficher que \u00ab\u00a0le Master 1 Droit du tourisme et des transports n\u2019est pas ouvert \u00e0 la rentr\u00e9e 2025\u00a0\u00bb. La vingtaine d\u2019\u00e9tudiants concern\u00e9s baigne pour l\u2019instant dans un flou total, sans m\u00eame savoir si l\u2019universit\u00e9 leur proposera une r\u00e9affectation ou une quelconque solution de repli \u2026<\/p>\n<p>En t\u00e9moignent les mots de cette \u00e9tudiante, qui a contact\u00e9 Le Poing Lev\u00e9 Paris 1\u00a0: \u00ab\u00a0Cette d\u00e9cision, brutale et inattendue, nous place dans une situation d\u2019incertitude majeure quant \u00e0 la poursuite de notre parcours acad\u00e9mique et \u00e0 notre avenir professionnel\u00a0\u00bb. De fa\u00e7on plus g\u00e9n\u00e9rale, c\u2019est l\u2019absence totale de r\u00e9ponse de l\u2019universit\u00e9 qui place les \u00e9tudiants dans une situation des plus pr\u00e9caires, l\u2019une d\u2019entre eux d\u00e9plorant se sentir \u00ab\u00a0prise au pi\u00e8ge d\u2019une incoh\u00e9rence administrative qui met en p\u00e9ril une ann\u00e9e enti\u00e8re de notre parcours universitaire\u00a0\u00bb, et exigeant de l\u2019universit\u00e9 \u00ab\u00a0des explications claires [\u2026] et surtout une solution imm\u00e9diate pour garantir notre droit \u00e0 la formation\u00a0\u00bb.  Une autre \u00e9tudiante t\u00e9moigne que la seule r\u00e9ponse qu\u2019elle avait r\u00e9ussi \u00e0 obtenir de l\u2019administration \u00e9tait que \u00ab\u00a0[que la formation \u00e9tait bien suspendue] et que mon admission \u00ab\u00a0n\u2019avait aucune valeur\u00a0\u00bb, pr\u00e9cisant que \u00ab\u00a0d\u00e8s le lendemain de nos r\u00e9clamations aupr\u00e8s de l\u2019administration, le site a \u00e9t\u00e9 modifi\u00e9 pour indiquer que la formation \u00e9tait ferm\u00e9e\u00a0\u00bb.<\/p>\n<p>Ce revirement brutal va m\u00eame jusqu\u2019\u00e0 mettre certains \u00e9tudiants dans une situation financi\u00e8re difficile\u00a0: \u00ab\u00a0Je suis boursi\u00e8re\u00a0: sans inscription, je perds ma bourse. Je n\u2019ai aucune alternative, car je ne peux pas simplement prendre une ann\u00e9e pour faire des stages\u00a0: il me faut absolument une convention, donc une facult\u00e9. Je n\u2019ai plus droit non plus au tarif \u00e9tudiant pour m\u2019inscrire dans un DU, et payer le tarif plein est impossible pour moi\u00a0\u00bb. A seulement quelques jours de la rentr\u00e9e, les \u00e9tudiants se retrouvent pour la plupart sans formation alternative, \u00ab\u00a0j\u2019avais cess\u00e9 mes recherches, convaincue d\u2019avoir trouv\u00e9 ma place ici\u00a0\u00bb, et m\u00eame sans autre perspective\u00a0: \u00ab\u00a0M\u00eame chercher un travail rel\u00e8ve d\u00e9sormais de l\u2019impossible, puisque nous sommes \u00e0 quelques jours de la rentr\u00e9e et que je n\u2019ai rien pu anticiper\u00a0\u00bb. Une situation critique qui a pour seul responsable l\u2019administration de l\u2019universit\u00e9 qui ne daigne m\u00eame pas donner une quelconque explication aux \u00e9tudiants.<\/p>\n<p>Une situation qui n\u2019est pas sans rappeler <a href=\"https:\/\/www.revolutionpermanente.fr\/Austerite-la-direction-du-Mirail-supprime-un-Master-a-deux-semaines-de-la-rentree\" rel=\"nofollow noopener\" target=\"_blank\">la tentative de fermeture du Master AGAPES \u00e0 l\u2019Universit\u00e9 de Toulouse Jean Jaur\u00e8s en septembre 2024<\/a>. Celle-ci, motiv\u00e9e par des questions budg\u00e9taires et cons\u00e9quence directe de la r\u00e9duction des moyens allou\u00e9s \u00e0 l\u2019universit\u00e9, <a href=\"https:\/\/www.revolutionpermanente.fr\/Fermeture-d-un-Master-a-la-fac-du-Mirail-la-direction-recule-face-a-la-mobilisation-des-etudiants\" rel=\"nofollow noopener\" target=\"_blank\">avait finalement \u00e9chou\u00e9 face \u00e0 la mobilisation des \u00e9tudiants<\/a> et aux d\u00e9monstrations de solidarit\u00e9 \u00e9manant de l\u2019ensemble des \u00e9tudiants, des enseignants et des personnels BIATSS. Une mobilisation qui a d\u00e9montr\u00e9 qu\u2019il n\u2019y avait aucune fatalit\u00e9 face \u00e0 la s\u00e9lection et face \u00e0 l\u2019aust\u00e9rit\u00e9, et dont les \u00e9tudiants de Paris 1 pourrait s\u2019inspirer face \u00e0 une direction qui n\u2019h\u00e9site pas \u00e0 pi\u00e9tiner les droits des \u00e9tudiants et \u00e0 les plonger dans l\u2019inconnu \u00e0 quelques jours \u00e0 peine de la rentr\u00e9e.<\/p>\n<p>Quoi qu\u2019il en soit, cette d\u00e9cision scandaleuse s\u2019inscrit dans une intensification de plus en plus importante de la s\u00e9lection \u00e0 l\u2019universit\u00e9, coupl\u00e9e \u00e0 une offensive aust\u00e9ritaire historique contre l\u2019enseignement sup\u00e9rieur. Dans ce contexte, nul doute que les pr\u00e9sidences d\u2019universit\u00e9 multiplieront les attaques directes contre les droits des \u00e9tudiants et contre les formations qu\u2019elles consid\u00e8rent comme non rentables. Face \u00e0 cela, il est essentiel de porter un autre projet d\u2019universit\u00e9, sans s\u00e9lection ni pr\u00e9carit\u00e9 et o\u00f9 les savoirs sont mis au service de la majorit\u00e9. Seule une r\u00e9ponse collective \u00e0 travers l\u2019organisation des \u00e9tudiants et la solidarit\u00e9 pourrait faire rouvrir le master comme ce fut le cas \u00e0 Toulouse. La mobilisation du 10 septembre et l\u2019appel \u00e0 la jeunesse \u00e0 s\u2019y joindre pourraient \u00eatre un appui pour arracher cette victoire et beaucoup d\u2019autres.<\/p>\n","protected":false},"excerpt":{"rendered":"A seulement quelques jours de la rentr\u00e9e, les \u00e9tudiants du Master 1 Droit du tourisme et des transports&hellip;\n","protected":false},"author":2,"featured_media":354684,"comment_status":"","ping_status":"","sticky":false,"template":"","format":"standard","meta":{"footnotes":""},"categories":[1888],"tags":[11,1777,674,1011,27,12,626,25],"class_list":{"0":"post-354683","1":"post","2":"type-post","3":"status-publish","4":"format-standard","5":"has-post-thumbnail","7":"category-paris","8":"tag-actualites","9":"tag-eu","10":"tag-europe","11":"tag-fr","12":"tag-france","13":"tag-news","14":"tag-paris","15":"tag-republique-francaise"},"share_on_mastodon":{"url":"https:\/\/pubeurope.com\/@fr\/115118211350662921","error":""},"_links":{"self":[{"href":"https:\/\/www.europesays.com\/fr\/wp-json\/wp\/v2\/posts\/354683","targetHints":{"allow":["GET"]}}],"collection":[{"href":"https:\/\/www.europesays.com\/fr\/wp-json\/wp\/v2\/posts"}],"about":[{"href":"https:\/\/www.europesays.com\/fr\/wp-json\/wp\/v2\/types\/post"}],"author":[{"embeddable":true,"href":"https:\/\/www.europesays.com\/fr\/wp-json\/wp\/v2\/users\/2"}],"replies":[{"embeddable":true,"href":"https:\/\/www.europesays.com\/fr\/wp-json\/wp\/v2\/comments?post=354683"}],"version-history":[{"count":0,"href":"https:\/\/www.europesays.com\/fr\/wp-json\/wp\/v2\/posts\/354683\/revisions"}],"wp:featuredmedia":[{"embeddable":true,"href":"https:\/\/www.europesays.com\/fr\/wp-json\/wp\/v2\/media\/354684"}],"wp:attachment":[{"href":"https:\/\/www.europesays.com\/fr\/wp-json\/wp\/v2\/media?parent=354683"}],"wp:term":[{"taxonomy":"category","embeddable":true,"href":"https:\/\/www.europesays.com\/fr\/wp-json\/wp\/v2\/categories?post=354683"},{"taxonomy":"post_tag","embeddable":true,"href":"https:\/\/www.europesays.com\/fr\/wp-json\/wp\/v2\/tags?post=354683"}],"curies":[{"name":"wp","href":"https:\/\/api.w.org\/{rel}","templated":true}]}}