{"id":354687,"date":"2025-08-30T14:39:10","date_gmt":"2025-08-30T14:39:10","guid":{"rendered":"https:\/\/www.europesays.com\/fr\/354687\/"},"modified":"2025-08-30T14:39:10","modified_gmt":"2025-08-30T14:39:10","slug":"les-gens-ont-limpression-de-setre-fait-arnaquer","status":"publish","type":"post","link":"https:\/\/www.europesays.com\/fr\/354687\/","title":{"rendered":"\u00abLes gens ont l\u2019impression de s\u2019\u00eatre fait arnaquer\u00bb"},"content":{"rendered":"<p data-module=\"fig-standfirst\" data-context=\"@media (min-width:48em)\"><strong>R\u00c9CIT <\/strong>&#8211; Nombre d\u2019habitants ayant perdu leur logement dans les combats sont d\u00e9sormais les laiss\u00e9s-pour-compte du \u00abnouveau Marioupol\u00bb vant\u00e9 par Vladimir Poutine, alors que la reconstruction, \u00e0 peine commenc\u00e9e, tourne d\u00e9j\u00e0 au ralenti.<\/p>\n<p class=\"fig-paragraph fig-paragraph--dropped\">Un gamin joue devant une boutique Alionka, la c\u00e9l\u00e8bre marque de chocolat russe \u00e0 l\u2019\u00e9g\u00e9rie reconnaissable entre mille\u00a0: le visage poupin d\u2019une tr\u00e8s jeune fillette, v\u00eatu d\u2019un foulard \u00e0 fleurs. C\u00e9l\u00e8bre en Russie depuis l\u2019\u00e9poque sovi\u00e9tique, le visuel a \u00e9t\u00e9 appos\u00e9 en grand sur la devanture du magasin. Un signe parmi d\u2019autres de la mue russe de\u00a0<a href=\"http:\/\/www.lefigaro.fr\/international\/russie-un-veteran-du-siege-de-marioupol-tue-dans-une-explosion-moscou-n-exclut-pas-la-piste-d-un-assassinat-20250529\" data-fig-type=\"NewsFlash\" data-gtm-custom-categorie=\"navigation\" data-gtm-custom-action=\"crossclick\" data-gtm-custom-label=\"Contextuel\" data-gtm-event=\"customEventSPE\" data-fig-domain=\"LEFIGARO\" target=\"_blank\" rel=\"noopener\">Marioupol<\/a>, prise par les troupes de\u00a0<a href=\"http:\/\/www.lefigaro.fr\/international\/donald-trump-continue-a-travailler-pour-une-rencontre-entre-vladimir-poutine-et-volodymyr-zelensky-20250829\" data-fig-type=\"NewsFlash\" data-gtm-custom-categorie=\"navigation\" data-gtm-custom-action=\"crossclick\" data-gtm-custom-label=\"Contextuel\" data-gtm-event=\"customEventSPE\" data-fig-domain=\"LEFIGARO\" target=\"_blank\" rel=\"noopener\">Vladimir Poutine<\/a>\u00a0\u00e0 l\u2019Ukraine. C\u2019\u00e9tait en avril 2022, au prix d\u2019un d\u00e9luge de feu qui a ravag\u00e9 puis concass\u00e9 la ville pendant 85 jours de si\u00e8ge.<\/p>\n<p>Aucune trace toutefois de ces combats l\u00e0 o\u00f9 nous nous trouvons, en ce jour de printemps o\u00f9 le doux climat du sud ukrainien fait d\u00e9j\u00e0 des merveilles. Le nouveau \u00ab micro-quartier Nevski\u00a0\u00bb, construit dans une zone p\u00e9riph\u00e9rique de la ville, aligne d\u00e9sormais les immeubles d\u2019habitation tout neufs &#8211; au go\u00fbt esth\u00e9tique assez douteux, rappelant des \u00ab Tetris\u00a0\u00bb blancs et verts. C\u2019est l\u00e0 o\u00f9 a \u00e9t\u00e9 relog\u00e9e une partie de la population dont le logement a \u00e9t\u00e9 d\u00e9truit. Marina, une\u2026<\/p>\n<p class=\"fig-premium-paywall__infos\">\n        Cet article est r\u00e9serv\u00e9 aux abonn\u00e9s.        Il vous reste 94% \u00e0 d\u00e9couvrir.\n    <\/p>\n<p>                <img  data- alt=\"Le Figaro\" class=\"fig-img--complete fig-img\"\/><\/p>\n<p class=\"fig-premium-paywall__title\">Vente Flash<\/p>\n<p class=\"fig-premium-paywall__subtitle\">4,99\u20ac par mois pendant 12 mois. Sans engagement<\/p>\n<p class=\"fig-premium-paywall__connect\">\n                D\u00e9j\u00e0 abonn\u00e9\u00a0?                <a class=\"fig-premium-paywall__connect-link\" href=\"https:\/\/connect.lefigaro.fr\/login?client=horizon_web&amp;type=main&amp;redirect_uri=https%3A%2F%2Fwww.lefigaro.fr%2Finternational%2Fla-colere-monte-a-marioupol-cite-vitrine-du-kremlin-en-ukraine-les-gens-ont-l-impression-de-s-etre-fait-arnaquer-20250830\" data-js-gtm=\"{&quot;customCategorie&quot;: &quot;conversion&quot;, &quot;customAction&quot;: &quot;before_Landing_Connexion_paywall_auto&quot;, &quot;customLabel&quot;: &quot;bGVmaWdhcm8uZnJfXzFmMDg1N2I3LTMwNTctNmNmNC1iMmQxLTk1YWM0NjE5ZDM4N19fQXJ0aWNsZQ==_La col\u00e8re monte \u00e0 Marioupol, cit\u00e9-vitrine du Kremlin en Ukraine\u00a0: \u00abLes gens ont l\u2019impression de s\u2019\u00eatre fait arnaquer\u00bb_1000&quot;, &quot;customIDSPE&quot;: &quot;bGVmaWdhcm8uZnJfXzFmMDg1N2I3LTMwNTctNmNmNC1iMmQxLTk1YWM0NjE5ZDM4N19fQXJ0aWNsZQ==&quot;, &quot;event&quot;: &quot;customEventSPE&quot;}\" target=\"_blank\" rel=\"noopener\"><br \/>\n                    Connectez-vous<br \/>\n                <\/a>\n            <\/p>\n","protected":false},"excerpt":{"rendered":"R\u00c9CIT &#8211; Nombre d\u2019habitants ayant perdu leur logement dans les combats sont d\u00e9sormais les laiss\u00e9s-pour-compte du \u00abnouveau Marioupol\u00bb&hellip;\n","protected":false},"author":2,"featured_media":354688,"comment_status":"","ping_status":"","sticky":false,"template":"","format":"standard","meta":{"footnotes":""},"categories":[1591],"tags":[11,1887,3482,11251,12,1885,1886,132],"class_list":{"0":"post-354687","1":"post","2":"type-post","3":"status-publish","4":"format-standard","5":"has-post-thumbnail","7":"category-russie","8":"tag-actualites","9":"tag-federation-de-russie","10":"tag-guerre-russie-ukraine","11":"tag-marioupol","12":"tag-news","13":"tag-russia","14":"tag-russian-federation","15":"tag-russie"},"share_on_mastodon":{"url":"https:\/\/pubeurope.com\/@fr\/115118234922712862","error":""},"_links":{"self":[{"href":"https:\/\/www.europesays.com\/fr\/wp-json\/wp\/v2\/posts\/354687","targetHints":{"allow":["GET"]}}],"collection":[{"href":"https:\/\/www.europesays.com\/fr\/wp-json\/wp\/v2\/posts"}],"about":[{"href":"https:\/\/www.europesays.com\/fr\/wp-json\/wp\/v2\/types\/post"}],"author":[{"embeddable":true,"href":"https:\/\/www.europesays.com\/fr\/wp-json\/wp\/v2\/users\/2"}],"replies":[{"embeddable":true,"href":"https:\/\/www.europesays.com\/fr\/wp-json\/wp\/v2\/comments?post=354687"}],"version-history":[{"count":0,"href":"https:\/\/www.europesays.com\/fr\/wp-json\/wp\/v2\/posts\/354687\/revisions"}],"wp:featuredmedia":[{"embeddable":true,"href":"https:\/\/www.europesays.com\/fr\/wp-json\/wp\/v2\/media\/354688"}],"wp:attachment":[{"href":"https:\/\/www.europesays.com\/fr\/wp-json\/wp\/v2\/media?parent=354687"}],"wp:term":[{"taxonomy":"category","embeddable":true,"href":"https:\/\/www.europesays.com\/fr\/wp-json\/wp\/v2\/categories?post=354687"},{"taxonomy":"post_tag","embeddable":true,"href":"https:\/\/www.europesays.com\/fr\/wp-json\/wp\/v2\/tags?post=354687"}],"curies":[{"name":"wp","href":"https:\/\/api.w.org\/{rel}","templated":true}]}}