{"id":354689,"date":"2025-08-30T14:40:17","date_gmt":"2025-08-30T14:40:17","guid":{"rendered":"https:\/\/www.europesays.com\/fr\/354689\/"},"modified":"2025-08-30T14:40:17","modified_gmt":"2025-08-30T14:40:17","slug":"pourquoi-poutine-defie-le-delai-fixe-par-trump","status":"publish","type":"post","link":"https:\/\/www.europesays.com\/fr\/354689\/","title":{"rendered":"pourquoi Poutine d\u00e9fie le d\u00e9lai fix\u00e9 par Trump"},"content":{"rendered":"<p>Le 18\u00a0ao\u00fbt 2025, \u00e0 la Maison-Blanche. \u00c0 peine la r\u00e9union termin\u00e9e avec Donald Trump, Volodymyr Zelensky et plusieurs dirigeants europ\u00e9ens, le chancelier allemand Friedrich Merz d\u00e9voile le contenu d&rsquo;un \u00e9change confidentiel. Lors d&rsquo;un appel t\u00e9l\u00e9phonique avec Trump, Vladimir Poutine aurait accept\u00e9 le principe d&rsquo;une rencontre avec le pr\u00e9sident ukrainien \u00ab\u00a0dans les deux semaines \u00e0 venir\u00a0\u00bb. Un d\u00e9lai qui laissait esp\u00e9rer, au c\u0153ur de l&rsquo;\u00e9t\u00e9, une avanc\u00e9e rapide vers un possible face-\u00e0-face.<\/p>\n<p>Le 22\u00a0ao\u00fbt, Trump confirme publiquement cette fen\u00eatre temporelle en s&rsquo;adressant \u00e0 la presse am\u00e9ricaine\u00a0: \u00ab\u00a0Nous allons voir s&rsquo;ils tiennent ou non une rencontre, ce sera int\u00e9ressant \u00e0 observer. Et si elle n&rsquo;a pas lieu, pourquoi\u00a0? Parce que je leur ai dit d&rsquo;en tenir une. Mais je saurai dans deux semaines ce que je vais faire.\u00a0\u00bb Le pr\u00e9sident am\u00e9ricain prend le monde \u00e0 t\u00e9moin et pr\u00e9vient le ma\u00eetre du Kremlin\u00a0: il a jusqu&rsquo;\u00e0 la fin de l&rsquo;\u00e9t\u00e9 \u2013 le 5\u00a0septembre pour \u00eatre pr\u00e9cis \u2013 pour donner des signes d&rsquo;ouverture et accepter une rencontre, bilat\u00e9rale avec Zelensky ou trilat\u00e9rale en sa pr\u00e9sence.<\/p>\n<p>Du c\u00f4t\u00e9 russe, la premi\u00e8re r\u00e9action est mesur\u00e9e. Dmitri Peskov, porte-parole du Kremlin, d\u00e9clare\u00a0: \u00ab\u00a0On est pr\u00eat \u00e0 examiner une rencontre avec Zelensky si les conditions sont r\u00e9unies.\u00a0\u00bb Une phrase qui n&rsquo;exclut rien, mais n&rsquo;engage \u00e0 pas grand-chose non plus. La clarification arrive ensuite, plus brutale. Le 24\u00a0ao\u00fbt, Sergue\u00ef Lavrov choisit le plateau de l&rsquo;\u00e9mission am\u00e9ricaine Meet the Press pour envoyer balader tout espoir de rencontre rapide\u00a0: \u00ab\u00a0Poutine est pr\u00eat \u00e0 rencontrer Zelensky lorsque l&rsquo;ordre du jour sera pr\u00eat pour un sommet, et cet ordre du jour n&rsquo;est pas du tout pr\u00eat [\u2026].\u00a0\u00bb Le chef de la diplomatie russe en profite pour fustiger les \u00ab\u00a0d\u00e9lais artificiels\u00a0\u00bb fix\u00e9s par Washington\u00a0: \u00ab\u00a0Nous ne travaillons pas selon le calendrier \u00e9lectoral am\u00e9ricain. Si Washington veut fixer des d\u00e9lais artificiels, c&rsquo;est son affaire, mais cela n&rsquo;engage pas la Russie.\u00a0\u00bb<\/p>\n<p>La r\u00e9ponse est violente, et elle est compl\u00e9t\u00e9e de fa\u00e7on tragique ce jeudi 28\u00a0ao\u00fbt. Un bombardement frappe la capitale ukrainienne, Kiev, et tue quinze personnes, dont quatre enfants. Un raid aussi meurtrier qu&rsquo;insignifiant sur le plan militaire. L&rsquo;escalade prend une dimension encore plus provocatrice aux yeux des alli\u00e9s europ\u00e9ens de Kiev\u00a0: les frappes ont atteint des locaux de l&rsquo;Union europ\u00e9enne et du British Council. La cheffe de la diplomatie europ\u00e9enne, Kaja Kallas, annonce la convocation de l&rsquo;ambassadeur russe aupr\u00e8s de l&rsquo;UE.\u00a0Dans la foul\u00e9e, le chancelier allemand Friedrich Merz a r\u00e9agi en d\u00e9non\u00e7ant une attaque qui, selon lui, \u00ab\u00a0montre le vrai visage de la Russie\u00a0\u00bb.<\/p>\n<p>Trump veut imposer son calendrier, Moscou le d\u00e9fie<\/p>\n<p>Loin de montrer le moindre signe d&rsquo;apaisement dans cette p\u00e9riode de tractations, Moscou multiplie les bombardements contre les civils. \u00c0 l&rsquo;\u00c9lys\u00e9e, on ne se dit gu\u00e8re surpris par cette fr\u00e9n\u00e9sie et par le cynisme de Vladimir Poutine. Une source diplomatique r\u00e9sume\u00a0: \u00ab\u00a0Nous arrivons aujourd&rsquo;hui au terme du d\u00e9lai que le pr\u00e9sident Trump avait accept\u00e9 de donner \u00e0 Vladimir Poutine avant d&rsquo;acter une rencontre. Les Russes ne montrent plus d&rsquo;ouverture \u00e0 cette s\u00e9quence. Nous en tirerons \u00e9videmment les cons\u00e9quences, notamment en mati\u00e8re de sanctions contre la Russie, mais aussi dans le soutien \u00e0 l&rsquo;Ukraine.\u00a0\u00bb<\/p>\n<p>\n\u00c0 D\u00e9couvrir<br \/>\n<strong class=\"discover-kangourou__line\"><br \/>\n<img decoding=\"async\" class=\"discover-kangourou__img\" src=\"https:\/\/static.lpnt.fr\/static\/img\/kangourou\/kangourou_filled.svg\"\/><br \/>\n<strong class=\"discover-kangourou__txt\"><br \/>\n<strong>Le Kangourou du jour<\/strong><br \/>\n<a href=\"https:\/\/kangourou.lepoint.fr\" title=\"kangourou\" data-gtm-cta=\"kangourou_article\" class=\"discover-kangourou__lnk\" rel=\"nofollow noopener\" target=\"_blank\"><br \/>\nR\u00e9pondre<br \/>\n<\/a><br \/>\n<\/strong><br \/>\n<\/strong><br \/>\n\u00ab\u00a0La priorit\u00e9 de Trump est de r\u00e9tablir une relation fonctionnelle avec la Russie. L&rsquo;Ukraine est pour lui un obstacle dans cette relation. Mais il sait aussi qu&rsquo;aucun accord avec Moscou ne peut se faire sans solution sur l&rsquo;Ukraine\u00a0\u00bb, poursuit la m\u00eame source, qui esp\u00e8re que la patience am\u00e9ricaine face au Kremlin touchera bient\u00f4t \u00e0 sa fin.<\/p>\n<p>Ce n&rsquo;est pas la premi\u00e8re fois que le pr\u00e9sident des \u00c9tats-Unis tente d&rsquo;imposer son tempo, sans succ\u00e8s. Le 14\u00a0juillet 2025, il avait donn\u00e9 cinquante jours \u00e0 Poutine pour mettre fin au conflit, sous peine de sanctions renforc\u00e9es. Le 28\u00a0juillet, ce d\u00e9lai avait d\u00e9j\u00e0 \u00e9t\u00e9 ramen\u00e9 de fa\u00e7on abrupte \u00e0 \u00ab\u00a0dix ou douze jours\u00a0\u00bb. \u00c0 chaque fois, les ultimatums trumpiens sont rest\u00e9s sans r\u00e9ponse. En sera-t-il diff\u00e9remment avec l&rsquo;\u00e9ch\u00e9ance du 5\u00a0septembre\u00a0? Pour le pr\u00e9sident ukrainien Volodymyr Zelensky, la r\u00e9ponse para\u00eet d\u00e9sormais claire\u00a0: \u00ab\u00a0Moscou a choisi les missiles plut\u00f4t que la table de n\u00e9gociation.\u00a0\u00bb<\/p>\n<p>Toute l\u2019actualit\u00e9 \u00e0 1\u20ac le premier mois<\/p>\n<p><a href=\"https:\/\/abo.lepoint.fr\/?provenance=21EDI020098\" class=\"btn\" title=\"S&#039;abonner\" data-gtm=\"click:abo|display:abo\" data-campaign=\"paywall_maison\" rel=\"nofollow noopener\" target=\"_blank\">S&rsquo;abonner<\/a><\/p>\n<p>ou<\/p>\n","protected":false},"excerpt":{"rendered":"Le 18\u00a0ao\u00fbt 2025, \u00e0 la Maison-Blanche. \u00c0 peine la r\u00e9union termin\u00e9e avec Donald Trump, Volodymyr Zelensky et plusieurs&hellip;\n","protected":false},"author":2,"featured_media":354690,"comment_status":"","ping_status":"","sticky":false,"template":"","format":"standard","meta":{"footnotes":""},"categories":[1590],"tags":[11,1777,674,14,12,220],"class_list":{"0":"post-354689","1":"post","2":"type-post","3":"status-publish","4":"format-standard","5":"has-post-thumbnail","7":"category-ukraine","8":"tag-actualites","9":"tag-eu","10":"tag-europe","11":"tag-international","12":"tag-news","13":"tag-ukraine"},"share_on_mastodon":{"url":"https:\/\/pubeurope.com\/@fr\/115118239283451214","error":""},"_links":{"self":[{"href":"https:\/\/www.europesays.com\/fr\/wp-json\/wp\/v2\/posts\/354689","targetHints":{"allow":["GET"]}}],"collection":[{"href":"https:\/\/www.europesays.com\/fr\/wp-json\/wp\/v2\/posts"}],"about":[{"href":"https:\/\/www.europesays.com\/fr\/wp-json\/wp\/v2\/types\/post"}],"author":[{"embeddable":true,"href":"https:\/\/www.europesays.com\/fr\/wp-json\/wp\/v2\/users\/2"}],"replies":[{"embeddable":true,"href":"https:\/\/www.europesays.com\/fr\/wp-json\/wp\/v2\/comments?post=354689"}],"version-history":[{"count":0,"href":"https:\/\/www.europesays.com\/fr\/wp-json\/wp\/v2\/posts\/354689\/revisions"}],"wp:featuredmedia":[{"embeddable":true,"href":"https:\/\/www.europesays.com\/fr\/wp-json\/wp\/v2\/media\/354690"}],"wp:attachment":[{"href":"https:\/\/www.europesays.com\/fr\/wp-json\/wp\/v2\/media?parent=354689"}],"wp:term":[{"taxonomy":"category","embeddable":true,"href":"https:\/\/www.europesays.com\/fr\/wp-json\/wp\/v2\/categories?post=354689"},{"taxonomy":"post_tag","embeddable":true,"href":"https:\/\/www.europesays.com\/fr\/wp-json\/wp\/v2\/tags?post=354689"}],"curies":[{"name":"wp","href":"https:\/\/api.w.org\/{rel}","templated":true}]}}