{"id":354691,"date":"2025-08-30T14:41:10","date_gmt":"2025-08-30T14:41:10","guid":{"rendered":"https:\/\/www.europesays.com\/fr\/354691\/"},"modified":"2025-08-30T14:41:10","modified_gmt":"2025-08-30T14:41:10","slug":"les-etats-unis-refusent-lacces-a-leur-territoire-a-lautorite-palestinienne-avant-lassemblee-generale-de-lonu-liberation","status":"publish","type":"post","link":"https:\/\/www.europesays.com\/fr\/354691\/","title":{"rendered":"Les Etats-Unis refusent l\u2019acc\u00e8s \u00e0 leur territoire \u00e0 l\u2019Autorit\u00e9 palestinienne avant l\u2019Assembl\u00e9e g\u00e9n\u00e9rale de l\u2019ONU \u2013 Lib\u00e9ration"},"content":{"rendered":"<p class=\"sc-ksZaOG ehjQrN text-element\">Les Etats-Unis ont annonc\u00e9 vendredi refuser l\u2019octroi de visas \u00e0 des membres de l\u2019Autorit\u00e9 palestinienne avant l\u2019Assembl\u00e9e g\u00e9n\u00e9rale de l\u2019ONU pr\u00e9vue en septembre, o\u00f9 la France plaidera pour <a href=\"https:\/\/www.liberation.fr\/international\/moyen-orient\/macron-annonce-que-la-france-va-reconnaitre-letat-de-palestine-en-septembre-20250724_FHPQBFCBPRDYVB4S2YLJCEPWLM\/\" target=\"_blank\" rel=\"noreferrer nofollow noopener\" title=\"https:\/\/www.liberation.fr\/international\/moyen-orient\/macron-annonce-que-la-france-va-reconnaitre-letat-de-palestine-en-septembre-20250724_FHPQBFCBPRDYVB4S2YLJCEPWLM\/\">la reconnaissance d\u2019un Etat palestinien<\/a>. \u00abLe secr\u00e9taire d\u2019Etat Marco Rubio r\u00e9voque et refuse l\u2019octroi de visas pour les membres de l\u2019Organisation de lib\u00e9ration de la Palestine et de l\u2019Autorit\u00e9 palestinienne avant la prochaine Assembl\u00e9e g\u00e9n\u00e9rale des Nations unies\u00bb, a d\u00e9clar\u00e9 le d\u00e9partement d\u2019Etat dans un communiqu\u00e9.<\/p>\n<p class=\"sc-ksZaOG ehjQrN text-element\">Cette mesure extraordinaire rapproche encore plus l\u2019administration Trump du gouvernement isra\u00e9lien, qui rejette cat\u00e9goriquement l\u2019id\u00e9e d\u2019un Etat palestinien et cherche \u00e0 mettre sur le m\u00eame pied l\u2019Autorit\u00e9 palestinienne, bas\u00e9e en Cisjordanie, et le Hamas \u00e0 Gaza. \u00abL\u2019administration Trump a \u00e9t\u00e9 claire : il est dans l\u2019int\u00e9r\u00eat de notre s\u00e9curit\u00e9 nationale de tenir l\u2019Organisation de lib\u00e9ration de la Palestine et l\u2019Autorit\u00e9 palestinienne pour responsables de ne pas respecter leurs engagements et de compromettre les perspectives de paix\u00bb, peut-on lire dans le communiqu\u00e9.<\/p>\n<p class=\"sc-ksZaOG ehjQrN text-element\"><a href=\"https:\/\/www.liberation.fr\/international\/moyen-orient\/tout-le-monde-nous-a-oublies-pour-les-refugies-palestiniens-au-liban-mahmoud-abbas-ne-fait-plus-autorite-20250522_EJIE2AKVEJD4VEPJWQBG3WGTHE\/\" target=\"_blank\" rel=\"noreferrer nofollow noopener\" title=\"https:\/\/www.liberation.fr\/international\/moyen-orient\/tout-le-monde-nous-a-oublies-pour-les-refugies-palestiniens-au-liban-mahmoud-abbas-ne-fait-plus-autorite-20250522_EJIE2AKVEJD4VEPJWQBG3WGTHE\/\">L\u2019Autorit\u00e9 palestinienne<\/a> a en retour exprim\u00e9 \u00abson profond regret et son \u00e9tonnement\u00bb face \u00e0 cette d\u00e9cision qui est \u00aben contradiction avec le droit international\u00bb, et a appel\u00e9 Washington \u00e0 \u00abrevenir\u00bb dessus. Le porte-parole de l\u2019ONU, St\u00e9phane Dujarric, a d\u00e9clar\u00e9 de son c\u00f4t\u00e9 qu\u2019il \u00e9tait \u00abimportant\u00bb que tous les Etats et les observateurs permanents, y compris les Palestiniens, soient repr\u00e9sent\u00e9s lors d\u2019un sommet pr\u00e9vu la veille du d\u00e9but de l\u2019Assembl\u00e9e g\u00e9n\u00e9rale. \u00abNous esp\u00e9rons \u00e9videmment que cela sera r\u00e9solu.\u00bb<\/p>\n<p class=\"sc-ksZaOG ehjQrN text-element\">Ce samedi matin, le chef de la diplomatie fran\u00e7aise, Jean-No\u00ebl Barrot, a d\u00e9nonc\u00e9 la d\u00e9cision am\u00e9ricaine, affirmant que le si\u00e8ge de l\u2019ONU \u00e0 New York \u00abne saurait souffrir d\u2019aucune restriction d\u2019acc\u00e8s\u00bb. \u00abLe si\u00e8ge des Nations Unies est un lieu de neutralit\u00e9. C\u2019est un sanctuaire, au service de la paix\u00bb, a-t-il fustig\u00e9. Et plus tard dans la journ\u00e9e, c\u2019est pas la voix de sa cheffe de la diplomatie, Kaja Kallas, que l\u2019Union europ\u00e9enne s\u2019est exprim\u00e9e, au terme d\u2019une r\u00e9union des ministres des Affaires \u00e9trang\u00e8res des Vingt-Sept :  \u00abNous demandons tous instamment que cette d\u00e9cision soit reconsid\u00e9r\u00e9e, compte tenu du droit international.\u00bb<\/p>\n<p class=\"sc-ksZaOG ehjQrN text-element\">Le d\u00e9partement d\u2019Etat accuse les Palestiniens de se servir de la justice \u00e0 des fins ill\u00e9gitimes en se tournant vers la <a href=\"https:\/\/www.liberation.fr\/international\/amerique\/les-etats-unis-contre-la-cpi-lenjeu-est-de-savoir-si-la-cour-peut-continuer-a-bien-travailler-20250822_FP7RZWDM5RALLJEUP5U3YV5R2M\/\" target=\"_blank\" rel=\"noreferrer nofollow noopener\" title=\"https:\/\/www.liberation.fr\/international\/amerique\/les-etats-unis-contre-la-cpi-lenjeu-est-de-savoir-si-la-cour-peut-continuer-a-bien-travailler-20250822_FP7RZWDM5RALLJEUP5U3YV5R2M\/\">Cour p\u00e9nale internationale<\/a> (CPI) et la Cour internationale de justice (CIJ) pour r\u00e9soudre leurs contentieux avec Isra\u00ebl. L\u2019Autorit\u00e9 palestinienne doit mettre fin aux \u00abtentatives pour contourner les n\u00e9gociations \u00e0 travers des guerres judiciaires internationales\u00bb et aux \u00abefforts pour obtenir la reconnaissance unilat\u00e9rale d\u2019un Etat palestinien\u00bb, dit le texte.<\/p>\n<p class=\"sc-ksZaOG ehjQrN text-element\">Gideon Saar, le ministre isra\u00e9lien des Affaires \u00e9trang\u00e8res, a remerci\u00e9 l\u2019administration Trump sur X pour \u00abcette \u00e9tape courageuse\u00bb et pour \u00absoutenir Isra\u00ebl une nouvelle fois\u00bb.<\/p>\n<p class=\"sc-ksZaOG ehjQrN text-element\">Les Etats-Unis ne sont pas cens\u00e9s refuser des visas aux fonctionnaires se rendant \u00e0 l\u2019ONU, dont le si\u00e8ge est \u00e0 New York, en vertu d\u2019un accord que le d\u00e9partement d\u2019Etat assure respecter en autorisant la mission palestinienne aupr\u00e8s des Nations unies. Le d\u00e9partement d\u2019Etat n\u2019a pas pr\u00e9cis\u00e9 si la mesure annonc\u00e9e vendredi s\u2019appliquait \u00e0 tous les responsables palestiniens. Son porte-parole a d\u00e9clar\u00e9 que les Etats-Unis \u00abrestaient ouverts \u00e0 une reprise des contacts si l\u2019Autorit\u00e9 palestinienne et l\u2019Organisation de lib\u00e9ration de la Palestine prenaient des mesures concr\u00e8tes pour revenir \u00e0 une discussion constructive\u00bb.<\/p>\n<p class=\"sc-ksZaOG ehjQrN text-element\">Le pr\u00e9sident de l\u2019Autorit\u00e9 palestinienne, Mahmoud Abbas, doit participer \u00e0 la 80e Assembl\u00e9e g\u00e9n\u00e9rale de l\u2019ONU, qui se tiendra du 9 au 23 septembre, selon Riyad Mansour, ambassadeur palestinien aupr\u00e8s des Nations Unies. \u00abNous verrons ce que cela implique exactement et comment cela s\u2019applique \u00e0 nos d\u00e9l\u00e9gations, puis nous r\u00e9pondrons en cons\u00e9quence\u00bb, a dit Riyad Mansour \u00e0 la presse.<\/p>\n<p class=\"sc-ksZaOG ehjQrN text-element\">Fin juillet, Emmanuel Macron a annonc\u00e9 que la France allait reconna\u00eetre l\u2019Etat de Palestine \u00e0 l\u2019Assembl\u00e9e g\u00e9n\u00e9rale de l\u2019ONU. Dans la foul\u00e9e, plus d\u2019une dizaine de pays occidentaux ont appel\u00e9 d\u2019autres pays du monde \u00e0 faire de m\u00eame.<\/p>\n<p class=\"sc-ksZaOG ehjQrN text-element\"><b>Mise \u00e0 jour<\/b> \u00e0 16 h 01 avec la d\u00e9claration de Kaja Kallas.<\/p>\n","protected":false},"excerpt":{"rendered":"Les Etats-Unis ont annonc\u00e9 vendredi refuser l\u2019octroi de visas \u00e0 des membres de l\u2019Autorit\u00e9 palestinienne avant l\u2019Assembl\u00e9e g\u00e9n\u00e9rale&hellip;\n","protected":false},"author":2,"featured_media":354692,"comment_status":"","ping_status":"","sticky":false,"template":"","format":"standard","meta":{"footnotes":""},"categories":[1589],"tags":[11,41656,73,1866,3522,12,3521,1864,1865,1863,308],"class_list":{"0":"post-354691","1":"post","2":"type-post","3":"status-publish","4":"format-standard","5":"has-post-thumbnail","7":"category-etats-unis","8":"tag-actualites","9":"tag-autorite-palestinienne","10":"tag-etats-unis","11":"tag-etats-unis-damerique","12":"tag-guerre-hamas-israel","13":"tag-news","14":"tag-onu","15":"tag-united-states","16":"tag-united-states-of-america","17":"tag-us","18":"tag-usa"},"share_on_mastodon":{"url":"https:\/\/pubeurope.com\/@fr\/115118243013773357","error":""},"_links":{"self":[{"href":"https:\/\/www.europesays.com\/fr\/wp-json\/wp\/v2\/posts\/354691","targetHints":{"allow":["GET"]}}],"collection":[{"href":"https:\/\/www.europesays.com\/fr\/wp-json\/wp\/v2\/posts"}],"about":[{"href":"https:\/\/www.europesays.com\/fr\/wp-json\/wp\/v2\/types\/post"}],"author":[{"embeddable":true,"href":"https:\/\/www.europesays.com\/fr\/wp-json\/wp\/v2\/users\/2"}],"replies":[{"embeddable":true,"href":"https:\/\/www.europesays.com\/fr\/wp-json\/wp\/v2\/comments?post=354691"}],"version-history":[{"count":0,"href":"https:\/\/www.europesays.com\/fr\/wp-json\/wp\/v2\/posts\/354691\/revisions"}],"wp:featuredmedia":[{"embeddable":true,"href":"https:\/\/www.europesays.com\/fr\/wp-json\/wp\/v2\/media\/354692"}],"wp:attachment":[{"href":"https:\/\/www.europesays.com\/fr\/wp-json\/wp\/v2\/media?parent=354691"}],"wp:term":[{"taxonomy":"category","embeddable":true,"href":"https:\/\/www.europesays.com\/fr\/wp-json\/wp\/v2\/categories?post=354691"},{"taxonomy":"post_tag","embeddable":true,"href":"https:\/\/www.europesays.com\/fr\/wp-json\/wp\/v2\/tags?post=354691"}],"curies":[{"name":"wp","href":"https:\/\/api.w.org\/{rel}","templated":true}]}}