{"id":354693,"date":"2025-08-30T14:42:10","date_gmt":"2025-08-30T14:42:10","guid":{"rendered":"https:\/\/www.europesays.com\/fr\/354693\/"},"modified":"2025-08-30T14:42:10","modified_gmt":"2025-08-30T14:42:10","slug":"un-livre-sur-elizabeth-ii-et-le-brexit-secoue-le-royaume-uni","status":"publish","type":"post","link":"https:\/\/www.europesays.com\/fr\/354693\/","title":{"rendered":"Un livre sur Elizabeth II et le Brexit secoue le Royaume-Uni"},"content":{"rendered":"<p>\u00ab\u00a0Il vaut mieux le diable que l&rsquo;on conna\u00eet\u00a0\u00bb\u00a0: <a class=\"Link\" href=\"https:\/\/www.lepoint.fr\/tags\/elisabeth-ii\" data-gtm=\"click:capsule\" data-capsule=\"Lien\" target=\"_blank\" rel=\"noopener\">Elizabeth II<\/a> aurait fait sienne le fameux adage pour soutenir le maintien du <a class=\"Link\" href=\"https:\/\/www.lepoint.fr\/tags\/royaume-uni\" data-gtm=\"click:capsule\" data-capsule=\"Lien\" target=\"_blank\" rel=\"noopener\">Royaume-Uni<\/a> dans l&rsquo;Union europ\u00e9enne au cours du r\u00e9f\u00e9rendum du 23\u00a0juin 2016. Dans son livre, Power and the Palace, Valentin Low affirme\u00a0que l&rsquo;ancienne souveraine \u00e9tait une \u00ab\u00a0remainer\u00a0\u00bb par pur r\u00e9alisme, \u00ab\u00a0m\u00eame si elle trouvait certaines directives communautaires ridicules\u00a0\u00bb. La conclusion de celui qui fut pendant quinze ans le chroniqueur royal du Times est sans ambages\u00a0: si elle avait pu voter, Sa Majest\u00e9 aurait choisi le camp de l&rsquo;appartenance \u00e0 l&rsquo;UE.<\/p>\n<p>\u00c0 l&rsquo;appui de sa th\u00e8se, Low, qui \u00e9tait l&rsquo;un des journalistes accr\u00e9dit\u00e9s au Palais parmi les mieux inform\u00e9s, cite un ministre et plusieurs hauts dignitaires sous couvert d&rsquo;anonymat. Pourquoi changer ce qui marche\u00a0? Tel&#8230;<\/p>\n<p>Toute l\u2019actualit\u00e9 \u00e0 1\u20ac le premier mois<\/p>\n<p><a href=\"https:\/\/abo.lepoint.fr\/?provenance=21EDI020098\" class=\"btn\" title=\"S&#039;abonner\" data-gtm=\"click:abo|display:abo\" data-campaign=\"paywall_maison\" target=\"_blank\" rel=\"noopener\">S&rsquo;abonner<\/a><\/p>\n<p>ou<\/p>\n","protected":false},"excerpt":{"rendered":"\u00ab\u00a0Il vaut mieux le diable que l&rsquo;on conna\u00eet\u00a0\u00bb\u00a0: Elizabeth II aurait fait sienne le fameux adage pour soutenir&hellip;\n","protected":false},"author":2,"featured_media":354694,"comment_status":"","ping_status":"","sticky":false,"template":"","format":"standard","meta":{"footnotes":""},"categories":[1588],"tags":[11,1353,20075,1777,674,545,12,473,1853,1851,1850,1852],"class_list":{"0":"post-354693","1":"post","2":"type-post","3":"status-publish","4":"format-standard","5":"has-post-thumbnail","7":"category-royaume-uni","8":"tag-actualites","9":"tag-brexit","10":"tag-elizabeth-ii","11":"tag-eu","12":"tag-europe","13":"tag-famille-royale-britannique","14":"tag-news","15":"tag-royaume-uni","16":"tag-royaume-uni-de-grande-bretagne-et-dirlande-du-nord","17":"tag-uk","18":"tag-united-kingdom","19":"tag-united-kingdom-of-great-britain-and-northern-ireland"},"share_on_mastodon":{"url":"https:\/\/pubeurope.com\/@fr\/115118246751081605","error":""},"_links":{"self":[{"href":"https:\/\/www.europesays.com\/fr\/wp-json\/wp\/v2\/posts\/354693","targetHints":{"allow":["GET"]}}],"collection":[{"href":"https:\/\/www.europesays.com\/fr\/wp-json\/wp\/v2\/posts"}],"about":[{"href":"https:\/\/www.europesays.com\/fr\/wp-json\/wp\/v2\/types\/post"}],"author":[{"embeddable":true,"href":"https:\/\/www.europesays.com\/fr\/wp-json\/wp\/v2\/users\/2"}],"replies":[{"embeddable":true,"href":"https:\/\/www.europesays.com\/fr\/wp-json\/wp\/v2\/comments?post=354693"}],"version-history":[{"count":0,"href":"https:\/\/www.europesays.com\/fr\/wp-json\/wp\/v2\/posts\/354693\/revisions"}],"wp:featuredmedia":[{"embeddable":true,"href":"https:\/\/www.europesays.com\/fr\/wp-json\/wp\/v2\/media\/354694"}],"wp:attachment":[{"href":"https:\/\/www.europesays.com\/fr\/wp-json\/wp\/v2\/media?parent=354693"}],"wp:term":[{"taxonomy":"category","embeddable":true,"href":"https:\/\/www.europesays.com\/fr\/wp-json\/wp\/v2\/categories?post=354693"},{"taxonomy":"post_tag","embeddable":true,"href":"https:\/\/www.europesays.com\/fr\/wp-json\/wp\/v2\/tags?post=354693"}],"curies":[{"name":"wp","href":"https:\/\/api.w.org\/{rel}","templated":true}]}}