{"id":354703,"date":"2025-08-30T14:46:11","date_gmt":"2025-08-30T14:46:11","guid":{"rendered":"https:\/\/www.europesays.com\/fr\/354703\/"},"modified":"2025-08-30T14:46:11","modified_gmt":"2025-08-30T14:46:11","slug":"mercato-grand-espoir-belge-du-rb-leipzig-arthur-vermeeren-arrive-a-lom-en-pret-lequipe","status":"publish","type":"post","link":"https:\/\/www.europesays.com\/fr\/354703\/","title":{"rendered":"Mercato : grand espoir belge du RB Leipzig, Arthur Vermeeren arrive \u00e0 l&#039;OM en pr\u00eat &#8211; L&#039;\u00c9quipe"},"content":{"rendered":"<ol>\n<li><a href=\"https:\/\/news.google.com\/rss\/articles\/CBMiygFBVV95cUxPejdlTEdBckN2eFlCTFBnR1R3VzNpcFFIYjJGOHdDbjJ6bGY1OUt2djR3el9qSGZ5ZFNyMjdIQnU3N29MLTAtT05HdnJlMFJfbUpWTTVyenQ5eXNnNWlFLTRMMjl2cFR0WDBGV29oM3VWekNQM1FEYUNPV0hSX0JVbnpZYjJ2ZHR3MzNlekM3eEFJRmMwcWk2UVhuUGlzaVpsNmYtUTJSV3g5NHZIQXN2S291Y1dnUURYeldKQVk1dkRJOHpEUkx1MlFB?oc=5\" target=\"_blank\" rel=\"nofollow noopener\">Mercato : grand espoir belge du RB Leipzig, Arthur Vermeeren arrive \u00e0 l&rsquo;OM en pr\u00eat<\/a>&nbsp;&nbsp;L&rsquo;\u00c9quipe<\/li>\n<li><a href=\"https:\/\/news.google.com\/rss\/articles\/CBMiigFBVV95cUxQQ25XclRKU1dqMUZDVVRuRnhrVmpKeC1RVVhNaUhkX29SeEk0a3duTWNNeG9xWDdsNVdna1BSUjRNTkhxVnh3TW9kaHBvSWRjWGRuVmVvcVp1My1MOWs3Nk1DOEtOR1VtZ2gyZDNudFVZamFOZjBZeVBiUlhrWkNuZm55Yk81Ul9BTmc?oc=5\" target=\"_blank\" rel=\"nofollow noopener\">OM : la piste Jo\u00ebl Ordo\u00f1ez referm\u00e9e<\/a>&nbsp;&nbsp;Foot Mercato<\/li>\n<li><a href=\"https:\/\/news.google.com\/rss\/articles\/CBMiuAFBVV95cUxPMXg5dEVSR3ZWOWFRdENQbzV5RVNlU3FaRnBRalAyWmlzWE5BSVpxZHNYaFBkSmZiMjBQc240MEstRjZMNzJBeUd1YjRXZGlaUnNzdm5Dd3RUbnlJT25VY0ZTd0RoMHZsaWVqT3RZb3RVd1UxRlUtZHRjZWNyQkpiVGxBa3J5dEtzRkdnWWtEbXhEdzRad2VBRTBFUWcxamx0a2pfQl9ZY2ZaN25aOWtGcWprS0JCT2VY?oc=5\" target=\"_blank\" rel=\"nofollow noopener\">Mercato OM : Arthur Vermeeren attendu ce samedi soir \u00e0 Marseille<\/a>&nbsp;&nbsp;La Provence<\/li>\n<li><a href=\"https:\/\/news.google.com\/rss\/articles\/CBMigwFBVV95cUxQWlNPRHVzbUkwSmtZNFc1N1BmcnBaV01ES3ZCQTN4djBjdlYzVWFGRktXX0oyT2tKdGN4Qm9xV0Q3QkVIT05lVXViVDJsMnN6N0JDWnM0TDd3MllvTHJJTDVMZGhzTWZ4R3ktYWhBNmRsVUR5RGtWN1Y3TDZSREoxY3IzWdIBggFBVV95cUxPQ1JzaEl6ZXlmTGNtNVR2cjZuU0tvRW85enJwMEpkQjIwZWxHSTZVVWVhd0pOSkZiRXpRcjRLdFhBLUdWcjVXMDUxVHNQeUtCRzVOYUp0bHZvZ0htdDZIanBvRWlOMEdNaEppNFlpUDUxY1FYS0ZnZ1pmQXJIUEJYdXFn?oc=5\" target=\"_blank\" rel=\"nofollow noopener\">OM : Geertruida, le plan B pour Ord\u00f3\u00f1ez ?<\/a>&nbsp;&nbsp;Maxifoot<\/li>\n<li><a href=\"https:\/\/news.google.com\/rss\/articles\/CBMiuwFBVV95cUxNUlRQN2hNWlF6Qkk5eE5aR1ZFRjNMeXR3ZUNxRUtYenNTSmlEWW04ZF9qY0tEcy1yWnlhN1pOMjZ4STVMNUYtM1NncU5IUzZrX3JiSDNzdEg4S2RmZTBoZkI5Q2NRaGZTUGtXX1c5UWl6aml3cG81THpCcUJJcnYyczZaRF9od2V2OWkxTHV6SEdLWTFkMGp4allDS2h0ZF82NnRzM000WHduUmZDSUlhQ1ZvVzdIZDFBZnpj?oc=5\" target=\"_blank\" rel=\"nofollow noopener\">Mercato OM &#8211; Marseille discute avec Leipzig pour un transfert en d\u00e9fense<\/a>&nbsp;&nbsp;Le Phoc\u00e9en<\/li>\n<\/ol>\n","protected":false},"excerpt":{"rendered":"Mercato : grand espoir belge du RB Leipzig, Arthur Vermeeren arrive \u00e0 l&rsquo;OM en pr\u00eat&nbsp;&nbsp;L&rsquo;\u00c9quipe OM : la&hellip;\n","protected":false},"author":2,"featured_media":354704,"comment_status":"","ping_status":"","sticky":false,"template":"","format":"standard","meta":{"footnotes":""},"categories":[2],"tags":[11,1011,27,12,25],"class_list":{"0":"post-354703","1":"post","2":"type-post","3":"status-publish","4":"format-standard","5":"has-post-thumbnail","7":"category-actualites","8":"tag-actualites","9":"tag-fr","10":"tag-france","11":"tag-news","12":"tag-republique-francaise"},"share_on_mastodon":{"url":"https:\/\/pubeurope.com\/@fr\/115118262380272948","error":""},"_links":{"self":[{"href":"https:\/\/www.europesays.com\/fr\/wp-json\/wp\/v2\/posts\/354703","targetHints":{"allow":["GET"]}}],"collection":[{"href":"https:\/\/www.europesays.com\/fr\/wp-json\/wp\/v2\/posts"}],"about":[{"href":"https:\/\/www.europesays.com\/fr\/wp-json\/wp\/v2\/types\/post"}],"author":[{"embeddable":true,"href":"https:\/\/www.europesays.com\/fr\/wp-json\/wp\/v2\/users\/2"}],"replies":[{"embeddable":true,"href":"https:\/\/www.europesays.com\/fr\/wp-json\/wp\/v2\/comments?post=354703"}],"version-history":[{"count":0,"href":"https:\/\/www.europesays.com\/fr\/wp-json\/wp\/v2\/posts\/354703\/revisions"}],"wp:featuredmedia":[{"embeddable":true,"href":"https:\/\/www.europesays.com\/fr\/wp-json\/wp\/v2\/media\/354704"}],"wp:attachment":[{"href":"https:\/\/www.europesays.com\/fr\/wp-json\/wp\/v2\/media?parent=354703"}],"wp:term":[{"taxonomy":"category","embeddable":true,"href":"https:\/\/www.europesays.com\/fr\/wp-json\/wp\/v2\/categories?post=354703"},{"taxonomy":"post_tag","embeddable":true,"href":"https:\/\/www.europesays.com\/fr\/wp-json\/wp\/v2\/tags?post=354703"}],"curies":[{"name":"wp","href":"https:\/\/api.w.org\/{rel}","templated":true}]}}