{"id":354707,"date":"2025-08-30T14:53:09","date_gmt":"2025-08-30T14:53:09","guid":{"rendered":"https:\/\/www.europesays.com\/fr\/354707\/"},"modified":"2025-08-30T14:53:09","modified_gmt":"2025-08-30T14:53:09","slug":"direct-france-slovenie-suivez-le-match","status":"publish","type":"post","link":"https:\/\/www.europesays.com\/fr\/354707\/","title":{"rendered":"DIRECT. France &#8211; Slov\u00e9nie\u00a0: suivez le match"},"content":{"rendered":"<p><a name=\"post1756565400\"\/>16:50 &#8211; Le classement du groupe D<\/p>\n<p>Voici le classement du groupe D apr\u00e8s la premi\u00e8re journ\u00e9e :\u00a0<\/p>\n<ol>&#13;<\/p>\n<li>France, 2 pts (+28)<\/li>\n<p>&#13;<\/p>\n<li>Isra\u00ebl, 2 pts (+12)<\/li>\n<p>&#13;<\/p>\n<li>Pologne, 2 pts (+10)<\/li>\n<p>&#13;<\/p>\n<li>Slov\u00e9nie, 1 pt (-10)<\/li>\n<p>&#13;<\/p>\n<li>Islande, 1 pt (-12)<\/li>\n<p>&#13;<\/p>\n<li>Belgique, 1 pt (-28)<\/li>\n<p>&#13;\n<\/ol>\n<p><a name=\"post1756565100\"\/>16:45 &#8211; Fauthoux : \u00ab\u00a0Ils connaissent bien leur basket\u00a0\u00bb<\/p>\n<p>S\u00e9lectionneur des Bleus, Fr\u00e9d\u00e9ric Fauthoux a mis en valeur\u00a0les qualit\u00e9s de l&rsquo;effectif slov\u00e8ne, articul\u00e9\u00a0autour de sa star : \u00ab\u00a0C&rsquo;est une \u00e9quipe qui a l&rsquo;habitude de jouer ensemble, avec des gars exp\u00e9riment\u00e9s, qui connaissent tr\u00e8s bien leur basket, port\u00e9s sur l&rsquo;attaque mais qui encaissent beaucoup de points. Autour de Luka Doncic, ils savent tr\u00e8s bien exploiter les espaces qu&rsquo;il cr\u00e9e\u00a0\u00bb.<\/p>\n<p><a name=\"post1756564800\"\/>16:40 &#8211; Deux strat\u00e9gies diff\u00e9rentes<\/p>\n<p>Face \u00e0 la Slov\u00e9nie qui devrait disputer la grande majorit\u00e9 de la rencontre avec son cinq titulaire, la densit\u00e9 du groupe France est une arme, comme l&rsquo;a soulign\u00e9 \u00c9lie Okobo :\u00a0\u00ab\u00a0Notre objectif \u00e0 chaque fois c&rsquo;est d&rsquo;\u00e9puiser nos adversaires pour qu&rsquo;ils fassent des erreurs et avoir des paniers faciles\u00a0\u00bb.\u00a0<\/p>\n<p><a name=\"post1756564500\"\/>16:35 &#8211; Les Bleus \u00e0 l&rsquo;\u00e9chauffement<\/p>\n<p>Vivez l&rsquo;\u00e9chauffement de Bilal Coulibaly et des Bleus comme si vous y \u00e9tiez.<\/p>\n<p><a name=\"post1756564200\"\/>16:30 &#8211; Sur quelle cha\u00eene regarder France &#8211; Slov\u00e9nie ?<\/p>\n<p>D\u00e9tenteur des droits TV de l&rsquo;<a href=\"https:\/\/www.linternaute.com\/sport\/basket\/8603835-eurobasket-masculin-2025-groupes-et-le-calendrier-des-bleus\/\" title=\"Euro basket\" rel=\"nofollow noopener\" target=\"_blank\">EuroBasket<\/a> 2025,\u00a0<strong>BeIN Sports 3<\/strong>\u00a0diffusera l&rsquo;affiche entre les Bleus et les Slov\u00e8nes. Le match sera \u00e9galement retransmis en clair sur\u00a0<strong>TMC<\/strong>.<\/p>\n<p><a name=\"post1756563900\"\/>16:25 &#8211; \u00ab\u00a0Lui rendre la vie le plus difficile\u00a0\u00bb<\/p>\n<p>Si Luka Doncic est la principale arme offensive slov\u00e8ne, les Bleus ont d\u00e9j\u00e0 d\u00e9voil\u00e9 leur plan d&rsquo;action pour limiter l&rsquo;impact du Slov\u00e8ne : \u00ab\u00a0On va se baser sur nos forces. 12\u00a0joueurs qui peuvent jouer. Plusieurs joueurs pourront se relayer sur lui pour lui rendre la vie le plus difficile\u00a0\u00bb, a d\u00e9clar\u00e9 Zaccharie Risacher.\u00a0<\/p>\n<p><a name=\"post1756563600\"\/>16:20 &#8211; Acte 4<\/p>\n<p>Ce samedi,\u00a0ce sera le quatri\u00e8me fois que les basketteurs tricolores trouvent la star Luka Doncic sur leur chemin.\u00a0En 2017, le jeune prodige avait sign\u00e9 15\u00a0points et 9\u00a0rebonds lors d&rsquo;une victoire de son pays en phase de poules, signant les d\u00e9buts d&rsquo;un parcours inattendu jusqu&rsquo;au\u00a0titre de champion d&rsquo;Europe. Deux ans plus tard, \u00e0 Tokyo, un contre l\u00e9gendaire de Nicolas Batum avait propuls\u00e9 la France en finale olympique malgr\u00e9 le triple-double du meneur\u00a0(16\u00a0points, 10\u00a0rebonds, 18\u00a0passes d\u00e9cisives). Enfin, le Slov\u00e8ne avait sign\u00e9 une ligne de statistiques historique lors de la derni\u00e8re confrontation.\u00a0Lors de\u00a0l&rsquo;EuroBasket 2022, l&rsquo;idole de tout un pays avait inscrit\u00a047\u00a0points \u00e0 15\/23\u00a0!<\/p>\n<p><a name=\"post1756563300\"\/>16:15 &#8211; Un bilan favorable<\/p>\n<p>Dans l&rsquo;histoire, la France et la Slov\u00e9nie se sont affront\u00e9s \u00e0 19 reprises. Pour le moment, le bilan est favorable pour les Bleus : 13 victoires pour 6 d\u00e9faites.\u00a0<\/p>\n<p><a name=\"post1756563000\"\/>16:10 &#8211; Le groupe des 12 joueurs<\/p>\n<p>En attendant l&rsquo;identit\u00e9 du cinq majeur des Bleus, voici le groupe des 12 joueurs tricolores pour d\u00e9fier la Slov\u00e9nie.\u00a0<\/p>\n<p><a name=\"post1756562700\"\/>16:05 &#8211; Des d\u00e9buts r\u00e9ussis<\/p>\n<p>Deuxi\u00e8me match au programme dans cet EuroBasket 2025 pour les Bleus. Pour leurs d\u00e9buts, les Fran\u00e7ais ont tr\u00e8s facilement dispos\u00e9 des voisins belges (92-64). De leur c\u00f4t\u00e9, les\u00a0Slov\u00e8nes sont tomb\u00e9s face aux locaux polonais (95-105).<\/p>\n<p><a name=\"post1756562400\"\/>16:00 &#8211; H &#8211; 1 ! <\/p>\n<p>Bonjour \u00e0 toutes et \u00e0 tous ! Bienvenue sur le live de France &#8211; Slov\u00e9nie, affiche de la deuxi\u00e8me journ\u00e9e de l&rsquo;EuroBasket 2025. Coup d&rsquo;envoi \u00e0 17h.<\/p>\n","protected":false},"excerpt":{"rendered":"16:50 &#8211; Le classement du groupe D Voici le classement du groupe D apr\u00e8s la premi\u00e8re journ\u00e9e :\u00a0&hellip;\n","protected":false},"author":2,"featured_media":354708,"comment_status":"","ping_status":"","sticky":false,"template":"","format":"standard","meta":{"footnotes":""},"categories":[4],"tags":[11,1011,27,12,25],"class_list":{"0":"post-354707","1":"post","2":"type-post","3":"status-publish","4":"format-standard","5":"has-post-thumbnail","7":"category-france","8":"tag-actualites","9":"tag-fr","10":"tag-france","11":"tag-news","12":"tag-republique-francaise"},"share_on_mastodon":{"url":"https:\/\/pubeurope.com\/@fr\/115118289946664300","error":""},"_links":{"self":[{"href":"https:\/\/www.europesays.com\/fr\/wp-json\/wp\/v2\/posts\/354707","targetHints":{"allow":["GET"]}}],"collection":[{"href":"https:\/\/www.europesays.com\/fr\/wp-json\/wp\/v2\/posts"}],"about":[{"href":"https:\/\/www.europesays.com\/fr\/wp-json\/wp\/v2\/types\/post"}],"author":[{"embeddable":true,"href":"https:\/\/www.europesays.com\/fr\/wp-json\/wp\/v2\/users\/2"}],"replies":[{"embeddable":true,"href":"https:\/\/www.europesays.com\/fr\/wp-json\/wp\/v2\/comments?post=354707"}],"version-history":[{"count":0,"href":"https:\/\/www.europesays.com\/fr\/wp-json\/wp\/v2\/posts\/354707\/revisions"}],"wp:featuredmedia":[{"embeddable":true,"href":"https:\/\/www.europesays.com\/fr\/wp-json\/wp\/v2\/media\/354708"}],"wp:attachment":[{"href":"https:\/\/www.europesays.com\/fr\/wp-json\/wp\/v2\/media?parent=354707"}],"wp:term":[{"taxonomy":"category","embeddable":true,"href":"https:\/\/www.europesays.com\/fr\/wp-json\/wp\/v2\/categories?post=354707"},{"taxonomy":"post_tag","embeddable":true,"href":"https:\/\/www.europesays.com\/fr\/wp-json\/wp\/v2\/tags?post=354707"}],"curies":[{"name":"wp","href":"https:\/\/api.w.org\/{rel}","templated":true}]}}