{"id":354709,"date":"2025-08-30T14:54:09","date_gmt":"2025-08-30T14:54:09","guid":{"rendered":"https:\/\/www.europesays.com\/fr\/354709\/"},"modified":"2025-08-30T14:54:09","modified_gmt":"2025-08-30T14:54:09","slug":"adrien-saddier-garde-la-main-a-lomega-european-masters-sept-autres-francais-passent-le-cut-lequipe","status":"publish","type":"post","link":"https:\/\/www.europesays.com\/fr\/354709\/","title":{"rendered":"Adrien Saddier garde la main \u00e0 l&#039;Omega European Masters, sept autres Fran\u00e7ais passent le cut &#8211; L&#039;\u00c9quipe"},"content":{"rendered":"<ol>\n<li><a href=\"https:\/\/news.google.com\/rss\/articles\/CBMi1AFBVV95cUxOR0s0Y2ZnZzJQRU1hdW8tYWktUzlNcDdsdTFuUFppandfeEhGNlhtSk1BREV1aVQyX2dsVUlVZF9rdzFKNkhuOVAxaXdHdFpuVmZxdURlQ3JnSzUwZ2lrN0VqbE45ZFZHb3hGR0JUaW91czVXNU5faE9tMUFqbmw5aDZ0RkdWb1RpTDdsdEtBcVVoNzJLWGFET21QVV9od1RJYVl0cVZSeExqQXdmRnhDb0R4dzMyU0sxVjBVNzlMeHlacTNKSm9LYVRUOFpIV3diN2xZRw?oc=5\" target=\"_blank\" rel=\"nofollow noopener\">Adrien Saddier garde la main \u00e0 l&rsquo;Omega European Masters, sept autres Fran\u00e7ais passent le cut<\/a>&nbsp;&nbsp;L&rsquo;\u00c9quipe<\/li>\n<li><a href=\"https:\/\/news.google.com\/rss\/articles\/CBMikgJBVV95cUxQS0hmS2MtZkdhSkNlc2hKRXYxUmlXT0lmZUpsdFhqbEZrNGl2Wk1OaFgzczBEZFZnQ0ZWd1g0VXJfQVhEMVNuRzNNMHU2TDl3VG9mbTZaeHFXTlMta1R2d1NRdjNmQVZHWEZMUVFDZzFtTjlsenRMVDBfeUplOHY3cWRpOElNWUwxa0I1b0t4bFFzRk1NQ05QU1Yta3pVRFVQWmlUbDNtSWoyMUNBQ1RxdGVXNDZONGJmWkgtaWNsT1BlbG1zam1jbEYzWlFwMmE3aW9Mb281SG5pZHN2NENpNDdIb3kwYnJpcVNpLWRNUHZxZk9WX1hTUDVTR2NKMW5JVldfSTR4c3VpNHFJWnpITi13?oc=5\" target=\"_blank\" rel=\"nofollow noopener\">Golf. DPW Tour &#8211; European Masters: Le 2e tour de European Masters est achev\u00e9, Saddier reste en t\u00eate<\/a>&nbsp;&nbsp;Ouest-France<\/li>\n<li><a href=\"https:\/\/news.google.com\/rss\/articles\/CBMi0gFBVV95cUxQOEZMdlFrZ3JaWkpSZ1hRZ3VYdU9VY1VpX2pmd0RMcnRObnl0OFg2WmFlaXRYQUtIdHZGMnVscDltcGRhYldjblBDT1hrODM1TU9rU0VhbFFFZG1nazVNek1Mb3NBdmRTSGg3bm5tMTd4cVA0ajJWWjNELWpCU3VHWkMxUkpPZ1d4cXRLVzlrNUpGSWVSM0VDQ3RkVGxCSnBwZjRteUw5MmFTb09val9maXBnQ3pndzVPWE5DWENGSWtpMll4NTlJd1FQaVBRVV9mUVE?oc=5\" target=\"_blank\" rel=\"nofollow noopener\">Kleu bon 5e, un Fran\u00e7ais m\u00e8ne<\/a>&nbsp;&nbsp;rts.ch<\/li>\n<li><a href=\"https:\/\/news.google.com\/rss\/articles\/CBMihwFBVV95cUxNcEFkOHdQeFFQdmNNQ0tEMGZXQzAtblZlR1M4eFo5Z0pmMG9hRXVCdTVhbWVwQm81U1VWY0ZYUzZ6MXY0eVZDTUpFdVAyTklCV000ZFhEQjJtcXZhNERTelduM2RuclRPV1hfekt2S0dIcV9vTU8yMjNiNVI3ODNjWUcwek9UUU0?oc=5\" target=\"_blank\" rel=\"nofollow noopener\">Adrien Saddier tient t\u00eate \u00e0 Matt Wallace<\/a>&nbsp;&nbsp;Golf Plan\u00e8te<\/li>\n<li><a href=\"https:\/\/news.google.com\/rss\/articles\/CBMiqAFBVV95cUxPZm5FYlQ1YXZvUkJiMWxPcm1mbktDVnhjVUlQNmItaUlrMEdFT2t6eEFLS0xOS2l2STNQRWVOcWxaaEtTaXp4alo4S2xNNDBib1U3Mk1LbDJYUnhueWNXdkhJcm5TdkFjN2ZBVWhlN0RFVURQT0k5STJLdWFEaXZocFJqUU9RZi1jSUNzNUdqNGlBX21jbU4tWW9rX0hmWDNyVVV6dEljTko?oc=5\" target=\"_blank\" rel=\"nofollow noopener\">Omega European Masters : Saddier, leader provisoire<\/a>&nbsp;&nbsp;F\u00e9d\u00e9ration Fran\u00e7aise de Golf<\/li>\n<\/ol>\n","protected":false},"excerpt":{"rendered":"Adrien Saddier garde la main \u00e0 l&rsquo;Omega European Masters, sept autres Fran\u00e7ais passent le cut&nbsp;&nbsp;L&rsquo;\u00c9quipe Golf. DPW Tour&hellip;\n","protected":false},"author":2,"featured_media":354710,"comment_status":"","ping_status":"","sticky":false,"template":"","format":"standard","meta":{"footnotes":""},"categories":[1418],"tags":[1011,27,1472,60],"class_list":{"0":"post-354709","1":"post","2":"type-post","3":"status-publish","4":"format-standard","5":"has-post-thumbnail","7":"category-golf","8":"tag-fr","9":"tag-france","10":"tag-golf","11":"tag-sports"},"share_on_mastodon":{"url":"https:\/\/pubeurope.com\/@fr\/115118293810518817","error":""},"_links":{"self":[{"href":"https:\/\/www.europesays.com\/fr\/wp-json\/wp\/v2\/posts\/354709","targetHints":{"allow":["GET"]}}],"collection":[{"href":"https:\/\/www.europesays.com\/fr\/wp-json\/wp\/v2\/posts"}],"about":[{"href":"https:\/\/www.europesays.com\/fr\/wp-json\/wp\/v2\/types\/post"}],"author":[{"embeddable":true,"href":"https:\/\/www.europesays.com\/fr\/wp-json\/wp\/v2\/users\/2"}],"replies":[{"embeddable":true,"href":"https:\/\/www.europesays.com\/fr\/wp-json\/wp\/v2\/comments?post=354709"}],"version-history":[{"count":0,"href":"https:\/\/www.europesays.com\/fr\/wp-json\/wp\/v2\/posts\/354709\/revisions"}],"wp:featuredmedia":[{"embeddable":true,"href":"https:\/\/www.europesays.com\/fr\/wp-json\/wp\/v2\/media\/354710"}],"wp:attachment":[{"href":"https:\/\/www.europesays.com\/fr\/wp-json\/wp\/v2\/media?parent=354709"}],"wp:term":[{"taxonomy":"category","embeddable":true,"href":"https:\/\/www.europesays.com\/fr\/wp-json\/wp\/v2\/categories?post=354709"},{"taxonomy":"post_tag","embeddable":true,"href":"https:\/\/www.europesays.com\/fr\/wp-json\/wp\/v2\/tags?post=354709"}],"curies":[{"name":"wp","href":"https:\/\/api.w.org\/{rel}","templated":true}]}}