{"id":354711,"date":"2025-08-30T14:56:10","date_gmt":"2025-08-30T14:56:10","guid":{"rendered":"https:\/\/www.europesays.com\/fr\/354711\/"},"modified":"2025-08-30T14:56:10","modified_gmt":"2025-08-30T14:56:10","slug":"quelle-honte-la-famille-offusquee-par-certaines-sanctions-prises-contre-le-staff","status":"publish","type":"post","link":"https:\/\/www.europesays.com\/fr\/354711\/","title":{"rendered":"\u00ab\u00a0Quelle honte\u00a0\u00bb\u2026 La famille offusqu\u00e9e par certaines sanctions prises contre le staff"},"content":{"rendered":"<p>Trois semaines apr\u00e8s leur voyage au Cap (Afrique du Sud), sur <a href=\"https:\/\/www.20minutes.fr\/faits_divers\/4105159-20240809-sait-disparition-mehdi-narjissi-jeune-rugbyman-toulousain-emporte-vague-afrique-sud\" target=\"_blank\" class=\"c-link c-link--is-underlined\" rel=\"noopener\">la plage de Dias Beach<\/a>, o\u00f9 <a href=\"https:\/\/www.20minutes.fr\/sport\/4104996-20240808-rugby-mehdi-narjissi-jeune-espoir-stade-toulousain-emporte-vague\" target=\"_blank\" class=\"c-link c-link--is-underlined\" rel=\"noopener\">avait disparu leur fils Medhi en ao\u00fbt\u00a02024<\/a>, lors d\u2019un stage de l\u2019\u00e9quipe de France U18, la famille Narjissi a appris les premi\u00e8res sanctions \u00e0 l\u2019encontre des membres du staff. Selon une copie de l\u2019arr\u00eat\u00e9 consult\u00e9 par l\u2019AFP, le minist\u00e8re des Sports a prononc\u00e9 lundi la perte du statut de fonctionnaire pour le pr\u00e9parateur physique Robin Ladauge, soit la mesure disciplinaire la plus s\u00e9v\u00e8re pour un cadre d\u2019Etat.<\/p>\n<p><a href=\"https:\/\/www.20minutes.fr\/sport\/rugby\/4112949-20241001-disparition-medhi-narjissi-suspendu-manager-u18-porte-plainte-contre-ffr\" target=\"_blank\" class=\"c-link c-link--is-underlined\" rel=\"noopener\">L\u2019ancien manageur St\u00e9phane Cambos<\/a>, de son c\u00f4t\u00e9, a \u00e9t\u00e9 suspendu deux ans dont un ferme, a-t-on appris de source proche du dossier, confirmant des informations du quotidien <a href=\"https:\/\/www.leparisien.fr\/sports\/rugby\/disparition-de-medhi-narjissi-le-preparateur-physique-revoque-de-la-fonction-publique-le-manager-suspendu-deux-ans-29-08-2025-YGAVA2A4UBC4BAZN6UXD2M2Z3A.php\" rel=\"nofollow noopener\" target=\"_blank\" class=\"c-link c-link--is-underlined\">Le Parisien<\/a>. Des sanctions consid\u00e9r\u00e9es comme \u00ab\u00a0le minimum\u00a0\u00bb aux yeux de Jalil Narjissi, le p\u00e8re de Medhi, qui qualifie de \u00ab\u00a0crime\u00a0\u00bb le fait d\u2019avoir laiss\u00e9 des adolescents se baigner sur cette plage.<\/p>\n<p>\u00ab\u00a0\u00c7a ne ram\u00e8nera pas notre fils Medhi mais c\u2019est logique que ces personnes-l\u00e0, dont bien s\u00fbr monsieur Ladauge, soient r\u00e9voqu\u00e9es. C\u2019est le minimum qu\u2019ils soient radi\u00e9s de la fonction publique\u00a0\u00bb, a-t-il r\u00e9agi aupr\u00e8s de l\u2019AFP, jugeant \u00ab\u00a0honteux\u00a0\u00bb que St\u00e9phane Cambos garde pour sa part son statut de fonctionnaire. \u00ab\u00a0Il doit \u00eatre radi\u00e9 de la fonction publique, ce monsieur-l\u00e0. Il a les m\u00eames responsabilit\u00e9s, il est d\u00e9cisionnaire de cette mise \u00e0 l\u2019eau\u00a0\u00bb, a-t-il accus\u00e9.<\/p>\n<p>\u00ab\u00a0Un manque de respect pour la m\u00e9moire de notre fils\u00a0\u00bb<\/p>\n<p>Apr\u00e8s ces sanctions, les parents de Medhi Narjissi ont \u00e9crit \u00e0 la ministre des Sports, Marie Barsacq, pour livrer leur sentiment, rapporte Le Parisien. \u00ab\u00a0Nous sommes choqu\u00e9s par la d\u00e9cision prise concernant monsieur St\u00e9phane Cambos. Quelle honte\u00a0! Cette sanction n\u2019est en rien \u00e0 la hauteur des fautes commises, ni de la trag\u00e9die irr\u00e9parable que nous vivons. Elle traduit un manque total de respect pour la m\u00e9moire de notre fils.\u00a0\u00bb<\/p>\n<p>Dans <a href=\"https:\/\/www.20minutes.fr\/sport\/rugby\/4156614-20250603-disparition-medhi-narjissi-deux-encadrants-ffr-mis-examen\" target=\"_blank\" class=\"c-link c-link--is-underlined\" rel=\"noopener\">l\u2019enqu\u00eate p\u00e9nale ouverte apr\u00e8s le drame<\/a>, un juge d\u2019instruction d\u2019Agen a proc\u00e9d\u00e9 en mai et en juin aux mises en examen de Robin Ladauge et de St\u00e9phane Cambos pour homicide involontaire. C\u00e9line Lasek, avocate de Robin Ladauge, a d\u00e9clar\u00e9 \u00e0 l\u2019AFP que son client d\u00e9poserait un recours contre la sanction disciplinaire de r\u00e9vocation, bas\u00e9e selon elle \u00ab\u00a0sur un r\u00e9cit qui est compl\u00e8tement erron\u00e9\u00a0\u00bb du d\u00e9roul\u00e9 de cette s\u00e9ance de r\u00e9cup\u00e9ration.<\/p>\n<\/p>\n<p>Robin Ladauge est \u00ab\u00a0effondr\u00e9\u00a0\u00bb pour la famille de Medhi, fait-elle valoir. \u00ab\u00a0Il tient vraiment \u00e0 dire qu\u2019il pense \u00e0 eux tout le temps.\u00a0\u00bb<\/p>\n","protected":false},"excerpt":{"rendered":"Trois semaines apr\u00e8s leur voyage au Cap (Afrique du Sud), sur la plage de Dias Beach, o\u00f9 avait&hellip;\n","protected":false},"author":2,"featured_media":354712,"comment_status":"","ping_status":"","sticky":false,"template":"","format":"standard","meta":{"footnotes":""},"categories":[1416],"tags":[5594,2715,1011,27,479,1468,517,60,513],"class_list":{"0":"post-354711","1":"post","2":"type-post","3":"status-publish","4":"format-standard","5":"has-post-thumbnail","7":"category-rugby","8":"tag-afrique-du-sud","9":"tag-disparition","10":"tag-fr","11":"tag-france","12":"tag-rugby","13":"tag-rugby-football","14":"tag-sport","15":"tag-sports","16":"tag-xv-de-france"},"share_on_mastodon":{"url":"https:\/\/pubeurope.com\/@fr\/115118301790489903","error":""},"_links":{"self":[{"href":"https:\/\/www.europesays.com\/fr\/wp-json\/wp\/v2\/posts\/354711","targetHints":{"allow":["GET"]}}],"collection":[{"href":"https:\/\/www.europesays.com\/fr\/wp-json\/wp\/v2\/posts"}],"about":[{"href":"https:\/\/www.europesays.com\/fr\/wp-json\/wp\/v2\/types\/post"}],"author":[{"embeddable":true,"href":"https:\/\/www.europesays.com\/fr\/wp-json\/wp\/v2\/users\/2"}],"replies":[{"embeddable":true,"href":"https:\/\/www.europesays.com\/fr\/wp-json\/wp\/v2\/comments?post=354711"}],"version-history":[{"count":0,"href":"https:\/\/www.europesays.com\/fr\/wp-json\/wp\/v2\/posts\/354711\/revisions"}],"wp:featuredmedia":[{"embeddable":true,"href":"https:\/\/www.europesays.com\/fr\/wp-json\/wp\/v2\/media\/354712"}],"wp:attachment":[{"href":"https:\/\/www.europesays.com\/fr\/wp-json\/wp\/v2\/media?parent=354711"}],"wp:term":[{"taxonomy":"category","embeddable":true,"href":"https:\/\/www.europesays.com\/fr\/wp-json\/wp\/v2\/categories?post=354711"},{"taxonomy":"post_tag","embeddable":true,"href":"https:\/\/www.europesays.com\/fr\/wp-json\/wp\/v2\/tags?post=354711"}],"curies":[{"name":"wp","href":"https:\/\/api.w.org\/{rel}","templated":true}]}}