{"id":354713,"date":"2025-08-30T14:57:10","date_gmt":"2025-08-30T14:57:10","guid":{"rendered":"https:\/\/www.europesays.com\/fr\/354713\/"},"modified":"2025-08-30T14:57:10","modified_gmt":"2025-08-30T14:57:10","slug":"diane-parry-marta-kostyuk-grand-chelem-us-open-troisieme-tour-samedi-30-aout-2025-lequipe","status":"publish","type":"post","link":"https:\/\/www.europesays.com\/fr\/354713\/","title":{"rendered":"Diane Parry &#8211; Marta Kostyuk, Grand Chelem, US Open, Troisi\u00e8me tour, Samedi 30 ao\u00fbt 2025 &#8211; L&#039;\u00c9quipe"},"content":{"rendered":"<ol>\n<li><a href=\"https:\/\/news.google.com\/rss\/articles\/CBMivAFBVV95cUxObkw0QTd0WV9ya2FsTVBZUUdpajh2b0dFOEdnS29QN1lZd2QyaUlzTUQxcUNXNXlXeEZya3J6Z2RCTEFPVHhQV0VJeS1yRFZ2SlEtUktoT1FsaFRlbGY5WVVuVHg5SmJDSnRTN1RhRC04c05XalhkcmtSZWpXUHJRVFd0YVpHTjBTR1AwY3dlV2dVUDlMTXdPNkpIU09vR3pIMXRoZ2JjbTE3R2o0RXpWNUdtTkhtTlhKUXN2LQ?oc=5\" target=\"_blank\" rel=\"nofollow noopener\">Diane Parry &#8211; Marta Kostyuk, Grand Chelem, US Open, Troisi\u00e8me tour, Samedi 30 ao\u00fbt 2025<\/a>&nbsp;&nbsp;L&rsquo;\u00c9quipe<\/li>\n<li><a href=\"https:\/\/news.google.com\/rss\/articles\/CBMi0gFBVV95cUxQU1FHVk81QWFMUndmMXBNbGgwWDQ0SVBSa25nVjFNRmxuYjZtWXJVUUoxd2lHUnFJalkzLVZjVmdUWW5LNldGTk5fS2RXWTl2Umx3Vy1sQVdaeFh6TEszdFZTSjlLdkdRazl3dHhTWFFERmJlVnZvWUgtN1pBTWR1djJFZVJqR1FYOXU5SkRwcnFfaXhZd0hQQmVtVjlJbWdYd1l1d3czLXE3Z3VadzhKX2xILVE4TkN4SUdCNzk2Q3ZvcmxlT3lWYXZ0b01Qd2hhWVE?oc=5\" target=\"_blank\" rel=\"nofollow noopener\">Le programme du samedi 30 ao\u00fbt \u00e0 l&rsquo;US Open avec Jannik Sinner, Coco Gauff et Diane Parry<\/a>&nbsp;&nbsp;L&rsquo;\u00c9quipe<\/li>\n<li><a href=\"https:\/\/news.google.com\/rss\/articles\/CBMiowFBVV95cUxPLWhxX256amdjVVc4Qmk3U1pTQzkzdnE5dlNqcEdWam9rVm1BeFdZc2lORm5TWW9rLVpqRmRsNnJBNGdnb05TbnZWcEdyUDlOcC1rYjJ1T1JfTmtESXVYWHAwWFZxUmlVRWxHanAwVXhnejlKRk5MMjFSZlVtc0hUMU8zQmkwQllFWlpFeEpTWEt6Tk5PdmVteW5vSF9qbl9SQmR3?oc=5\" target=\"_blank\" rel=\"nofollow noopener\">US Open J5 : Diane Parry, direction le troisi\u00e8me tour !<\/a>&nbsp;&nbsp;F\u00e9d\u00e9ration Fran\u00e7aise de Tennis<\/li>\n<li><a href=\"https:\/\/news.google.com\/rss\/articles\/CBMi-AFBVV95cUxQU0tKUHBDUVFDUjg0Zm5fdmlFLS03dW9rMnFJQmJLZFYzSWw1ZWQwQkNEN0Z6X3Y5YWVJaUc5QnNJeW4xN091MF91OHJCWlJLTmFYWExrUHlLTlR0Z0xmbFQzUkhqaXEzQjhoczNQOXV1V1pUMXczWXVLeWQtY0l4Q3pVM29UdEs0ZkxaMnljMXFFdmlrNXRCQUN5Wko3eXVXbEZwbm5QQ1MzYjd2c1Q4Sk56TU5pU3ZHbmVJZjhPZnplc3d0YS11NElhRlhnRDJmaGZjY0FZV19DNkJ3X1lYVFhUdFBBd1ZuVjVNRUg1NDFBS3h1TWNJUw?oc=5\" target=\"_blank\" rel=\"nofollow noopener\">US Open : Diane Parry brille, Valentin Royer s\u2019incline et Jannik Sinner exp\u00e9die les affaires courantes<\/a>&nbsp;&nbsp;Le Monde.fr<\/li>\n<li><a href=\"https:\/\/news.google.com\/rss\/articles\/CBMitAFBVV95cUxOTUFiR3pORmpLUWxDYWl2VURXaUtmc1p5WlNsZEdFeDhnTUdhT3BpUzJuMHB5Z1c5M0hoaVBFbDJtVS1iV3k2TXA3UnZmQXR3cjNpUkpIWDBmeWkwTkdxZ2hOZlM1bzA1anJuaTVRSmNxdENwT094bTVqNnlVZFJ5aHYwUy1JdkdRUC1SUTktTXdITW9WeWRTVmpCcTZ0ZGdYbmxwTk5qZmJidlRzSk52RFdtZnU?oc=5\" target=\"_blank\" rel=\"nofollow noopener\">US Open 2025 : scores et r\u00e9sultats en direct, suivez le 3e tour<\/a>&nbsp;&nbsp;Linternaute.com<\/li>\n<\/ol>\n","protected":false},"excerpt":{"rendered":"Diane Parry &#8211; Marta Kostyuk, Grand Chelem, US Open, Troisi\u00e8me tour, Samedi 30 ao\u00fbt 2025&nbsp;&nbsp;L&rsquo;\u00c9quipe Le programme du&hellip;\n","protected":false},"author":2,"featured_media":343265,"comment_status":"","ping_status":"","sticky":false,"template":"","format":"standard","meta":{"footnotes":""},"categories":[1415],"tags":[1011,27,60,1467],"class_list":{"0":"post-354713","1":"post","2":"type-post","3":"status-publish","4":"format-standard","5":"has-post-thumbnail","7":"category-tennis","8":"tag-fr","9":"tag-france","10":"tag-sports","11":"tag-tennis"},"share_on_mastodon":{"url":"https:\/\/pubeurope.com\/@fr\/115118305900712611","error":""},"_links":{"self":[{"href":"https:\/\/www.europesays.com\/fr\/wp-json\/wp\/v2\/posts\/354713","targetHints":{"allow":["GET"]}}],"collection":[{"href":"https:\/\/www.europesays.com\/fr\/wp-json\/wp\/v2\/posts"}],"about":[{"href":"https:\/\/www.europesays.com\/fr\/wp-json\/wp\/v2\/types\/post"}],"author":[{"embeddable":true,"href":"https:\/\/www.europesays.com\/fr\/wp-json\/wp\/v2\/users\/2"}],"replies":[{"embeddable":true,"href":"https:\/\/www.europesays.com\/fr\/wp-json\/wp\/v2\/comments?post=354713"}],"version-history":[{"count":0,"href":"https:\/\/www.europesays.com\/fr\/wp-json\/wp\/v2\/posts\/354713\/revisions"}],"wp:featuredmedia":[{"embeddable":true,"href":"https:\/\/www.europesays.com\/fr\/wp-json\/wp\/v2\/media\/343265"}],"wp:attachment":[{"href":"https:\/\/www.europesays.com\/fr\/wp-json\/wp\/v2\/media?parent=354713"}],"wp:term":[{"taxonomy":"category","embeddable":true,"href":"https:\/\/www.europesays.com\/fr\/wp-json\/wp\/v2\/categories?post=354713"},{"taxonomy":"post_tag","embeddable":true,"href":"https:\/\/www.europesays.com\/fr\/wp-json\/wp\/v2\/tags?post=354713"}],"curies":[{"name":"wp","href":"https:\/\/api.w.org\/{rel}","templated":true}]}}