{"id":354714,"date":"2025-08-30T14:58:19","date_gmt":"2025-08-30T14:58:19","guid":{"rendered":"https:\/\/www.europesays.com\/fr\/354714\/"},"modified":"2025-08-30T14:58:19","modified_gmt":"2025-08-30T14:58:19","slug":"euro-2025-toujours-21-joueuses-en-competition-pour-integrer-la-liste-finale-postup-fr","status":"publish","type":"post","link":"https:\/\/www.europesays.com\/fr\/354714\/","title":{"rendered":"Euro 2025 : Toujours 21 joueuses en comp\u00e9tition pour int\u00e9grer la liste finale ! &#8211; Postup.fr"},"content":{"rendered":"<p><a class=\"hupso_toolbar\" href=\"https:\/\/www.hupso.com\/share\/\" data-wpel-link=\"external\" target=\"_blank\" rel=\"external noopener noreferrer\"><img decoding=\"async\" src=\"https:\/\/www.europesays.com\/fr\/wp-content\/uploads\/2025\/05\/share-small.png\" style=\"border:0px; padding-top: 5px; float:left;\" alt=\"Share Button\" \/><\/a><\/p>\n<p><img fetchpriority=\"high\" decoding=\"async\" class=\"aligncenter size-medium wp-image-315380\" src=\"https:\/\/www.europesays.com\/fr\/wp-content\/uploads\/2025\/08\/2025_Eurobasket_Equipe-de-France_preparation_source-FFBB-500x313.jpg\" alt=\"\" width=\"500\" height=\"313\"   \/><\/p>\n<p style=\"text-align: center;\">La France va commencer les matchs de pr\u00e9paration \u00e0 l\u2019EuroBasket aujourd\u2019hui \u00a9 FFBB<\/p>\n<p>\u00a0<\/p>\n<p>\u00a0<\/p>\n<p style=\"text-align: justify;\">Dans quelques heures, il y aura le coup d\u2019envoi du premier match de pr\u00e9paration de l\u2019EuroBasket 2025 pour l\u2019\u00c9quipe de France f\u00e9minine de basketball. Apr\u00e8s les <a href=\"https:\/\/www.postup.fr\/2025\/05\/11\/euro-2025-deux-medaillees-dargent-aux-jo-de-paris-ne-seront-pas-presentes-en-juin\/\" data-wpel-link=\"internal\" rel=\"noopener noreferrer\" target=\"_blank\">deux<\/a> premiers forfaits de <strong>Dominique MALONGA<\/strong> et <strong>Gabby WILLIAMS<\/strong>, nous avons appris durant la semaine que ni <strong>Carla LEITE<\/strong>, ni <strong>Marine JOHANNES<\/strong> ne rejoindront la pr\u00e9paration. En effet, les deux joueuses ont d\u00e9cid\u00e9 de se concentrer sur leur saison 2025 de WNBA. La saison r\u00e9guli\u00e8re du championnat Nord-am\u00e9ricain a commenc\u00e9, il y a un peu plus d\u2019une semaine, et les deux joueuses Fran\u00e7aises ont des r\u00f4les bien d\u00e9finis avec leurs franchises respectives.<\/p>\n<p style=\"text-align: justify;\">La F\u00e9d\u00e9ration Fran\u00e7aise de basketball devait commencer \u00e0 se gratter la t\u00eate \u00e0 la suite de cette premi\u00e8re vague de forfait, d\u2019autant qu\u2019il y avait trois autres joueuses engag\u00e9es avec des contrats en WNBA, et nous n\u2019\u00e9tions pas sereins pour savoir si elles allaient pouvoir \u00eatre lib\u00e9r\u00e9es.<\/p>\n<p style=\"text-align: justify;\">Une belle <a href=\"https:\/\/www.ffbb.com\/actualites\/point-sur-leffectif-de-la-preparation\" data-wpel-link=\"external\" target=\"_blank\" rel=\"external noopener noreferrer\">\u00e9claircie<\/a> a eu lieu ce vendredi, car la FFBB a annonc\u00e9 que <strong>Le\u00efla LACAN<\/strong>, <strong>Janelle SALAUN<\/strong> et <strong>Mari\u00e8me BADIANE<\/strong> vont bien rejoindre le groupe de <strong>Jean-Aim\u00e9 TOUPANE<\/strong> dans les semaines qui arrivent. Ces trois joueuses ont des situations diff\u00e9rentes, donc elles rejoindront les Bleues \u00e0 diff\u00e9rents moments de la pr\u00e9paration. Il y a toujours 21 joueuses qui peuvent postuler faire partie de l\u2019effectif final.<\/p>\n<p>Comme indiqu\u00e9 en d\u00e9but d\u2019article, les choses s\u00e9rieuses d\u00e9butent ce jour avec un duel face \u00e0 la Turquie \u00e0 18 heures. L\u2019\u00e9tat d\u2019esprit des Bleues est bien entendu orient\u00e9 de remporter ce premier match, et <strong>Migna TOURE<\/strong> a confirm\u00e9 cela sur le <a href=\"https:\/\/www.ffbb.com\/actualites\/migna-toure-letat-desprit-de-lequipe-de-france-intensite-et-agressivite\" data-wpel-link=\"external\" target=\"_blank\" rel=\"external noopener noreferrer\">site<\/a> de la FFBB.<\/p>\n<blockquote>\n<p>\u00ab\u00a0C\u2019est une semaine intense, et ce depuis le premier jour du stage lundi dernier. C\u2019est dans cet esprit qu\u2019on va aborder cette premi\u00e8re rencontre, et tout le reste qui va suivre. C\u2019est l\u2019\u00e9tat d\u2019esprit de l\u2019Equipe de France, l\u2019intensit\u00e9 et l\u2019agressivit\u00e9.\u00a0\u00bb<\/p>\n<\/blockquote>\n<p>\u00a0<\/p>\n","protected":false},"excerpt":{"rendered":"La France va commencer les matchs de pr\u00e9paration \u00e0 l\u2019EuroBasket aujourd\u2019hui \u00a9 FFBB \u00a0 \u00a0 Dans quelques heures,&hellip;\n","protected":false},"author":2,"featured_media":354715,"comment_status":"","ping_status":"","sticky":false,"template":"","format":"standard","meta":{"footnotes":""},"categories":[1414],"tags":[1465,1464,49078,49079,64,49014,31259,1011,27,49080,49081,41353,49082,49083,39225,49084,60],"class_list":{"0":"post-354714","1":"post","2":"type-post","3":"status-publish","4":"format-standard","5":"has-post-thumbnail","7":"category-basket","8":"tag-basket","9":"tag-basketball","10":"tag-carla-leite","11":"tag-dominique-malonga","12":"tag-equipe-de-france","13":"tag-eurobasket-2025","14":"tag-ffbb","15":"tag-fr","16":"tag-france","17":"tag-gabby-williams","18":"tag-janelle-salaun","19":"tag-jean-aime-toupane","20":"tag-leila-lacan","21":"tag-marieme-badiane","22":"tag-marine-johannes","23":"tag-migna-toure","24":"tag-sports"},"share_on_mastodon":{"url":"https:\/\/pubeurope.com\/@fr\/115118310280454360","error":""},"_links":{"self":[{"href":"https:\/\/www.europesays.com\/fr\/wp-json\/wp\/v2\/posts\/354714","targetHints":{"allow":["GET"]}}],"collection":[{"href":"https:\/\/www.europesays.com\/fr\/wp-json\/wp\/v2\/posts"}],"about":[{"href":"https:\/\/www.europesays.com\/fr\/wp-json\/wp\/v2\/types\/post"}],"author":[{"embeddable":true,"href":"https:\/\/www.europesays.com\/fr\/wp-json\/wp\/v2\/users\/2"}],"replies":[{"embeddable":true,"href":"https:\/\/www.europesays.com\/fr\/wp-json\/wp\/v2\/comments?post=354714"}],"version-history":[{"count":0,"href":"https:\/\/www.europesays.com\/fr\/wp-json\/wp\/v2\/posts\/354714\/revisions"}],"wp:featuredmedia":[{"embeddable":true,"href":"https:\/\/www.europesays.com\/fr\/wp-json\/wp\/v2\/media\/354715"}],"wp:attachment":[{"href":"https:\/\/www.europesays.com\/fr\/wp-json\/wp\/v2\/media?parent=354714"}],"wp:term":[{"taxonomy":"category","embeddable":true,"href":"https:\/\/www.europesays.com\/fr\/wp-json\/wp\/v2\/categories?post=354714"},{"taxonomy":"post_tag","embeddable":true,"href":"https:\/\/www.europesays.com\/fr\/wp-json\/wp\/v2\/tags?post=354714"}],"curies":[{"name":"wp","href":"https:\/\/api.w.org\/{rel}","templated":true}]}}