{"id":354718,"date":"2025-08-30T15:02:10","date_gmt":"2025-08-30T15:02:10","guid":{"rendered":"https:\/\/www.europesays.com\/fr\/354718\/"},"modified":"2025-08-30T15:02:10","modified_gmt":"2025-08-30T15:02:10","slug":"verstappen-sous-enquete-apres-les-qualifs-a-zandvoort","status":"publish","type":"post","link":"https:\/\/www.europesays.com\/fr\/354718\/","title":{"rendered":"Verstappen sous enqu\u00eate apr\u00e8s les qualifs \u00e0 Zandvoort"},"content":{"rendered":"<p><a href=\"https:\/\/fr.motorsport.com\/driver\/max-verstappen\/93029\/\" target=\"_blank\" rel=\"noopener\">Max Verstappen<\/a> a \u00e9t\u00e9 convoqu\u00e9 par les commissaires du Grand Prix des Pays-Bas 2025 de F1 suite \u00e0 la s\u00e9ance de qualifications disput\u00e9e ce samedi \u00e0 Zandvoort.<\/p>\n<p>Le N\u00e9erlandais est accus\u00e9 d&rsquo;avoir potentiellement pilot\u00e9 de fa\u00e7on \u00ab\u00a0inutilement lente\u00a0\u00bb en fin de Q3, allant ainsi \u00e0 l&rsquo;encontre de l&rsquo;article 33.4 du R\u00e8glement Sportif de la F1 qui dispose que : \u00ab\u00a0\u00c0 aucun moment, un v\u00e9hicule ne doit \u00eatre conduit de mani\u00e8re inutilement lente, erratique ou d&rsquo;une mani\u00e8re qui pourrait \u00eatre consid\u00e9r\u00e9e comme potentiellement dangereuse pour les autres pilotes ou toute autre personne.\u00a0\u00bb<\/p>\n<p>Cette infraction pr\u00e9sum\u00e9e contrevient \u00e9galement aux notes de la direction de course, qui font quant \u00e0 elle r\u00e9f\u00e9rence \u00e0 un temps maximum \u00e0 respecter lors des tours de rentr\u00e9e et de sortie des stands, fix\u00e9 \u00e0 Zandvoort \u00e0 1&rsquo;26. Il est indiqu\u00e9 que\u00a0les pilotes \u00ab\u00a0doivent rester en dessous du temps maximum fix\u00e9 par la FIA entre les lignes de Safety Car\u00a0\u00bb pendant la s\u00e9ance.<\/p>\n<p>Plus t\u00f4t dans l&rsquo;ann\u00e9e, Verstappen avait \u00e9t\u00e9 pris par la patrouille pour une infraction similaire lors des qualifs sprint \u00e0 Miami, mais c&rsquo;est <a href=\"https:\/\/fr.motorsport.com\/team\/red-bull\/553\/\" target=\"_blank\" rel=\"noopener\">Red Bull<\/a> qui avait \u00e9t\u00e9 sanctionn\u00e9 d&rsquo;une r\u00e9primande pour avoir mal r\u00e9gl\u00e9 le syst\u00e8me de chronom\u00e9trage \u00e0 cette occasion.<\/p>\n<p>L&rsquo;audience devait d\u00e9buter \u00e0 16h45.<\/p>\n<p>Lire aussi :<\/p>\n<p>Dans cet article<\/p>\n<p>Soyez le premier inform\u00e9 et souscrivez aux alertes mails pour recevoir les infos en temps r\u00e9el<\/p>\n<p>    S&rsquo;abonner aux alertes de news<\/p>\n","protected":false},"excerpt":{"rendered":"Max Verstappen a \u00e9t\u00e9 convoqu\u00e9 par les commissaires du Grand Prix des Pays-Bas 2025 de F1 suite \u00e0&hellip;\n","protected":false},"author":2,"featured_media":354719,"comment_status":"","ping_status":"","sticky":false,"template":"","format":"standard","meta":{"footnotes":""},"categories":[1412],"tags":[1451,1452,1453,1454,1455,1011,27,33818,2236,2255,60,49085,42781],"class_list":{"0":"post-354718","1":"post","2":"type-post","3":"status-publish","4":"format-standard","5":"has-post-thumbnail","7":"category-f1","8":"tag-f1","9":"tag-formula-1","10":"tag-formula1","11":"tag-formule-1","12":"tag-formule1","13":"tag-fr","14":"tag-france","15":"tag-gp-des-pays-bas","16":"tag-max-verstappen","17":"tag-red-bull","18":"tag-sports","19":"tag-verstappen-sous-enquu00eate-apru00e8s-les-qualifs-u00e0-zandvoort","20":"tag-zandvoort"},"share_on_mastodon":{"url":"https:\/\/pubeurope.com\/@fr\/115118325274984590","error":""},"_links":{"self":[{"href":"https:\/\/www.europesays.com\/fr\/wp-json\/wp\/v2\/posts\/354718","targetHints":{"allow":["GET"]}}],"collection":[{"href":"https:\/\/www.europesays.com\/fr\/wp-json\/wp\/v2\/posts"}],"about":[{"href":"https:\/\/www.europesays.com\/fr\/wp-json\/wp\/v2\/types\/post"}],"author":[{"embeddable":true,"href":"https:\/\/www.europesays.com\/fr\/wp-json\/wp\/v2\/users\/2"}],"replies":[{"embeddable":true,"href":"https:\/\/www.europesays.com\/fr\/wp-json\/wp\/v2\/comments?post=354718"}],"version-history":[{"count":0,"href":"https:\/\/www.europesays.com\/fr\/wp-json\/wp\/v2\/posts\/354718\/revisions"}],"wp:featuredmedia":[{"embeddable":true,"href":"https:\/\/www.europesays.com\/fr\/wp-json\/wp\/v2\/media\/354719"}],"wp:attachment":[{"href":"https:\/\/www.europesays.com\/fr\/wp-json\/wp\/v2\/media?parent=354718"}],"wp:term":[{"taxonomy":"category","embeddable":true,"href":"https:\/\/www.europesays.com\/fr\/wp-json\/wp\/v2\/categories?post=354718"},{"taxonomy":"post_tag","embeddable":true,"href":"https:\/\/www.europesays.com\/fr\/wp-json\/wp\/v2\/tags?post=354718"}],"curies":[{"name":"wp","href":"https:\/\/api.w.org\/{rel}","templated":true}]}}