{"id":354720,"date":"2025-08-30T15:08:05","date_gmt":"2025-08-30T15:08:05","guid":{"rendered":"https:\/\/www.europesays.com\/fr\/354720\/"},"modified":"2025-08-30T15:08:05","modified_gmt":"2025-08-30T15:08:05","slug":"chiappucci-et-thevenet-vont-rouler-avec-monsieur-et-madame-tout-le-monde","status":"publish","type":"post","link":"https:\/\/www.europesays.com\/fr\/354720\/","title":{"rendered":"Chiappucci et Th\u00e9venet vont rouler avec Monsieur et Madame tout le monde !"},"content":{"rendered":"<p class=\"date\">\n                                                            Emmanuel LANGELLIER, Media365 : publi\u00e9 le samedi 30 ao\u00fbt 2025 \u00e0 15h13\n                                                    <\/p>\n<p>Anciennes gloires du Tour de France, Claudio Chiappucci et Bernard Th\u00e9venet seront bient\u00f4t pr\u00e9sents sp\u00e9cialement lors d&rsquo;un \u00e9v\u00e9nement organis\u00e9 dans l&rsquo;Hexagone.<\/p>\n<p>Il a fait r\u00eaver les fans de cyclisme dans les ann\u00e9es 1990, et enflamm\u00e9 nombre d&rsquo;\u00e9tapes du Tour de France dont il a fini deux fois meilleur grimpeur en 1991 et 1992. <a href=\"https:\/\/sports.orange.fr\/cyclisme\/tour-de-france\/article\/tour-de-france-ces-cyclistes-qui-ont-fait-l-histoire-du-maillot-a-pois-exclu-CNT000001PmmX3.html\" rel=\"nofollow noopener\" target=\"_blank\"> Roi de la montagne <\/a> et s\u00e9rieux concurrent \u00e0 la victoire finale, Claudio Chiappucci a fini deux fois 2e de la Grande Boucle (en 1990 derri\u00e8re Greg Lemond et en 1992 derri\u00e8re Miguel Indurain) et une fois 3e en 1991 (devanc\u00e9 par Indurain et Gianni Bugno). Ce grand nom de l&rsquo;histoire du cyclisme (porteur du maillot jaune durant 8 jours), eh bien figurez-vous que n&rsquo;importe qui disposant d&rsquo;un v\u00e9lo pourra rouler \u00e0 ses c\u00f4t\u00e9s dans 8 jours, le dimanche 7 septembre, en France !<\/p>\n<p>Chiappucci, deux fois dauphin au Tour de France<\/p>\n<p>La sc\u00e8ne se tiendra dans le cadre de l&rsquo;\u00e9v\u00e9nement \u00ab Tout Valentigney \u00e0 v\u00e9lo \u00bb disput\u00e9 dans la commune situ\u00e9e dans le d\u00e9partement du Doubs. \u00ab Oui, c&rsquo;est un tr\u00e8s grand nom du cyclisme \u00bb, se f\u00e9licite Denis Mercier, l&rsquo;organisateur du rendez-vous bisannuel, en \u00e9voquant Chiappucci. \u00ab On souhaite faire de cette 5e \u00e9dition un \u00e9v\u00e9nement encore plus populaire, plus accessible. Nous innovons avec la cr\u00e9ation d&rsquo;une balade ouverte \u00e0 tous. N&rsquo;importe quel cycliste du pays de Montb\u00e9liard pourra venir faire un tour en ville avec Claudio Chiappucci, Bernard Th\u00e9venet et Hennie Kuiper. \u00bb<\/p>\n<p>Th\u00e9venet, double laur\u00e9at de la Grande Boucle<\/p>\n<p>Outre \u00ab El Diablo \u00bb, \u00e2g\u00e9 aujourd&rsquo;hui de 62 ans, les passionn\u00e9s auront donc l&rsquo;occasion de croiser aussi Th\u00e9venet (77 ans), le double laur\u00e9at fran\u00e7ais du Tour de France. En 1975, il avait dompt\u00e9 <a href=\"https:\/\/sports.orange.fr\/cyclisme\/article\/merckx-a-ete-opere-en-urgence-d-une-occlusion-intestinale-CNT000002dtPUk.html\" rel=\"nofollow noopener\" target=\"_blank\"> le grand Eddy Merckx <\/a> et avait remis \u00e7a deux ans plus tard en devan\u00e7ant&#8230; Kuiper, en 1977. \u00ab Kuiper (76 ans aujourd&rsquo;hui) parle peut-\u00eatre moins aux plus jeunes et au grand public mais le N\u00e9erlandais a \u00e9t\u00e9 un tr\u00e8s grand champion qui a remport\u00e9 4 classiques : Paris-Roubaix, Milan-San Remo, les Tour des Flandres et de Lombardie. Il est l&rsquo;un des rares \u00e0 avoir r\u00e9alis\u00e9 le doubl\u00e9 Championnat du monde et Jeux Olympiques. Je ne connais pas beaucoup de cyclistes avec un tel palmar\u00e8s \u00bb, rel\u00e8ve Denis Mercier. Une belle balade, gratuite, se profile donc avec ces l\u00e9gendes du cyclisme&#8230;<\/p>\n","protected":false},"excerpt":{"rendered":"Emmanuel LANGELLIER, Media365 : publi\u00e9 le samedi 30 ao\u00fbt 2025 \u00e0 15h13 Anciennes gloires du Tour de France,&hellip;\n","protected":false},"author":2,"featured_media":354721,"comment_status":"","ping_status":"","sticky":false,"template":"","format":"standard","meta":{"footnotes":""},"categories":[1411],"tags":[1154,207,1011,27,60],"class_list":{"0":"post-354720","1":"post","2":"type-post","3":"status-publish","4":"format-standard","5":"has-post-thumbnail","7":"category-cyclisme","8":"tag-cycling","9":"tag-cyclisme","10":"tag-fr","11":"tag-france","12":"tag-sports"},"share_on_mastodon":{"url":"https:\/\/pubeurope.com\/@fr\/115118348868979917","error":""},"_links":{"self":[{"href":"https:\/\/www.europesays.com\/fr\/wp-json\/wp\/v2\/posts\/354720","targetHints":{"allow":["GET"]}}],"collection":[{"href":"https:\/\/www.europesays.com\/fr\/wp-json\/wp\/v2\/posts"}],"about":[{"href":"https:\/\/www.europesays.com\/fr\/wp-json\/wp\/v2\/types\/post"}],"author":[{"embeddable":true,"href":"https:\/\/www.europesays.com\/fr\/wp-json\/wp\/v2\/users\/2"}],"replies":[{"embeddable":true,"href":"https:\/\/www.europesays.com\/fr\/wp-json\/wp\/v2\/comments?post=354720"}],"version-history":[{"count":0,"href":"https:\/\/www.europesays.com\/fr\/wp-json\/wp\/v2\/posts\/354720\/revisions"}],"wp:featuredmedia":[{"embeddable":true,"href":"https:\/\/www.europesays.com\/fr\/wp-json\/wp\/v2\/media\/354721"}],"wp:attachment":[{"href":"https:\/\/www.europesays.com\/fr\/wp-json\/wp\/v2\/media?parent=354720"}],"wp:term":[{"taxonomy":"category","embeddable":true,"href":"https:\/\/www.europesays.com\/fr\/wp-json\/wp\/v2\/categories?post=354720"},{"taxonomy":"post_tag","embeddable":true,"href":"https:\/\/www.europesays.com\/fr\/wp-json\/wp\/v2\/tags?post=354720"}],"curies":[{"name":"wp","href":"https:\/\/api.w.org\/{rel}","templated":true}]}}