{"id":354726,"date":"2025-08-30T15:16:15","date_gmt":"2025-08-30T15:16:15","guid":{"rendered":"https:\/\/www.europesays.com\/fr\/354726\/"},"modified":"2025-08-30T15:16:15","modified_gmt":"2025-08-30T15:16:15","slug":"et-si-visa-nexistait-pas-le-devoir-de-verite-porte-par-le-festival-de-photojournalisme-de-perpignan","status":"publish","type":"post","link":"https:\/\/www.europesays.com\/fr\/354726\/","title":{"rendered":"\u00ab\u00a0Et si Visa n\u2019existait pas\u00a0\u00bb\u00a0: le devoir de v\u00e9rit\u00e9 port\u00e9 par le Festival de photojournalisme de Perpignan"},"content":{"rendered":"<p>\n                                                                Le 37e festival Visa pour l\u2019image s\u2019est ouvert ce samedi 30\u00a0ao\u00fbt 2025 \u00e0 Perpignan. 26 expositions dans 10 lieux embl\u00e9matiques de la ville sont \u00e0 d\u00e9couvrir jusqu\u2019au 14\u00a0septembre.\n                            <\/p>\n<p>\u00ab\u00a0Et si Visa n\u2019existait pas\u00a0\u00bb. La voix grave, Pierre Conte a ouvert sans d\u00e9tour le 37e Visa pour l\u2019Image ce samedi \u00e0 Perpignan. Au c\u0153ur du couvent des minimes, le pr\u00e9sident de l\u2019association qui porte le festival de photojournalisme\u00a0pointait \u00ab\u00a0un monde de l\u2019information libre qui se paup\u00e9rise\u00a0\u00bb. Et donc \u00ab\u00a0un photojournalisme au pain sec\u00a0\u00bb.\u00a0L\u2019explosion des r\u00e9seaux sociaux, l\u2019inflation des fake news bouleversent le biotope de l\u2019information depuis plusieurs ann\u00e9es. Le photojournalisme n\u2019y \u00e9chappe pas.<\/p>\n<p>Pierre Conte insistait en s\u2019inqui\u00e9tant \u00ab\u00a0de ces d\u00e9mocraties les plus vertueuses qui en viennent \u00e0 refuser des accr\u00e9ditations ou des pr\u00e9sences sur certains terrains\u00a0\u00bb. \u00ab\u00a0On pourrait baisser les bras\u00a0\u00bb, mimait le Catalan qui a \u0153uvr\u00e9 au Figaro Magazine, Paris Match ou RTL entre autres. \u00ab\u00a0Non, Visa va continuer de se battre pour cette obsession de la recherche de la v\u00e9rit\u00e9 vraie\u00a0\u00bb. Plus l\u00e9ger, devant un parterre d\u2019\u00e9lus et de partenaires, il ouvrait finalement\u00a0\u00ab\u00a0un festival qui est une f\u00eate dans une belle ville, une f\u00eate populaire, o\u00f9, c\u2019est notre pari fou, tout est gratuit\u00a0\u00bb.<\/p>\n<blockquote>\n<p>\u00ab\u00a0Je suis l\u00e0, je vais me battre et je serai l\u00e0 l\u2019ann\u00e9e prochaine\u00a0\u00bb<\/p>\n<\/blockquote>\n<p>Protocole oblige, les partenaires publics et priv\u00e9s salu\u00e8rent \u00e0 leur tour l\u2019engagement et le courage des photojournalistes. Dont nombreux sont tomb\u00e9s sur les fronts cette ann\u00e9e. Une focale\u00a0tr\u00e8s locale pointa avec\u00a0Laurent Gauze. Le pr\u00e9sident de la CCI, co-fondatrice de Visa, entonnant le \u00ab\u00a0Hey Joe\u00a0\u00bb de Jimi\u00a0Hendrix pour sceller la rupture avec le OFF. Ce dernier renaissant sous le nom d\u2019Objectif Image Pays catalan.<\/p>\n<p>Comme chaque ann\u00e9e, Jean-Fran\u00e7ois Leroy conclut cette inauguration officielle. Comme tr\u00e8s souvent \u00e0 contre-courant des discours convenus, il s\u2019inspira d\u2019un photographe de Life Magazine pour pr\u00e9venir\u00a0: \u00ab\u00a0L\u2019objectivit\u00e9 voil\u00e0 le premier mot qu\u2019il faudrait bannir de notre vocabulaire de\u00a0journaliste, il faudrait\u00a0tendre \u00e0 l\u2019honn\u00eatet\u00e9\u00a0\u00bb. Casquette sur la t\u00eate, visiblement affaibli par la maladie, sa voix se noua pour remercier \u00ab\u00a0Delphine, mon associ\u00e9e et toute l\u2019\u00e9quipe\u00a0\u00bb.\u00a0Avant de rebondir par un\u00a0\u00ab\u00a0je suis l\u00e0, je vais me battre et je serai l\u00e0 l\u2019ann\u00e9e prochaine\u00a0\u00bb, salu\u00e9 par une intense\u00a0standing ovation.<\/p>\n","protected":false},"excerpt":{"rendered":"Le 37e festival Visa pour l\u2019image s\u2019est ouvert ce samedi 30\u00a0ao\u00fbt 2025 \u00e0 Perpignan. 26 expositions dans 10&hellip;\n","protected":false},"author":2,"featured_media":354727,"comment_status":"","ping_status":"","sticky":false,"template":"","format":"standard","meta":{"footnotes":""},"categories":[1358],"tags":[1348,1384,1385,1386,58,59,1011,27],"class_list":{"0":"post-354726","1":"post","2":"type-post","3":"status-publish","4":"format-standard","5":"has-post-thumbnail","7":"category-arts-et-design","8":"tag-arts","9":"tag-arts-and-design","10":"tag-arts-et-design","11":"tag-design","12":"tag-divertissement","13":"tag-entertainment","14":"tag-fr","15":"tag-france"},"share_on_mastodon":{"url":"https:\/\/pubeurope.com\/@fr\/115118380453567468","error":""},"_links":{"self":[{"href":"https:\/\/www.europesays.com\/fr\/wp-json\/wp\/v2\/posts\/354726","targetHints":{"allow":["GET"]}}],"collection":[{"href":"https:\/\/www.europesays.com\/fr\/wp-json\/wp\/v2\/posts"}],"about":[{"href":"https:\/\/www.europesays.com\/fr\/wp-json\/wp\/v2\/types\/post"}],"author":[{"embeddable":true,"href":"https:\/\/www.europesays.com\/fr\/wp-json\/wp\/v2\/users\/2"}],"replies":[{"embeddable":true,"href":"https:\/\/www.europesays.com\/fr\/wp-json\/wp\/v2\/comments?post=354726"}],"version-history":[{"count":0,"href":"https:\/\/www.europesays.com\/fr\/wp-json\/wp\/v2\/posts\/354726\/revisions"}],"wp:featuredmedia":[{"embeddable":true,"href":"https:\/\/www.europesays.com\/fr\/wp-json\/wp\/v2\/media\/354727"}],"wp:attachment":[{"href":"https:\/\/www.europesays.com\/fr\/wp-json\/wp\/v2\/media?parent=354726"}],"wp:term":[{"taxonomy":"category","embeddable":true,"href":"https:\/\/www.europesays.com\/fr\/wp-json\/wp\/v2\/categories?post=354726"},{"taxonomy":"post_tag","embeddable":true,"href":"https:\/\/www.europesays.com\/fr\/wp-json\/wp\/v2\/tags?post=354726"}],"curies":[{"name":"wp","href":"https:\/\/api.w.org\/{rel}","templated":true}]}}