{"id":354730,"date":"2025-08-30T15:18:14","date_gmt":"2025-08-30T15:18:14","guid":{"rendered":"https:\/\/www.europesays.com\/fr\/354730\/"},"modified":"2025-08-30T15:18:14","modified_gmt":"2025-08-30T15:18:14","slug":"on-en-dit-le-moins-possible-ce-que-prepare-secretement-cyril-hanouna-sur-w-9","status":"publish","type":"post","link":"https:\/\/www.europesays.com\/fr\/354730\/","title":{"rendered":"\u00ab\u00a0On en dit le moins possible\u00a0\u00bb\u00a0: ce que pr\u00e9pare secr\u00e8tement Cyril Hanouna sur W\u00a09"},"content":{"rendered":"<p class=\"paragraph text_align_left lp-f-body-02\">\u00ab Un agent de s\u00e9curit\u00e9 \u00e0 l\u2019entr\u00e9e fera entrer <a href=\"https:\/\/www.leparisien.fr\/culture-loisirs\/tv\/tout-beau-tout-9-cyril-hanouna-devoile-les-chroniqueurs-pour-la-premiere-de-sa-nouvelle-emission-sur-w-9-09-08-2025-EB4FLAX4OBGNXBR7QNTAYS4H4M.php\" target=\"_blank\" rel=\"noreferrer nofollow noopener\">seulement les chroniqueurs sur liste<\/a>. \u00bb La consigne ne vaut pas pour une bo\u00eete de nuit select ni une soir\u00e9e jet-set, mais bien pour les pilotes de \u00ab Tout beau, tout n9uf \u00bb, le nouveau programme t\u00e9l\u00e9vis\u00e9 de <a href=\"https:\/\/www.leparisien.fr\/culture-loisirs\/cyril-hanouna\/\" target=\"_blank\" rel=\"noreferrer nofollow noopener\">Cyril Hanouna<\/a>. Mercredi, \u00ab l\u2019enfant terrible du PAF \u00bb faisait sa pr\u00e9rentr\u00e9e aux studios du Lendit, \u00e0 la Plaine-Saint-Denis (Seine-Saint-Denis). Au menu, la mise en bo\u00eete de trois \u00e9missions qui ne seront jamais diffus\u00e9es. Objectif : roder son show, avant qu\u2019il ne d\u00e9barque sur W 9 ce lundi 1er septembre \u00e0 partir de 18h25.<\/p>\n<p class=\"paragraph text_align_left lp-f-body-02\">Bien qu\u2019en public, les tournages se sont d\u00e9roul\u00e9s dans la plus grande discr\u00e9tion. Interdiction ainsi pour les nombreux chroniqueurs test\u00e9s ce jour-l\u00e0 de venir accompagn\u00e9s d\u2019un proche. <a href=\"https:\/\/www.leparisien.fr\/culture-loisirs\/tv\/cyril-hanouna-on-a-vu-complement-denquete-en-avant-premiere-29-11-2023-OQEAQRGH4JBNLIMXUM7OLBRVWU.php\" target=\"_blank\" rel=\"noreferrer nofollow noopener\">Impossible \u00e9galement de filmer ou de prendre des photos<\/a> du futur plateau ou de sa table en forme de W, clin d\u2019\u0153il au nom du canal 9. Pour s\u2019assurer que le secret sera bien gard\u00e9, les t\u00e9l\u00e9phones portables ont m\u00eame d\u00fb \u00eatre laiss\u00e9s dans les loges. Et dans celles-ci, pas d\u2019\u00e9crans de contr\u00f4le allum\u00e9s permettant de visionner les enregistrements en cours.<\/p>\n","protected":false},"excerpt":{"rendered":"\u00ab Un agent de s\u00e9curit\u00e9 \u00e0 l\u2019entr\u00e9e fera entrer seulement les chroniqueurs sur liste. \u00bb La consigne ne&hellip;\n","protected":false},"author":2,"featured_media":354731,"comment_status":"","ping_status":"","sticky":false,"template":"","format":"standard","meta":{"footnotes":""},"categories":[1356],"tags":[872,58,59,1011,27,252,2205,1364],"class_list":{"0":"post-354730","1":"post","2":"type-post","3":"status-publish","4":"format-standard","5":"has-post-thumbnail","7":"category-television","8":"tag-culture-et-loisirs","9":"tag-divertissement","10":"tag-entertainment","11":"tag-fr","12":"tag-france","13":"tag-television","14":"tag-television-medias","15":"tag-tv"},"share_on_mastodon":{"url":"https:\/\/pubeurope.com\/@fr\/115118388254645869","error":""},"_links":{"self":[{"href":"https:\/\/www.europesays.com\/fr\/wp-json\/wp\/v2\/posts\/354730","targetHints":{"allow":["GET"]}}],"collection":[{"href":"https:\/\/www.europesays.com\/fr\/wp-json\/wp\/v2\/posts"}],"about":[{"href":"https:\/\/www.europesays.com\/fr\/wp-json\/wp\/v2\/types\/post"}],"author":[{"embeddable":true,"href":"https:\/\/www.europesays.com\/fr\/wp-json\/wp\/v2\/users\/2"}],"replies":[{"embeddable":true,"href":"https:\/\/www.europesays.com\/fr\/wp-json\/wp\/v2\/comments?post=354730"}],"version-history":[{"count":0,"href":"https:\/\/www.europesays.com\/fr\/wp-json\/wp\/v2\/posts\/354730\/revisions"}],"wp:featuredmedia":[{"embeddable":true,"href":"https:\/\/www.europesays.com\/fr\/wp-json\/wp\/v2\/media\/354731"}],"wp:attachment":[{"href":"https:\/\/www.europesays.com\/fr\/wp-json\/wp\/v2\/media?parent=354730"}],"wp:term":[{"taxonomy":"category","embeddable":true,"href":"https:\/\/www.europesays.com\/fr\/wp-json\/wp\/v2\/categories?post=354730"},{"taxonomy":"post_tag","embeddable":true,"href":"https:\/\/www.europesays.com\/fr\/wp-json\/wp\/v2\/tags?post=354730"}],"curies":[{"name":"wp","href":"https:\/\/api.w.org\/{rel}","templated":true}]}}