{"id":354734,"date":"2025-08-30T15:20:26","date_gmt":"2025-08-30T15:20:26","guid":{"rendered":"https:\/\/www.europesays.com\/fr\/354734\/"},"modified":"2025-08-30T15:20:26","modified_gmt":"2025-08-30T15:20:26","slug":"the-mask-1994-pour-la-premiere-fois-en-4k-ultra-hd-blu-ray-le-11-novembre-chez-arrow-video","status":"publish","type":"post","link":"https:\/\/www.europesays.com\/fr\/354734\/","title":{"rendered":"The Mask (1994) pour la premi\u00e8re fois en 4K Ultra HD Blu-ray le 11 novembre chez Arrow Vid\u00e9o"},"content":{"rendered":"<p><img loading=\"lazy\" decoding=\"async\" alt=\"\" class=\"alignright\" height=\"330\" src=\"https:\/\/www.europesays.com\/fr\/wp-content\/uploads\/2025\/08\/the-mask-uhd-b.jpg\" width=\"390\"\/>Enfilez votre meilleur costume jaune et pr\u00e9parez-vous \u00e0 replonger dans une avalanche de gags cartoonesques ! The Mask (1994) a propuls\u00e9 Jim Carrey au rang de superstar gr\u00e2ce \u00e0 l&rsquo;un de ses personnages les plus m\u00e9morables \u00e0 l&rsquo;\u00e9cran. Effets sp\u00e9ciaux r\u00e9volutionnaires, humour d\u00e9cha\u00een\u00e9 et r\u00e9pliques cultes ont fait de ce film un concentr\u00e9 de divertissement qui a travers\u00e9 les d\u00e9cennies sans perdre une ride.<\/p>\n<p><strong>La com\u00e9die de Chuck Russell qui vous colle un grand sourire jusqu\u2019aux oreilles s&rsquo;appr\u00eate \u00e0 ressurgir pour la premi\u00e8re fois en 4K Ultra HD Blu-ray. C&rsquo;est Arrow Video qui a officialis\u00e9 l&rsquo;arriv\u00e9e du film pour la premi\u00e8re fois en UHD, dans une version restaur\u00e9e en 4K ayant re\u00e7u l&rsquo;approbation du r\u00e9alisateur et sur la base des n\u00e9gatifs 35mm originaux.<\/strong><\/p>\n<p>Au programme \u00e9galement : une nouvelle piste en version originale Dolby Atmos, compl\u00e9t\u00e9e par la pr\u00e9sence des pr\u00e9c\u00e9dentes versions DTS-HD MA 5.1 et st\u00e9r\u00e9o lossless. Le film b\u00e9n\u00e9ficiera \u00e9galement d\u2019une pr\u00e9sentation HDR \/ Dolby Vision et de sous-titres optionnels en anglais pour sourds et malentendants.<\/p>\n<p>\u00a0<\/p>\n<p><img loading=\"lazy\" decoding=\"async\" alt=\"\" class=\"aligncenter\" height=\"900\" src=\"https:\/\/www.europesays.com\/fr\/wp-content\/uploads\/2025\/08\/the-mask-4k-uhd.jpg\" width=\"900\"\/><\/p>\n<p>\u00a0<\/p>\n<p>Cette \u00e9dition comprendra une multitude de bonus in\u00e9dits :<\/p>\n<ul>&#13;<\/p>\n<li>Commentaire audio d\u2019archives avec Chuck Russell<\/li>\n<p>&#13;<\/p>\n<li>Commentaire audio d\u2019archives avec Chuck Russell, Bob Shaye (co-pr\u00e9sident de New Line), le sc\u00e9nariste Mike Werb, le producteur ex\u00e9cutif Mike Richardson, le producteur Bob Engelman, le superviseur VFX ILM Scott Squires, le superviseur animation Tom Bertino et le directeur de la photographie John R. Leonetti<\/li>\n<p>&#13;<\/p>\n<li>The Man Behind the Mask, interview r\u00e9cente avec Chuck Russell<\/li>\n<p>&#13;<\/p>\n<li>From Strip to Screen, interview r\u00e9cente avec Mike Richardson, Mike Werb et Mark Verheiden<\/li>\n<p>&#13;<\/p>\n<li>Green Faces Blue Screens, interview r\u00e9cente avec le superviseur des effets visuels Scott Squires<\/li>\n<p>&#13;<\/p>\n<li>Sssssssplicin\u2019!, interview r\u00e9cente avec le monteur Arthur Coburn<\/li>\n<p>&#13;<\/p>\n<li>Ask Peggy, interview r\u00e9cente avec l\u2019actrice Amy Yasbeck<\/li>\n<p>&#13;<\/p>\n<li>Toeing the Conga Line, interview r\u00e9cente avec le chor\u00e9graphe Jerry Evans, incluant des images de r\u00e9p\u00e9tition in\u00e9dites<\/li>\n<p>&#13;<\/p>\n<li>Terriermania, nouvel essai vid\u00e9o de la critique Elizabeth Purchell sur le chien compagnon Milo<\/li>\n<p>&#13;<\/p>\n<li>Featurettes d\u2019archives : Return to Edge City, Introducing Cameron Diaz, Cartoon Logic, What Makes Fido Run, The Making Of, interviews sur le tournage avec le casting et le r\u00e9alisateur, et images B-Roll<\/li>\n<p>&#13;<\/p>\n<li>Sc\u00e8nes coup\u00e9es, avec commentaire optionnel du r\u00e9alisateur Chuck Russell<\/li>\n<p>&#13;<\/p>\n<li>Bande-annonce cin\u00e9ma<\/li>\n<p>&#13;<\/p>\n<li>Galerie d\u2019images<\/li>\n<p>&#13;<\/p>\n<li>Jaquette r\u00e9versible avec deux illustrations originales<\/li>\n<p>&#13;<\/p>\n<li>Livret collector illustr\u00e9 avec un texte in\u00e9dit sur le film par Alexandra Heller-Nicholas et notes de production originales<\/li>\n<p>&#13;<\/p>\n<li>Poster d\u00e9pliant double-face avec deux illustrations originales<\/li>\n<p>&#13;<\/p>\n<li>Six cartes postales reproduisant des artworks originaux<\/li>\n<p>&#13;<\/p>\n<li>Casting &amp; \u00e9quipe technique<\/li>\n<p>&#13;\n<\/ul>\n<p>Cette \u00e9dition collector sortira aux \u00c9tats\u2011Unis et au Canada le 11 novembre, et au Royaume\u2011Uni d\u00e8s le 10 novembre. En France, le film a curieusement \u00e9t\u00e9 r\u00e9\u00e9dit\u00e9 en Steelbook Blu-ray (1080p, ancien master) le 20 ao\u00fbt dernier chez Warner. Il faudra donc rester vigilant quant \u00e0 l\u2019\u00e9ventuelle sortie d\u2019une \u00e9dition UHD fran\u00e7aise \u00e9quivalente.<\/p>\n","protected":false},"excerpt":{"rendered":"Enfilez votre meilleur costume jaune et pr\u00e9parez-vous \u00e0 replonger dans une avalanche de gags cartoonesques ! The Mask&hellip;\n","protected":false},"author":2,"featured_media":354735,"comment_status":"","ping_status":"","sticky":false,"template":"","format":"standard","meta":{"footnotes":""},"categories":[1354],"tags":[58,59,1346,1011,27,1360],"class_list":{"0":"post-354734","1":"post","2":"type-post","3":"status-publish","4":"format-standard","5":"has-post-thumbnail","7":"category-films","8":"tag-divertissement","9":"tag-entertainment","10":"tag-films","11":"tag-fr","12":"tag-france","13":"tag-movies"},"share_on_mastodon":{"url":"https:\/\/pubeurope.com\/@fr\/115118396544587960","error":""},"_links":{"self":[{"href":"https:\/\/www.europesays.com\/fr\/wp-json\/wp\/v2\/posts\/354734","targetHints":{"allow":["GET"]}}],"collection":[{"href":"https:\/\/www.europesays.com\/fr\/wp-json\/wp\/v2\/posts"}],"about":[{"href":"https:\/\/www.europesays.com\/fr\/wp-json\/wp\/v2\/types\/post"}],"author":[{"embeddable":true,"href":"https:\/\/www.europesays.com\/fr\/wp-json\/wp\/v2\/users\/2"}],"replies":[{"embeddable":true,"href":"https:\/\/www.europesays.com\/fr\/wp-json\/wp\/v2\/comments?post=354734"}],"version-history":[{"count":0,"href":"https:\/\/www.europesays.com\/fr\/wp-json\/wp\/v2\/posts\/354734\/revisions"}],"wp:featuredmedia":[{"embeddable":true,"href":"https:\/\/www.europesays.com\/fr\/wp-json\/wp\/v2\/media\/354735"}],"wp:attachment":[{"href":"https:\/\/www.europesays.com\/fr\/wp-json\/wp\/v2\/media?parent=354734"}],"wp:term":[{"taxonomy":"category","embeddable":true,"href":"https:\/\/www.europesays.com\/fr\/wp-json\/wp\/v2\/categories?post=354734"},{"taxonomy":"post_tag","embeddable":true,"href":"https:\/\/www.europesays.com\/fr\/wp-json\/wp\/v2\/tags?post=354734"}],"curies":[{"name":"wp","href":"https:\/\/api.w.org\/{rel}","templated":true}]}}