{"id":354738,"date":"2025-08-30T15:22:12","date_gmt":"2025-08-30T15:22:12","guid":{"rendered":"https:\/\/www.europesays.com\/fr\/354738\/"},"modified":"2025-08-30T15:22:12","modified_gmt":"2025-08-30T15:22:12","slug":"gp-des-pays-bas-oscar-piastri-signe-sa-5e-pole-de-la-saison-isack-hadjar-en-deuxieme-ligne-lequipe","status":"publish","type":"post","link":"https:\/\/www.europesays.com\/fr\/354738\/","title":{"rendered":"GP des Pays-Bas : Oscar Piastri signe sa 5e pole de la saison, Isack Hadjar en deuxi\u00e8me ligne &#8211; L&#039;\u00c9quipe"},"content":{"rendered":"<ol>\n<li><a href=\"https:\/\/news.google.com\/rss\/articles\/CBMi6AFBVV95cUxPeWxySTFBcnZBMjlrS20ySGVlb0FFVl9iUXB3TENqOHY4Q243cmRTNU9nRl9BMW94Z0tiRTRMdFFwamlvNDRjdnNCOS1uTXhvXzgydF9aVHlTVG5LSy1nYndOQlVGRTV3bjRYTU82V0MweUJ6Rkwyenk2SEE4dFZrd2JrSE00N1NmbjRMUDk0R1JNMkFyN0htc2dkbDZ6a0lhek9Oc3dEQjMxWjlsWXBYQi1reFM5eHdxN0h5SjN5d2NHZENFa0k0NU5Ec3FQcEpoN3k1V2R5d0JKZW1FRjZ4a19HMk9ES1g2?oc=5\" target=\"_blank\" rel=\"nofollow noopener\">GP des Pays-Bas : Oscar Piastri signe sa 5e pole de la saison, Isack Hadjar en deuxi\u00e8me ligne<\/a>&nbsp;&nbsp;L&rsquo;\u00c9quipe<\/li>\n<li><a href=\"https:\/\/news.google.com\/rss\/articles\/CBMivwFBVV95cUxNMnFqMnBfM1ZaTlltUDJMVkxXSDJOdUJnVUxUcl9BTUxWMzFUSkhveThKelJfNktZcmx3QWNZTEd6d1huM3BidnpCNkJjQWUyMDZvYm1UYk9rbnVoX0N5V0hfN2I2SVlNbjlfZWRfZHdPN0FlNmlCOWFqT3J4Ql9RYm5IV1RpMVdlaU5FaEMxZzU3a0NkaHd1bmdzUDUwQWQyYklzUkVBTkpISW9LUlJkTTVWaHUtZmxINFRFbGpjTQ?oc=5\" target=\"_blank\" rel=\"nofollow noopener\">Grand Prix des Pays-Bas Essais qualificatifs en direct &#8211; Formule 1 r\u00e9sultats<\/a>&nbsp;&nbsp;Eurosport<\/li>\n<li><a href=\"https:\/\/news.google.com\/rss\/articles\/CBMi1AFBVV95cUxQMDMzRkpxOEd3Qi1mZHNrd0JjX2RrOFFUXzlWbTZBdlNCT3k3V3Y1Z0FoOXBfa1ptaEZxdXZEYUNtRDlVMk9ESnhzajhKX2ZWb3ROb1M1bUJ2TFhVdG5SLUlpYWxCbVl0QUNhV3J3VHpPb3pjU2tqSXA5R0ZDN0J0ZldxaUVsRG9PRFpFWjlDV21oUWR0RGlWRmhiTm9NOHJPMlNkbmpRZnFUMFRiS09PVFNUdmxxNHZObUtUMFFhWFRlTnpqOG0yZG5FckE0LVA3bC1rZw?oc=5\" target=\"_blank\" rel=\"nofollow noopener\">F1 Qualification, exploit retentissant, un Fran\u00e7ais en 2\u00e8me ligne aux Pays-Bas, doubl\u00e9 Mclaren<\/a>&nbsp;&nbsp;Le Mag Sport Auto<\/li>\n<li><a href=\"https:\/\/news.google.com\/rss\/articles\/CBMiwAFBVV95cUxQMzUxeTJqTFc0TVlPRHZTcWhDNzd0eFZQTmV2MmVPRE9zUWk1TENOMmJCbWh2VVd5ZzlBN3o3cUk5UVBGYnJ4M3pwMU9YbHdFUGg5UTh1NDhEYnpMc1lxZjNPMnVJV1Nvbko4amw5ejdkMm1uVE0wZGRwb1VpSEpET1VzakRVd3JDT19VRTRVUWw0Qy11MTdBaE93SlVJM2ZkY1JSYl9wUkdCNXUyWkRDeVhPYnVONnBPSUZiNmNST3M?oc=5\" target=\"_blank\" rel=\"nofollow noopener\">Formule 1 : Piastri en pole devant Norris, Hadjar magnifique 4e aux Pays-Bas<\/a>&nbsp;&nbsp;Le Figaro<\/li>\n<li><a href=\"https:\/\/news.google.com\/rss\/articles\/CBMisAFBVV95cUxONHRraVNnM2tiQ1U5bW5MVV9Xcjh5TmhCRUw3R1RYdGlJQUlLUGJaeThZYXRRTFBEN0RHRVhHRVRuN29ha3hwZkRIN2ZJclNYbUoxbE1MSjZ2N0tUVlB2bENFeFpTSk9uVDhTT0NSSGRWc01GOFVBVzhydG9nak9CZ2QwWTU3TjlZWUp4emFnV2ctc3dXQTNpNW5sZFNHYm1WNXlaLUtRN1R5Q3haNjNkZA?oc=5\" target=\"_blank\" rel=\"nofollow noopener\">Grand Prix des Pays-Bas de Formule 1 : le programme complet du samedi<\/a>&nbsp;&nbsp;AutoHebdo<\/li>\n<\/ol>\n","protected":false},"excerpt":{"rendered":"GP des Pays-Bas : Oscar Piastri signe sa 5e pole de la saison, Isack Hadjar en deuxi\u00e8me ligne&nbsp;&nbsp;L&rsquo;\u00c9quipe&hellip;\n","protected":false},"author":2,"featured_media":354739,"comment_status":"","ping_status":"","sticky":false,"template":"","format":"standard","meta":{"footnotes":""},"categories":[9],"tags":[1011,27,60],"class_list":{"0":"post-354738","1":"post","2":"type-post","3":"status-publish","4":"format-standard","5":"has-post-thumbnail","7":"category-sports","8":"tag-fr","9":"tag-france","10":"tag-sports"},"share_on_mastodon":{"url":"https:\/\/pubeurope.com\/@fr\/115118404598993787","error":""},"_links":{"self":[{"href":"https:\/\/www.europesays.com\/fr\/wp-json\/wp\/v2\/posts\/354738","targetHints":{"allow":["GET"]}}],"collection":[{"href":"https:\/\/www.europesays.com\/fr\/wp-json\/wp\/v2\/posts"}],"about":[{"href":"https:\/\/www.europesays.com\/fr\/wp-json\/wp\/v2\/types\/post"}],"author":[{"embeddable":true,"href":"https:\/\/www.europesays.com\/fr\/wp-json\/wp\/v2\/users\/2"}],"replies":[{"embeddable":true,"href":"https:\/\/www.europesays.com\/fr\/wp-json\/wp\/v2\/comments?post=354738"}],"version-history":[{"count":0,"href":"https:\/\/www.europesays.com\/fr\/wp-json\/wp\/v2\/posts\/354738\/revisions"}],"wp:featuredmedia":[{"embeddable":true,"href":"https:\/\/www.europesays.com\/fr\/wp-json\/wp\/v2\/media\/354739"}],"wp:attachment":[{"href":"https:\/\/www.europesays.com\/fr\/wp-json\/wp\/v2\/media?parent=354738"}],"wp:term":[{"taxonomy":"category","embeddable":true,"href":"https:\/\/www.europesays.com\/fr\/wp-json\/wp\/v2\/categories?post=354738"},{"taxonomy":"post_tag","embeddable":true,"href":"https:\/\/www.europesays.com\/fr\/wp-json\/wp\/v2\/tags?post=354738"}],"curies":[{"name":"wp","href":"https:\/\/api.w.org\/{rel}","templated":true}]}}