{"id":354742,"date":"2025-08-30T15:24:11","date_gmt":"2025-08-30T15:24:11","guid":{"rendered":"https:\/\/www.europesays.com\/fr\/354742\/"},"modified":"2025-08-30T15:24:11","modified_gmt":"2025-08-30T15:24:11","slug":"22-ans-apres-le-bruit-mysterieux-hante-toujours-les-astronautes-chinois","status":"publish","type":"post","link":"https:\/\/www.europesays.com\/fr\/354742\/","title":{"rendered":"22 ans apr\u00e8s le \u00ab\u00a0bruit myst\u00e9rieux\u00a0\u00bb hante toujours les astronautes chinois"},"content":{"rendered":"<p>Yang Liwei est l\u2019un des rares ta\u00efkonautes (des astronautes chinois ou japonais) \u00e0 avoir eu la chance de voler dans l\u2019espace. Ce r\u00eave s\u2019est r\u00e9alis\u00e9 le 15 octobre 2003. ce jour-l\u00e0, <a href=\"https:\/\/www.presse-citron.net\/debris-de-fusee-ca-tourne-mal-entre-la-chine-et-les-philippines\/\" rel=\"false nofollow noopener\" target=\"_blank\">une fus\u00e9e Longue Marche 2F<\/a> d\u00e9colle du pas de tir de Jiuquan, dans le d\u00e9sert de Gobi.<\/p>\n<p>Pendant plus de 21 heures, l\u2019ancien pilote de chasse de l\u2019arm\u00e9e chinoise effectue des exp\u00e9riences. En orbite autour de la Terre, \u00e0 340 kilom\u00e8tres de la surface, il est seul au monde. Mais cette idylle va s\u2019arr\u00eater net. Au milieu de sa mission, il entend un bruit. Il provient de la coque de son vaisseau.<\/p>\n<p>\u00ab\u00a0C\u2019\u00e9tait comme si quelqu\u2019un frappait le vaisseau comme un seau en fer heurt\u00e9 par un marteau en bois\u00a0\u00bb, selon ses propres mots. Jetant un regard par le hublot, il scrute l\u2019horizon. Mais tout lui para\u00eet normal. 22 ans plus tard, l\u2019origine de ce bruit reste inexpliqu\u00e9.<\/p>\n<p>Si plusieurs scientifiques ont \u00e9tudi\u00e9 la question, chacun apportant sa th\u00e9orie plus ou moins rationnelle, d\u2019autres astronautes voyageant dans un vaisseau similaire ont fait le m\u00eame t\u00e9moignage (en 2005 et en 2008). La pr\u00e9sence de ce m\u00eame bruit, lors de 3 missions scientifiques diff\u00e9rentes \u00e9carte les possibles hallucinations ou encore les rencontres avec un corps \u00e9tranger.<\/p>\n<p> Une dilatation thermique\u00a0? <\/p>\n<p>Pour l\u2019expert en ing\u00e9nierie spatiale \u00e0 l\u2019universit\u00e9 de Singapour, Wee-Seng Soh, ce bruit myst\u00e9rieux pourrait s\u2019expliquer par la dilatation et la contraction du vaisseau. Avec des changements de temp\u00e9rature soudain, le vaisseau chinois aurait pu voir son architecture interne bouger tr\u00e8s l\u00e9g\u00e8rement.<\/p>\n<p>Suffisamment en tout cas pour que cela soit perceptible aux oreilles des ta\u00efkonautes. Ne voulant pas semer la panique dans les missions suivantes, Yang Liwei a averti ses coll\u00e8gues d\u00e8s son retour sur Terre. Si le son a \u00e9t\u00e9 entendu deux fois de plus, il n\u2019est pas r\u00e9apparu depuis 2008.<\/p>\n<p> Comment voyage le son dans l\u2019espace\u00a0? <\/p>\n<p>Aujourd\u2019hui, bien que cela n\u2019ait pas \u00e9t\u00e9 d\u00e9montr\u00e9 scientifiquement, tous les chercheurs qui ont \u00e9tudi\u00e9 la question penche pour l\u2019hypoth\u00e8se d\u2019une dilatation des parois m\u00e9talliques \u00e0 l\u2019ext\u00e9rieur du vaisseau. Une th\u00e9orie qui permet d\u2019expliquer comment ce son aurait pu se balader dans l\u2019espace.<\/p>\n<p>En l\u2019absence de particules d\u2019air, le son est incapable de se d\u00e9placer. Si des ta\u00efkonautes l\u2019ont bien entendu, il provient forc\u00e9ment de l\u2019int\u00e9rieur du vaisseau. Bien que tr\u00e8s s\u00e9duisante, l\u2019id\u00e9e d\u2019un contact avec <a href=\"https:\/\/www.presse-citron.net\/vie-extraterrestre-cacher-glace-planete-systeme-solaire\/\" rel=\"false nofollow noopener\" target=\"_blank\">une forme de vie extraterrestre<\/a> est tr\u00e8s improbable. De fa\u00e7on plus rationnelle, la rencontre entre un micro d\u00e9bris et la coque est une explication possible, mais sa r\u00e9currence sur 3 missions diff\u00e9rentes complique grandement les choses.<\/p>\n<blockquote>\n<p class=\"text-base text-neutral-700 dark:text-neutral-300\">\ud83d\udccd Pour ne manquer aucune actualit\u00e9 de Presse-citron, suivez-nous sur <a href=\"https:\/\/news.google.com\/publications\/CAAqBggKMIPiNTC70wU?hl=fr&amp;gl=FR&amp;ceid=FR%3Afr\" target=\"_blank\" rel=\"nofollow noopener\">Google Actualit\u00e9s<\/a> et <a href=\"https:\/\/whatsapp.com\/channel\/0029VaCkGuz4NViitBXbEr0b\" target=\"_blank\" rel=\"nofollow noopener\">WhatsApp<\/a>.<\/p>\n<\/blockquote>\n","protected":false},"excerpt":{"rendered":"Yang Liwei est l\u2019un des rares ta\u00efkonautes (des astronautes chinois ou japonais) \u00e0 avoir eu la chance de&hellip;\n","protected":false},"author":2,"featured_media":354743,"comment_status":"","ping_status":"","sticky":false,"template":"","format":"standard","meta":{"footnotes":""},"categories":[7],"tags":[309,386,1011,27,43,40,41,39,42,44],"class_list":{"0":"post-354742","1":"post","2":"type-post","3":"status-publish","4":"format-standard","5":"has-post-thumbnail","7":"category-sciences-et-technologies","8":"tag-chine","9":"tag-espace","10":"tag-fr","11":"tag-france","12":"tag-science","13":"tag-science-and-technology","14":"tag-sciences","15":"tag-sciences-et-technologies","16":"tag-technologies","17":"tag-technology"},"share_on_mastodon":{"url":"","error":""},"_links":{"self":[{"href":"https:\/\/www.europesays.com\/fr\/wp-json\/wp\/v2\/posts\/354742","targetHints":{"allow":["GET"]}}],"collection":[{"href":"https:\/\/www.europesays.com\/fr\/wp-json\/wp\/v2\/posts"}],"about":[{"href":"https:\/\/www.europesays.com\/fr\/wp-json\/wp\/v2\/types\/post"}],"author":[{"embeddable":true,"href":"https:\/\/www.europesays.com\/fr\/wp-json\/wp\/v2\/users\/2"}],"replies":[{"embeddable":true,"href":"https:\/\/www.europesays.com\/fr\/wp-json\/wp\/v2\/comments?post=354742"}],"version-history":[{"count":0,"href":"https:\/\/www.europesays.com\/fr\/wp-json\/wp\/v2\/posts\/354742\/revisions"}],"wp:featuredmedia":[{"embeddable":true,"href":"https:\/\/www.europesays.com\/fr\/wp-json\/wp\/v2\/media\/354743"}],"wp:attachment":[{"href":"https:\/\/www.europesays.com\/fr\/wp-json\/wp\/v2\/media?parent=354742"}],"wp:term":[{"taxonomy":"category","embeddable":true,"href":"https:\/\/www.europesays.com\/fr\/wp-json\/wp\/v2\/categories?post=354742"},{"taxonomy":"post_tag","embeddable":true,"href":"https:\/\/www.europesays.com\/fr\/wp-json\/wp\/v2\/tags?post=354742"}],"curies":[{"name":"wp","href":"https:\/\/api.w.org\/{rel}","templated":true}]}}