{"id":354749,"date":"2025-08-30T15:28:14","date_gmt":"2025-08-30T15:28:14","guid":{"rendered":"https:\/\/www.europesays.com\/fr\/354749\/"},"modified":"2025-08-30T15:28:14","modified_gmt":"2025-08-30T15:28:14","slug":"georges-mikautadze-quitte-lyon-les-larmes-aux-yeux-pour-soulager-le-club-financierement","status":"publish","type":"post","link":"https:\/\/www.europesays.com\/fr\/354749\/","title":{"rendered":"Georges Mikautadze quitte Lyon les larmes aux yeux \u00ab\u00a0pour soulager le club financi\u00e8rement\u00a0\u00bb"},"content":{"rendered":"<p>Il n\u2019\u00e9tait pas uniquement <a href=\"https:\/\/www.20minutes.fr\/sport\/football\/ligue-1\/4118054-20241027-ol-aj-auxerre-besoin-buts-enfin-declic-georges-mikautadze-lyon\" target=\"_blank\" class=\"c-link c-link--is-underlined\" rel=\"nofollow noopener\">le seul avant-centre de l\u2019Olympique Lyonnais<\/a>. Georges Mikautadze \u00e9tait aussi une remarquable source de divertissement sur les r\u00e9seaux sociaux du club rhodanien, suffisant pour donner le sourire aux milliers de followers. Ne plus voir l\u2019attaquant g\u00e9orgien avec <a href=\"https:\/\/www.20minutes.fr\/sport\/4170186-20250829-ligue-europa-lyon-lille-sortent-bien-nice-beaucoup-moins\" target=\"_blank\" class=\"c-link c-link--is-underlined\" rel=\"nofollow noopener\">l\u2019OL<\/a> va donc \u00e9norm\u00e9ment manquer aux supporteurs. Mais l\u2019inverse est aussi vrai.<\/p>\n<blockquote class=\"twitter-tweet\" align=\"center\" data-lang=\"fr_FR\">\n<p lang=\"fr\" dir=\"ltr\">Les larmes aux yeux pour Georges Mikautadze au moment de saluer une derni\u00e8re fois les supporters pr\u00e9sents au GOLTC \ud83e\udd72\u2764\ufe0f\ud83d\udc99<\/p>\n<p>(juju6.9 sur tiktok) <a href=\"https:\/\/t.co\/xjmog8GKK2\" rel=\"nofollow\">pic.twitter.com\/xjmog8GKK2<\/a><\/p>\n<p>\u2014 \ud835\uddda\ud835\uddfc\ud835\uddfb\ud835\uddf2\ud835\ude00 \ud835\uddea\ud835\uddfc\ud835\uddff\ud835\uddf9\ud835\uddf1 \u2764\ufe0f\ud83d\udc99 (@gonesworld) <a href=\"https:\/\/twitter.com\/gonesworld\/status\/1961754899776983283?ref_src=twsrc%5Etfw\" rel=\"nofollow noopener\" target=\"_blank\">August 30, 2025<\/a><\/p><\/blockquote>\n<p class=\"mb-xxl@xs color-ultramarine font-weight-semi-bold@xs font-source-serif-pro heading-s@xs\">L\u2019acc\u00e8s \u00e0 ce contenu a \u00e9t\u00e9 bloqu\u00e9 afin de respecter votre choix de consentement<\/p>\n<p class=\"mb-m@xs text-l@xs\">En cliquant sur\u00ab J\u2019accepte \u00bb, vous acceptez le d\u00e9p\u00f4t de cookies par des services externes et aurez ainsi acc\u00e8s aux contenus de nos partenaires.<\/p>\n<p class=\"mb-xl@xs text-s@xs\">Plus d\u2019informations sur la page<a href=\"https:\/\/www.20minutes.fr\/gestion-cookies\" class=\"mx-xxs@xs color-ultramarine\" rel=\"nofollow noopener\" target=\"_blank\">Politique de gestion des cookies<\/a><\/p>\n<p>J\u2019accepte<\/p>\n<p>Dans une vid\u00e9o parue sur les r\u00e9seaux sociaux, on a aper\u00e7u l\u2019ancien buteur du FC Metz quittez le centre d\u2019entra\u00eenement lyonnais les larmes aux yeux dans sa voiture, au moment de dire au revoir \u00e0 certains fans pr\u00e9sents. Selon <a href=\"https:\/\/rmcsport.bfmtv.com\/football\/transferts\/mercato-mikautadze-quitte-l-ol-en-larmes-avant-de-signer-a-villarreal_AV-202508300235.html\" rel=\"nofollow noopener\" target=\"_blank\" class=\"c-link c-link--is-underlined\">RMC Sports<\/a>, Mikautadze aurait \u00e9galement dit au revoir \u00e0 ses co\u00e9quipiers en pleurs ce samedi matin, avant de rejoindre Villarreal, o\u00f9 il devrait s\u2019engager pour cinq saisons pour 30\u00a0millions d\u2019euros.<\/p>\n<p>A Villarreal \u00ab\u00a0pas par conviction personnelle\u00a0\u00bb<\/p>\n<p>Arriv\u00e9 de Metz en\u00a02024 pour 18,5\u00a0millions d\u2019euros et auteur de 18 buts en 49 matchs, Mikautadze a \u00e9t\u00e9 pouss\u00e9 vers la sortie pour <a href=\"https:\/\/www.20minutes.fr\/sport\/football\/4168190-20250817-ligue-1-bonne-opportunite-ol-peut-survivre-depart-malick-fofana\" target=\"_blank\" class=\"c-link c-link--is-underlined\" rel=\"nofollow noopener\">permettre au club de rester dans les clous aux yeux de la DNCG, le gendarme financier du football fran\u00e7ais, et de l\u2019UEFA<\/a>. L\u2019attaquant, mis au pied du mur par le club rhodanien alors qu\u2019il aurait voulu rester un an de plus, est \u00ab\u00a0d\u2019accord pour partir, afin de soulager le club financi\u00e8rement plus que par conviction personnelle\u00a0\u00bb, a confi\u00e9 un proche du joueur \u00e0 l\u2019AFP.<\/p>\n<\/p>\n<p><a href=\"https:\/\/www.20minutes.fr\/sport\/football\/ligue-1\/4149520-20250421-asse-ol-lyon-vient-vivre-semaine-plus-douloureuse-histoire\" target=\"_blank\" class=\"c-link c-link--is-underlined\" rel=\"nofollow noopener\">L\u2019entra\u00eeneur Paulo Fonseca<\/a> aurait souhait\u00e9 que le G\u00e9orgien joue contre l\u2019OM mais se dit malgr\u00e9 tout en phase avec sa direction et compr\u00e9hensif au vu de la situation p\u00e9rilleuse des finances lyonnaises. \u00ab\u00a0Je comprends la r\u00e9alit\u00e9 et nous sommes pr\u00eats \u00e0 affronter toutes les situations\u00a0\u00bb, a-t-il affirm\u00e9.<\/p>\n<p><script async src=\"https:\/\/platform.twitter.com\/widgets.js\" charset=\"utf-8\"><\/script><\/p>\n","protected":false},"excerpt":{"rendered":"Il n\u2019\u00e9tait pas uniquement le seul avant-centre de l\u2019Olympique Lyonnais. Georges Mikautadze \u00e9tait aussi une remarquable source de&hellip;\n","protected":false},"author":2,"featured_media":354750,"comment_status":"","ping_status":"","sticky":false,"template":"","format":"standard","meta":{"footnotes":""},"categories":[2],"tags":[11,19747,63,1011,27,66,1434,43746,12,2853,517,49091],"class_list":{"0":"post-354749","1":"post","2":"type-post","3":"status-publish","4":"format-standard","5":"has-post-thumbnail","7":"category-actualites","8":"tag-actualites","9":"tag-dncg","10":"tag-football","11":"tag-fr","12":"tag-france","13":"tag-ligue-1","14":"tag-mercato","15":"tag-mercato-ol","16":"tag-news","17":"tag-olympique-lyonnais-ol","18":"tag-sport","19":"tag-villareal"},"share_on_mastodon":{"url":"https:\/\/pubeurope.com\/@fr\/115118427493907828","error":""},"_links":{"self":[{"href":"https:\/\/www.europesays.com\/fr\/wp-json\/wp\/v2\/posts\/354749","targetHints":{"allow":["GET"]}}],"collection":[{"href":"https:\/\/www.europesays.com\/fr\/wp-json\/wp\/v2\/posts"}],"about":[{"href":"https:\/\/www.europesays.com\/fr\/wp-json\/wp\/v2\/types\/post"}],"author":[{"embeddable":true,"href":"https:\/\/www.europesays.com\/fr\/wp-json\/wp\/v2\/users\/2"}],"replies":[{"embeddable":true,"href":"https:\/\/www.europesays.com\/fr\/wp-json\/wp\/v2\/comments?post=354749"}],"version-history":[{"count":0,"href":"https:\/\/www.europesays.com\/fr\/wp-json\/wp\/v2\/posts\/354749\/revisions"}],"wp:featuredmedia":[{"embeddable":true,"href":"https:\/\/www.europesays.com\/fr\/wp-json\/wp\/v2\/media\/354750"}],"wp:attachment":[{"href":"https:\/\/www.europesays.com\/fr\/wp-json\/wp\/v2\/media?parent=354749"}],"wp:term":[{"taxonomy":"category","embeddable":true,"href":"https:\/\/www.europesays.com\/fr\/wp-json\/wp\/v2\/categories?post=354749"},{"taxonomy":"post_tag","embeddable":true,"href":"https:\/\/www.europesays.com\/fr\/wp-json\/wp\/v2\/tags?post=354749"}],"curies":[{"name":"wp","href":"https:\/\/api.w.org\/{rel}","templated":true}]}}