{"id":354755,"date":"2025-08-30T15:36:12","date_gmt":"2025-08-30T15:36:12","guid":{"rendered":"https:\/\/www.europesays.com\/fr\/354755\/"},"modified":"2025-08-30T15:36:12","modified_gmt":"2025-08-30T15:36:12","slug":"ludres-les-vetetistes-a-la-decouverte-des-terres-noires","status":"publish","type":"post","link":"https:\/\/www.europesays.com\/fr\/354755\/","title":{"rendered":"Ludres. Les v\u00e9t\u00e9tistes \u00e0 la d\u00e9couverte des Terres noires"},"content":{"rendered":"<p>Les v\u00e9t\u00e9tistes du club de Ludres ont quitt\u00e9 leurs sentiers habituels de la for\u00eat de Haye pour un s\u00e9jour sportif dans les Alpes-de-Haute-Provence. Encadr\u00e9s par leur pr\u00e9sident Sylvain Kohler, ils ont reli\u00e9 Sisteron \u00e0 Digne-les-Bains, parcourant 200\u00a0km avec 7\u00a0000\u00a0m de d\u00e9nivel\u00e9. Leur itin\u00e9raire les a conduits notamment sur la Dalle aux Ammonites, site g\u00e9ologique unique, et jusqu\u2019\u00e0 la citadelle de Sisteron. De retour en Lorraine, le club a pr\u00e9par\u00e9 la reprise des entra\u00eenements pour les jeunes qui a eu lieu le samedi 30\u00a0ao\u00fbt. Une journ\u00e9e portes ouvertes se tiendra le samedi 6\u00a0septembre \u00e0 Sequoia.<\/p>\n","protected":false},"excerpt":{"rendered":"Les v\u00e9t\u00e9tistes du club de Ludres ont quitt\u00e9 leurs sentiers habituels de la for\u00eat de Haye pour un&hellip;\n","protected":false},"author":2,"featured_media":354756,"comment_status":"","ping_status":"","sticky":false,"template":"","format":"standard","meta":{"footnotes":""},"categories":[9635],"tags":[1111,11,1687,1704,1777,674,1011,27,775,11413,9649,1702,12,25],"class_list":{"0":"post-354755","1":"post","2":"type-post","3":"status-publish","4":"format-standard","5":"has-post-thumbnail","7":"category-nancy","8":"tag-actu","9":"tag-actualites","10":"tag-culture-loisirs","11":"tag-edition-nancy-et-agglomeration","12":"tag-eu","13":"tag-europe","14":"tag-fr","15":"tag-france","16":"tag-grand-est","17":"tag-ludres","18":"tag-metropole-du-grand-nancy-54b2","19":"tag-nancy","20":"tag-news","21":"tag-republique-francaise"},"share_on_mastodon":{"url":"https:\/\/pubeurope.com\/@fr\/115118459071855454","error":""},"_links":{"self":[{"href":"https:\/\/www.europesays.com\/fr\/wp-json\/wp\/v2\/posts\/354755","targetHints":{"allow":["GET"]}}],"collection":[{"href":"https:\/\/www.europesays.com\/fr\/wp-json\/wp\/v2\/posts"}],"about":[{"href":"https:\/\/www.europesays.com\/fr\/wp-json\/wp\/v2\/types\/post"}],"author":[{"embeddable":true,"href":"https:\/\/www.europesays.com\/fr\/wp-json\/wp\/v2\/users\/2"}],"replies":[{"embeddable":true,"href":"https:\/\/www.europesays.com\/fr\/wp-json\/wp\/v2\/comments?post=354755"}],"version-history":[{"count":0,"href":"https:\/\/www.europesays.com\/fr\/wp-json\/wp\/v2\/posts\/354755\/revisions"}],"wp:featuredmedia":[{"embeddable":true,"href":"https:\/\/www.europesays.com\/fr\/wp-json\/wp\/v2\/media\/354756"}],"wp:attachment":[{"href":"https:\/\/www.europesays.com\/fr\/wp-json\/wp\/v2\/media?parent=354755"}],"wp:term":[{"taxonomy":"category","embeddable":true,"href":"https:\/\/www.europesays.com\/fr\/wp-json\/wp\/v2\/categories?post=354755"},{"taxonomy":"post_tag","embeddable":true,"href":"https:\/\/www.europesays.com\/fr\/wp-json\/wp\/v2\/tags?post=354755"}],"curies":[{"name":"wp","href":"https:\/\/api.w.org\/{rel}","templated":true}]}}