{"id":354757,"date":"2025-08-30T15:37:44","date_gmt":"2025-08-30T15:37:44","guid":{"rendered":"https:\/\/www.europesays.com\/fr\/354757\/"},"modified":"2025-08-30T15:37:44","modified_gmt":"2025-08-30T15:37:44","slug":"guillaume-gallienne-president-du-livre-sur-la-place-de-nancy","status":"publish","type":"post","link":"https:\/\/www.europesays.com\/fr\/354757\/","title":{"rendered":"Guillaume Gallienne, pr\u00e9sident du Livre sur la Place de Nancy"},"content":{"rendered":"<p><strong>La 47\u1d49 \u00e9dition de l\u2019\u00e9v\u00e9nement litt\u00e9raire de rentr\u00e9e se tiendra du vendredi 12 au dimanche 14 septembre 2025. Plus de 130 000 visiteurs sont attendus, ainsi que 500 auteurs et illustrateurs. Pr\u00e8s de 200 d\u2019entre eux participant \u00e0 des d\u00e9bats, rencontres et animations.<\/strong><\/p>\n<p><img loading=\"lazy\" decoding=\"async\" class=\"size-full wp-image-52397\" src=\"https:\/\/www.europesays.com\/fr\/wp-content\/uploads\/2025\/08\/le-livre-sur-la-place-2.jpg\" alt=\"Nancy : le livre sur la place (twitter)\" width=\"1200\" height=\"800\"  \/>Nancy : le livre sur la place (twitter)<\/p>\n<p>La programmation met l\u2019accent sur la sinc\u00e9rit\u00e9, l\u2019introspection et les th\u00e8mes humains comme l\u2019identit\u00e9, l\u2019exil, l\u2019enfance, le d\u00e9sir et le souvenir, tout en couvrant tous les genres : romans, essais, bandes dessin\u00e9es, litt\u00e9rature jeunesse et plus. Le salon sera pr\u00e9sid\u00e9 par <strong>Guillaume Gallienne<\/strong>, acteur, r\u00e9alisateur, \u00e9crivain et soci\u00e9taire de la Com\u00e9die-Fran\u00e7aise, connu pour son humour, sa sensibilit\u00e9 et son premier roman Le Buveur de brume (mai 2025). Il succ\u00e8de \u00e0 Edgar Morin et animera l\u2019\u00e9v\u00e9nement avec des lectures et des \u00e9changes, en \u00e9cho \u00e0 ses ann\u00e9es de lectures litt\u00e9raires sur Radio France.<\/p>\n<p>Horaires g\u00e9n\u00e9raux du chapiteau place de la Carri\u00e8re<\/p>\n<ul>\n<li>vendredi 12 septembre : 9h \u00e0 19h<\/li>\n<li>samedi 13 septembre : 10h \u00e0 19h<\/li>\n<li>dimanche 14 septembre : 10h \u00e0 18h<\/li>\n<\/ul>\n<p>Les d\u00e9dicaces auront lieu tout au long des trois jours sous le chapiteau, avec <strong>plus de 200 maisons d\u2019\u00e9dition pr\u00e9sentes.<\/strong> Des animations familiales, ateliers pour enfants (s\u00e9rigraphie, dessin, contes) et lectures publiques seront propos\u00e9es, notamment au <strong>Petit Palais<\/strong> (devant le Palais du Gouvernement) et \u00e0 l\u2019Arc H\u00e9r\u00e9.<\/p>\n<p>Temps forts et programme<\/p>\n<p>La programmation compl\u00e8te a \u00e9t\u00e9 d\u00e9voil\u00e9e le 26 ao\u00fbt 2025. Elle inclut <strong>237 auteurs et autrices<\/strong> dans des \u00e9v\u00e9nements vari\u00e9s : d\u00e9bats d\u2019id\u00e9es, rencontres, duos d\u2019auteurs, lectures, remises de prix et spectacles. <strong>Voici un aper\u00e7u des moments phares.<\/strong><\/p>\n<p>Vendredi 12 septembre : Inauguration et d\u00e9bats d\u2019ouverture<\/p>\n<ul>\n<li>11h : <strong>Rencontre avec Anne Sinclair<\/strong>, pr\u00e9sidente du 23e Prix Livre et Droits Humains (remise du prix le m\u00eame jour \u00e0 l\u2019H\u00f4tel de ville). Th\u00e8me : droits humains et journalisme.<\/li>\n<li>Midi : <strong>Inauguration<\/strong> au Forum litt\u00e9raire Bernard Pivot (probablement place de la Carri\u00e8re).<\/li>\n<li>15h : <strong>Enregistrement de l\u2019\u00e9mission Big Bang<\/strong> (France Inter) \u00e0 l\u2019Op\u00e9ra national de Lorraine, anim\u00e9e par Christophe Galfard sur la science et la litt\u00e9rature.<\/li>\n<li>16 h 30 : <strong>Rencontre avec Nicolas Demorand<\/strong> (Int\u00e9rieur nuit, Les Ar\u00e8nes) \u00e0 la Salle Poirel, sur la sant\u00e9 mentale.<\/li>\n<li><strong>D\u00e9bats d\u2019id\u00e9es<\/strong> : Focus sur l\u2019actualit\u00e9 avec romanciers, philosophes et journalistes (ex. : th\u00e8mes comme l\u2019empathie et la r\u00e9sistance face \u00e0 la censure).<\/li>\n<\/ul>\n<p>Soir\u00e9e : <strong>Spectacle sur les fa\u00e7ades de la place Stanisla<\/strong>s \u00e0 22 h 45 (retard\u00e9 pour un d\u00eener \u00e0 l\u2019H\u00f4tel de ville).<\/p>\n<p>Samedi 13 septembre : Rencontres et prix<\/p>\n<ul>\n<li>D\u00e9bats et duos :\u00a0 Christine Angot et Emmanuel Carr\u00e8re sur l\u2019introspection et l\u2019identit\u00e9. Franck Thilliez en rencontre polar\/thriller. Javier Cercas, Patrice Spinosi, Thomas VDB, Serena Giuliano, David Foenkinos, Ad\u00e9la\u00efde de Clermont-Tonnerre, Andrew O\u2019Hagan, Jenny Erpenbeck, Violaine B\u00e9rot, Alfred de Montesquiou, Philippe Claudel, Richard Malka, Laurent Mauvignier, Michel Hazanavicius, Jonathan Coe, Jayne Anne Phillips, Gabriela Cabez\u00f3n C\u00e1mara.\u2022 19h : <strong>Carte blanche \u00e0 Jean-Marie Gustave Le Cl\u00e9zio<\/strong> (prix Nobel de litt\u00e9rature), lecture de textes fondateurs<br \/>accompagn\u00e9e de musique par Liselotte Hamm et Jean-Marie Hummel, \u00e0 l\u2019Op\u00e9ra national de Lorraine.\u2022 Prix : Remises potentielles comme le Prix des libraires de Nancy \u2013 Le Point (coup de c\u0153ur de la rentr\u00e9e).<\/li>\n<\/ul>\n<p>Dimanche 14 septembre : Cl\u00f4ture et litt\u00e9rature jeunesse<\/p>\n<p>\u2022 <strong>Focus sur le jeune public<\/strong> : Ateliers et contes avec auteurs comme Daniel Picouly ou \u00c9mile Jadoul.<br \/>\u2022 <strong>D\u00e9bats<\/strong> : \u00c9changes sur la traduction, la nature et l\u2019amour (en lien avec les th\u00e8mes de l\u2019\u00e9dition).<br \/>\u2022 <strong>Concert dessin\u00e9<\/strong> avec Arthur H et Alfred.<br \/>\u2022 <strong>Spectacle sur les fa\u00e7ades de la place Stanislas<\/strong> \u00e0 22h (derni\u00e8re de la saison).<\/p>\n<p>Les Prix<\/p>\n<ul>\n<li><strong>Prix Stanislas<\/strong> (meilleur premier roman), pr\u00e9sid\u00e9 par Kamel Daoud (laur\u00e9at Goncourt des Lyc\u00e9ens 2014 et Goncourt 2024 pour un autre ouvrage).<\/li>\n<li><strong>Prix Gingko du livre audio<\/strong>, pr\u00e9sid\u00e9 par Mathias Malzieu (chanteur de Dionysos et \u00e9crivain).<\/li>\n<li><strong> Prix du Livre Environnement<\/strong> (20\u1d49 \u00e9dition).<\/li>\n<li><strong>Prix M\u00e9tropolitain<\/strong> du r\u00e9seau Stan (premi\u00e8re \u00e9dition en 2025).<\/li>\n<li><strong>Autres<\/strong> : Goncourt de la Biographie Edmonde Charles-Roux (depuis 1980), La Feuille d\u2019Or de Nancy (pour un auteur du Grand Est), Prix des enfants (Nouvelle de la classe).<\/li>\n<\/ul>\n<p>Auteurs et invit\u00e9s notables<\/p>\n<p>Plus de 500 auteurs pour d\u00e9dicaces, dont une centaine du Grand Est et 16 nationalit\u00e9s repr\u00e9sent\u00e9es. Parmi les confirm\u00e9s : Guillaume Gallienne, Anne Sinclair, Kamel Daoud, Mathias Malzieu, Rapha\u00ebl Quenard, Franck Thilliez, et des membres de l\u2019Acad\u00e9mie Goncourt comme Philippe Claudel (pr\u00e9sident), Christine Angot, Pierre Assouline, Pascal Bruckner, Fran\u00e7oise Chandernagor, \u00c9ric-Emmanuel Schmitt.<\/p>\n<p>Guillaume Gallienne<br \/>\n<img loading=\"lazy\" decoding=\"async\" class=\"wp-image-81699 size-medium\" src=\"https:\/\/www.europesays.com\/fr\/wp-content\/uploads\/2025\/08\/guillaume-gallienne-Le-Livre-sur-la-PLace-289x300.jpg\" alt=\"Guillaume Gallienne (Le Livre sur la place )\" width=\"289\" height=\"300\"  \/>Guillaume Gallienne (Le Livre sur la place )<\/p>\n<p>Guillaume Gallienne est le pr\u00e9sident de l\u2019\u00e9dition 2025 du Livre sur la Place. Son talent, son \u00e9l\u00e9gance, son humour, sa m\u00e9lancolie et sa vivacit\u00e9 nous donnent un \u00e9lan incroyable.<br \/>Acteur, dramaturge, metteur en sc\u00e8ne, r\u00e9alisateur et soci\u00e9taire de la Com\u00e9die-Fran\u00e7aise, il a \u00e9t\u00e9 r\u00e9compens\u00e9 par un Moli\u00e8re en 2010 et par cinq C\u00e9sars en 2014 pour son film \u00ab Les Gar\u00e7ons et Guillaume, \u00e0 table ! \u00bb Il a aussi, pendant dix ans, lu chaque samedi de grands textes de la litt\u00e9rature sur France Inter. Il vient de publier son premier roman, un r\u00e9cit personnel, libre et engag\u00e9, dans lequel il plonge dans l\u2019histoire familiale et ses fant\u00f4mes : cette lign\u00e9e g\u00e9orgienne incroyable qui a fa\u00e7onn\u00e9 l\u2019homme et le com\u00e9dien qu\u2019il est devenu.<br \/><strong>Le passeur Guillaume Gallienne est donc aussi \u00e9crivain<\/strong>. Et si la litt\u00e9rature l\u2019a construit, si ses lectures ont nourri ses r\u00eaves et certainement autoris\u00e9 ses plus grands d\u00e9sirs, en passant de l\u2019autre c\u00f4t\u00e9, il lui rend bien ce qu\u2019elle lui a donn\u00e9. Lecteur, passeur, \u00e9crivain, Guillaume Gallienne est un homme itin\u00e9rant dans le monde de la litt\u00e9rature. Et \u00e7a, \u00ab \u00e7a peut pas faire de mal ! \u00bb<\/p>\n<p>\u25b6<strong>Vendredi 12 septembre<\/strong> \u00e0 18 h 15 \u00e0 l\u2019Op\u00e9ra national de Nancy-Lorraine : Grande rencontre. En partenariat avec EDF, le magazine Elle et l\u2019Institut des Sourds de la Malgrange.<br \/>\u25b6<strong>Samedi 13 septembre<\/strong> \u00e0 15h \u00e0 l\u2019Op\u00e9ra national de Nancy-Lorraine : De la col\u00e8re au rire<br \/>Lecture d\u2019extraits de textes de Victor Hugo, Marcel Proust, Marguerite Duras, Gabriel Garc\u00eda M\u00e1rquez, ainsi<br \/>que des extraits de son r\u00e9cit Le buveur de brume. Des textes pleins de col\u00e8re et d\u2019autres d\u2019\u00e9clats de rires.<\/p>\n<p style=\"text-align: center;\"><a class=\"bouton\" href=\"https:\/\/lelivresurlaplace.nancy.fr\/accueil\" target=\"_blank\" rel=\"noopener\">Tout le programme sur le site officiel<\/a><\/p>\n<blockquote class=\"twitter-tweet\">\n<p dir=\"ltr\" lang=\"fr\">\ud83c\udfc6 S\u00c9LECTION DU PRIX STANISLAS 2025 \u2013 LE LIVRE SUR LA PLACE<\/p>\n<p>Le Prix Stanislas sera remis pendant la 47e \u00e9dition du Livre sur la Place le samedi 13 septembre 2025 \u00e0 Nancy.<\/p>\n<p>F\u00e9licitations \u00e0 tous les auteurs s\u00e9lectionn\u00e9s ainsi qu\u2019\u00e0 leurs \u00e9diteurs. <a href=\"https:\/\/t.co\/IQZhRWcWJI\">pic.twitter.com\/IQZhRWcWJI<\/a><\/p>\n<p>\u2014 Alina Gurdiel (@alina_gurdiel) <a href=\"https:\/\/twitter.com\/alina_gurdiel\/status\/1942597941828673785?ref_src=twsrc%5Etfw\" target=\"_blank\" rel=\"noopener\">July 8, 2025<\/a><\/p>\n<\/blockquote>\n<p>\u00a0<\/p>\n<p>\t\t<script async src=\"https:\/\/platform.twitter.com\/widgets.js\" charset=\"utf-8\"><\/script><\/p>\n","protected":false},"excerpt":{"rendered":"La 47\u1d49 \u00e9dition de l\u2019\u00e9v\u00e9nement litt\u00e9raire de rentr\u00e9e se tiendra du vendredi 12 au dimanche 14 septembre 2025.&hellip;\n","protected":false},"author":2,"featured_media":354758,"comment_status":"","ping_status":"","sticky":false,"template":"","format":"standard","meta":{"footnotes":""},"categories":[9635],"tags":[328,1111,11,1777,674,1011,27,775,22382,1702,12,25],"class_list":{"0":"post-354757","1":"post","2":"type-post","3":"status-publish","4":"format-standard","5":"has-post-thumbnail","7":"category-nancy","8":"tag-a-la-une","9":"tag-actu","10":"tag-actualites","11":"tag-eu","12":"tag-europe","13":"tag-fr","14":"tag-france","15":"tag-grand-est","16":"tag-le-livre-sur-la-place","17":"tag-nancy","18":"tag-news","19":"tag-republique-francaise"},"share_on_mastodon":{"url":"https:\/\/pubeurope.com\/@fr\/115118463401948548","error":""},"_links":{"self":[{"href":"https:\/\/www.europesays.com\/fr\/wp-json\/wp\/v2\/posts\/354757","targetHints":{"allow":["GET"]}}],"collection":[{"href":"https:\/\/www.europesays.com\/fr\/wp-json\/wp\/v2\/posts"}],"about":[{"href":"https:\/\/www.europesays.com\/fr\/wp-json\/wp\/v2\/types\/post"}],"author":[{"embeddable":true,"href":"https:\/\/www.europesays.com\/fr\/wp-json\/wp\/v2\/users\/2"}],"replies":[{"embeddable":true,"href":"https:\/\/www.europesays.com\/fr\/wp-json\/wp\/v2\/comments?post=354757"}],"version-history":[{"count":0,"href":"https:\/\/www.europesays.com\/fr\/wp-json\/wp\/v2\/posts\/354757\/revisions"}],"wp:featuredmedia":[{"embeddable":true,"href":"https:\/\/www.europesays.com\/fr\/wp-json\/wp\/v2\/media\/354758"}],"wp:attachment":[{"href":"https:\/\/www.europesays.com\/fr\/wp-json\/wp\/v2\/media?parent=354757"}],"wp:term":[{"taxonomy":"category","embeddable":true,"href":"https:\/\/www.europesays.com\/fr\/wp-json\/wp\/v2\/categories?post=354757"},{"taxonomy":"post_tag","embeddable":true,"href":"https:\/\/www.europesays.com\/fr\/wp-json\/wp\/v2\/tags?post=354757"}],"curies":[{"name":"wp","href":"https:\/\/api.w.org\/{rel}","templated":true}]}}