{"id":354763,"date":"2025-08-30T15:40:19","date_gmt":"2025-08-30T15:40:19","guid":{"rendered":"https:\/\/www.europesays.com\/fr\/354763\/"},"modified":"2025-08-30T15:40:19","modified_gmt":"2025-08-30T15:40:19","slug":"precarite-selection-sans-facs-une-rentree-sous-tension","status":"publish","type":"post","link":"https:\/\/www.europesays.com\/fr\/354763\/","title":{"rendered":"pr\u00e9carit\u00e9, s\u00e9lection, \u00ab sans facs \u00bb, une rentr\u00e9e sous tension"},"content":{"rendered":"<p>            Par<br \/>\n        <strong><br \/>\n            <a href=\"https:\/\/actu.fr\/auteur\/g-martin\" title=\"Consulter tous les articles de Gil Martin\" rel=\"nofollow noopener\" target=\"_blank\">Gil Martin<\/a><br \/>\n        <\/strong><\/p>\n<p>        Publi\u00e9 le<\/p>\n<p>            30 ao\u00fbt 2025 \u00e0 17h26        <\/p>\n<p>Ce jeudi 28 ao\u00fbt, le <strong>Syndicat de Combat Universitaire de Montpellier<\/strong> (le SCUM) a rencontr\u00e9 la presse sur le campus Richter de l\u2019Universit\u00e9 de Montpellier. Les \u00e9tudiants ont confirm\u00e9 que cette rentr\u00e9e 2025 ressemble malheureusement aux pr\u00e9c\u00e9dentes, <strong>marqu\u00e9e par la pr\u00e9carit\u00e9 galopante des jeunes<\/strong>, de plus en plus nombreux \u00e0 assister aux distributions alimentaires, une situation d\u00e9sastreuse <strong>suraliment\u00e9e par une profonde crise du logement<\/strong> (seuls 10% des \u00e9tudiants boursiers ont acc\u00e8s \u00e0 une chambre en Cit\u00e9-U).<\/p>\n<p>Des \u00e9tudiants ponctionn\u00e9s<\/p>\n<p class=\" wall-content\">\u00ab\u00a0Le constat est sans appel : <strong>la pr\u00e9carit\u00e9 s\u2019amplifie<\/strong> et touche de plus en plus de jeunes\u00a0\u00bb, assure le SCUM chiffres \u00e0 l\u2019appui\u00a0: \u00ab\u00a0Depuis 2017, soit l\u2019arriv\u00e9e au pouvoir d\u2019Emmanuel Macron, les \u00e9tudiants ont subit de plein fouet des mesures d\u00e9cid\u00e9es par l\u2019Etat (augmentation des frais d\u2019inscription \u00e0 l\u2019universit\u00e9, baisse des APL, stagnation des bourses, crise du logement, augmentation de l\u2019alimentation, du co\u00fbt de l\u2019\u00e9nergie, etc\u2026) ce qui se traduit au final par <strong>une perte de 2650 \u20ac par an<\/strong>\u00a0\u00bb. \u00a0<\/p>\n<blockquote class=\"ac-article-quote wall-content\">\n<p>A Montpellier, les loyers sont tr\u00e8s \u00e9lev\u00e9s et repr\u00e9sentent 75% du budget d\u2019un \u00e9tudiant\u00a0\u00bb<\/p>\n<p>    <strong>SCUM<\/strong>\n            <\/p><\/blockquote>\n<p class=\" wall-content\">Le SCUM d\u00e9nonce le peu d\u2019int\u00e9r\u00eat de l\u2019Etat pour les \u00e9tudiants boursiers\u00a0: \u00ab\u00a0En effet, les bourses n\u2019ont augment\u00e9 que de 4% et 1 % en 2020 et 2021 puis plus rien et les \u00e9tudiants subissent une situation de plus en plus pr\u00e9caire qui est devenue clairement alarmante\u00a0\u00bb. Le syndicat \u00e9tudiant rappelle notamment avoir du distribuer plus de 15 000 colis alimentaires en 2025. \u00ab\u00a0Pour bien comprendre cette pr\u00e9carit\u00e9, sachez que le niveau le plus \u00e9lev\u00e9 des bourses, soit 633,5\u20ac\/mois, ne repr\u00e9sente que que 45% du seuil de pauvret\u00e9\u00a0\u00bb.<\/p>\n<p>    <a href=\"https:\/\/www.google.com\/maps\/embed?pb=!1m18!1m12!1m3!1d2887.7123359005273!2d3.868612311229867!3d43.63334587098252!2m3!1f0!2f0!3f0!3m2!1i1024!2i768!4f13.1!3m3!1m2!1s0x26fa26333c37bb2f%3A0x93d4baf112d3d070!2sSCUM%20-%20Syndicat%20de%20Combat%20Universitaire!5e0!3m2!1sfr!2sfr!4v1756575362265!5m2!1sfr!2sfr\" title=\"Ouvrie le lien\" rel=\"nofollow noopener\" target=\"_blank\">Cliquez ici pour visualiser le contenu<\/a><\/p>\n<p>Vid\u00e9os : en ce moment sur ActuPeu de logements universitaires<\/p>\n<p class=\" wall-content\">A Montpellier, le SCUM estime que le co\u00fbt de la vie pour un \u00e9tudiant a encore augment\u00e9 de 5,54% cette ann\u00e9e, \u00ab\u00a0une hausse qui s\u2019ajoute \u00e0 celle 3,65% constat\u00e9e en l\u2019an dernier, qui suivait elle-m\u00eame une hausse de 6,4% en 2022 et +2,14% en 2021\u00a0\u00bb, souligne le SCUM qui pointe l\u2019un des principaux probl\u00e8mes pour les \u00e9tudiants\u00a0: le logement. \u00ab\u00a0Il n\u2019y a pas assez de places en cit\u00e9-universitaire et les loyers dans le secteur locatif sont tr\u00e8s \u00e9lev\u00e9s \u00e0 Montpellier\u00a0\u00bb, rappelle le SCUM, indiquant que le loyer repr\u00e9sente 75% du budget d\u2019un \u00e9tudiant.<\/p>\n<p>    <img   decoding=\"async\" loading=\"lazy\" src=\"https:\/\/static.actu.fr\/uploads\/2025\/08\/photo-distri-alimentaire-960x640.jpg\" alt=\"Les distributions alimentaires de plus en plus nombreuses, symbole d'une pr\u00e9carit\u00e9 \u00e9tudiante alarmante\" width=\"960\" height=\"640\"\/><br \/>\n    Les distributions alimentaires de plus en plus nombreuses, symbole d\u2019une pr\u00e9carit\u00e9 \u00e9tudiante alarmante (\u00a9M\u00e9tropolitain \u2013 archives)<\/p>\n<p>Votre r\u00e9gion, votre actu !<\/p>\n<p>Recevez chaque jour les infos qui comptent pour vous.<\/p>\n<p>\t<a href=\"https:\/\/actu.fr\/newsletter\" class=\"ac-btn ac-btn--corner ac-btn--medium ac-btn--blue800\" rel=\"nofollow noopener\" target=\"_blank\">S&rsquo;incrire<\/a><br \/>\nAu minimum 455 \u20ac par mois<\/p>\n<p class=\" wall-content\">\u00ab La crise du logement ne cesse de s\u2019amplifier d\u2019ann\u00e9e en ann\u00e9e avec un contexte de tension locative importante, \u00e0 Montpellier comme dans les autres villes \u00e9tudiantes\u2026 Alors que le Crous, ici, ne peut loger qu\u2019\u00e0 peine 10% des \u00e9tudiants, le prix m\u00e9dian d\u2019un studio ou d\u2019un F1 se situe \u00e0 au moins 455\u20ac par mois \u00bb. Cons\u00e9quence : de nombreux \u00e9tudiants se retrouvent sans solution, si ce n\u2019est \u00e0 la rue : \u00ab En 2024, plus de 150 \u00e9tudiants sans logement nous ont sollicit\u00e9s \u00bb, rappelle le SCUM : \u00ab Cette ann\u00e9e, ce triste chiffre sera aussi atteint voire d\u00e9pass\u00e9 \u00bb.<\/p>\n<p class=\" wall-content\">Au passage, le syndicat \u00e9tudiant pointe la politique du CROUS : \u00ab A cette crise du logement s\u2019ajoute en effet les r\u00e9centes augmentations des loyers du Crous, soit plus 3,5% \u00bb. Le SCUM s\u2019est largement mobilis\u00e9 contre cette annonce et d\u00e9plore aujourd\u2019hui des loyers \u00e9lev\u00e9s pour les logements universitaires :<br \/>-Chambre de 9m\u00b2 : +8,39\u20ac par mois pour un loyer mensuel de 265,80\u20ac ;<br \/>-Studio 18m\u00b2 \u00e0 la Cit\u00e9 U de La Colombi\u00e8re : +11,86\u20ac par un loyer mensuel de 375,58\u20ac ;<br \/>-T2 \u00e0 la r\u00e9sidence Alexandrie : +20,17\u20ac par mois pour un loyer mensuel de 638,93\u20ac.<\/p>\n<p>Le stationnement point\u00e9 du doigt<\/p>\n<p class=\" wall-content\">Enfin, le SCUM insiste sur une autre difficult\u00e9 financi\u00e8re rencontr\u00e9e par les \u00e9tudiants\u00a0: le prix du stationnement. \u00ab\u00a0Dans ce domaine, La situation empire \u00e9galement\u00a0\u00bb, indique le syndicat\u00a0: \u00ab\u00a0Les places de parking aux alentours des facs sont devenues payantes avec un abonnement de 150 euros par an\u2026 Cons\u00e9quence de ces choix de la Ville\u00a0: m\u00eame se loger en dehors de Montpellier n\u2019est plus une option. Il faut quand m\u00eame rappeler que de nombreux \u00e9tudiants viennent en voiture car, face \u00e0 la p\u00e9nurie de logement, ils doivent trouver un logement en dehors de Montpellier et ils ne peuvent pas toujours compter sur les transports en commun\u2026 Ils sont donc encore plus p\u00e9nalis\u00e9s\u00a0\u00bb.<\/p>\n<p>La mobilisation pour les \u00ab Sans-Facs \u00bb continue<\/p>\n<p>Comme chaque ann\u00e9e, le SCUM lance sa campagne d&rsquo;inscription des \u00e9tudiants \u00ab\u00a0sans fac\u00a0\u00bb, qui n\u2019ont pas obtenu d\u2019inscriptions dans les cursus (le plus souvent des Master) de leurs choix\u00a0: \u00ab\u00a0Cette ann\u00e9e encore, des dizaines d\u2019entre-eux ont contact\u00e9 le SCUM cet \u00e9t\u00e9 afin d\u2019obtenir une inscription dans le master de leur choix&#8230; Nous nous mobilisons cette ann\u00e9e encore pour que l&rsquo;action collective permettre l&rsquo;inscription d&rsquo;un maximum d\u2019\u00e9tudiant laiss\u00e9s sur le bord de la route, \u00e9ject\u00e9 par leur propre universit\u00e9&#8230; l\u2019an dernier, 83% des \u00e9tudiants sans master qui se sont mobilis\u00e9s avec le SCUM ont obtenu leur inscription\u00a0\u00bb.<br \/>Le SCUM organise deux r\u00e9unions avec tous les \u00e9tudiants sans affectation en Master :<br \/>-Universit\u00e9 de Montpellier, le jeudi 11 septembre \u00e0 18h, salle 2.3.04 (b\u00e2timent 2) de la Facult\u00e9 de Droit et Sciences Politiques<br \/>-Universit\u00e9 Paul-Val\u00e9ry, le vendredi 12 septembre \u00e0 18h, salle Jean Moulin (b\u00e2timent T) de la Maison des \u00e9tudiants.<\/p>\n<p>Contre la s\u00e9lection \u00e0 l\u2019universit\u00e9<\/p>\n<p class=\" wall-content\">Le SCUM d\u00e9nonce aussi \u00ab\u00a0les logiques \u00e9litistes de s\u00e9lection sociale \u00e0 l\u2019universit\u00e9\u2026 Si une s\u00e9lection doit avoir lieu, ce n\u2019est possible que sur l\u2019obtention du dipl\u00f4me du niveau inf\u00e9rieur (baccalaur\u00e9at pour acc\u00e9der en Licence, et Licence pour acc\u00e9der en Master). Les universit\u00e9s doivent s\u2019adapter pour accueillir davantage d\u2019\u00e9tudiants, les enseignants doivent cesser de faire du tri social, et le gouvernement doit donner davantage de moyens pour garantir des places pour toutes et tous\u00a0\u00bb, tranche le syndicat qui semble pr\u00eate \u00e0 passer \u00e0 l\u2019action\u00a0: \u00ab\u00a0Le SCUM sera mobilis\u00e9 participera \u00e0 l\u2019appel \u00e0 la mobilisation g\u00e9n\u00e9rale du mercredi 10 septembre\u00a0\u00bb, annoncent les \u00e9tudiants. \u00ab\u00a0Face au renforcement de la s\u00e9lection sociale \u00e0 l\u2019universit\u00e9, et plus largement face \u00e0 l\u2019explosion de la pr\u00e9carit\u00e9, le SCUM continuera \u00e0 se mobiliser et construire des rapports de forces offensifs et gagnants\u2026 Le 10 septembre, nous nous mobiliserons au sein de l\u2019intersyndicale de l\u2019H\u00e9rault pour repr\u00e9senter les \u00e9tudiants\u00a0\u00bb.<\/p>\n<p class=\" wall-content\">Personnalisez votre actualit\u00e9 en ajoutant vos villes et m\u00e9dias en favori avec <a href=\"https:\/\/moncompte.actu.fr\" title=\"D\u00e9couvez Mon Actu\" rel=\"nofollow noopener\" data-trk=\"{&quot;cta&quot;:{&quot;action&quot;:&quot;https:\\\/\\\/moncompte.actu.fr&quot;,&quot;category&quot;:&quot;mon compte&quot;,&quot;from&quot;:&quot;article footer&quot;,&quot;name&quot;:&quot;Mon actu&quot;,&quot;type&quot;:&quot;cta&quot;}}\" target=\"_blank\">Mon Actu<\/a>.<\/p>\n","protected":false},"excerpt":{"rendered":"Par Gil Martin Publi\u00e9 le 30 ao\u00fbt 2025 \u00e0 17h26 Ce jeudi 28 ao\u00fbt, le Syndicat de Combat&hellip;\n","protected":false},"author":2,"featured_media":354764,"comment_status":"","ping_status":"","sticky":false,"template":"","format":"standard","meta":{"footnotes":""},"categories":[9599],"tags":[1111,11,1777,674,1011,27,2208,12,2680,25,104],"class_list":{"0":"post-354763","1":"post","2":"type-post","3":"status-publish","4":"format-standard","5":"has-post-thumbnail","7":"category-montpellier","8":"tag-actu","9":"tag-actualites","10":"tag-eu","11":"tag-europe","12":"tag-fr","13":"tag-france","14":"tag-montpellier","15":"tag-news","16":"tag-occitanie","17":"tag-republique-francaise","18":"tag-societe"},"share_on_mastodon":{"url":"https:\/\/pubeurope.com\/@fr\/115118474792575715","error":""},"_links":{"self":[{"href":"https:\/\/www.europesays.com\/fr\/wp-json\/wp\/v2\/posts\/354763","targetHints":{"allow":["GET"]}}],"collection":[{"href":"https:\/\/www.europesays.com\/fr\/wp-json\/wp\/v2\/posts"}],"about":[{"href":"https:\/\/www.europesays.com\/fr\/wp-json\/wp\/v2\/types\/post"}],"author":[{"embeddable":true,"href":"https:\/\/www.europesays.com\/fr\/wp-json\/wp\/v2\/users\/2"}],"replies":[{"embeddable":true,"href":"https:\/\/www.europesays.com\/fr\/wp-json\/wp\/v2\/comments?post=354763"}],"version-history":[{"count":0,"href":"https:\/\/www.europesays.com\/fr\/wp-json\/wp\/v2\/posts\/354763\/revisions"}],"wp:featuredmedia":[{"embeddable":true,"href":"https:\/\/www.europesays.com\/fr\/wp-json\/wp\/v2\/media\/354764"}],"wp:attachment":[{"href":"https:\/\/www.europesays.com\/fr\/wp-json\/wp\/v2\/media?parent=354763"}],"wp:term":[{"taxonomy":"category","embeddable":true,"href":"https:\/\/www.europesays.com\/fr\/wp-json\/wp\/v2\/categories?post=354763"},{"taxonomy":"post_tag","embeddable":true,"href":"https:\/\/www.europesays.com\/fr\/wp-json\/wp\/v2\/tags?post=354763"}],"curies":[{"name":"wp","href":"https:\/\/api.w.org\/{rel}","templated":true}]}}