{"id":354770,"date":"2025-08-30T15:44:12","date_gmt":"2025-08-30T15:44:12","guid":{"rendered":"https:\/\/www.europesays.com\/fr\/354770\/"},"modified":"2025-08-30T15:44:12","modified_gmt":"2025-08-30T15:44:12","slug":"sur-quelle-chaine-et-a-quelle-heure-voir-le-match-2","status":"publish","type":"post","link":"https:\/\/www.europesays.com\/fr\/354770\/","title":{"rendered":"sur quelle cha\u00eene et \u00e0 quelle heure voir le match ?"},"content":{"rendered":"<p>Toujours leaders au coup d&rsquo;envoi de cette quatri\u00e8me journ\u00e9e de Ligue 2 \u00e0 la faveur de leur succ\u00e8s <a href=\"https:\/\/www.leprogres.fr\/sport\/2025\/08\/23\/les-verts-savent-maintenant-gagner-comme-ca\" target=\"_blank\" rel=\"noopener\">\u00e0 Boulogne samedi dernier (0-1)<\/a>, les St\u00e9phanois accueillent Grenoble en \u00e9tant d\u00e9sormais troisi\u00e8mes suite au match nul entre Nancy et Pau (2-2).<\/p>\n<p>  Un Chaudron encore bien garni<\/p>\n<p>Dans un Geoffroy-Guichard qui s&rsquo;annonce encore bien rempli, Eirik Horneland et ses hommes auront droit au prime time, une nouvelle fois sur beIN Sports 1. En face, ce sera une premi\u00e8re cette saison pour les Is\u00e9rois qui sont \u00e0 la tra\u00eene au classement.<\/p>\n<p class=\"note\">Diffus\u00e9e sur la cha\u00eene qatarienne \u00e0 partir de 20 heures, la rencontre sera \u00e9galement \u00e0 suivre <a href=\"http:\/\/www.leprogres.fr\" target=\"_blank\" rel=\"noopener\">www.leprogres.fr<\/a>\u00a0en live comment\u00e9.<\/p>\n","protected":false},"excerpt":{"rendered":"Toujours leaders au coup d&rsquo;envoi de cette quatri\u00e8me journ\u00e9e de Ligue 2 \u00e0 la faveur de leur succ\u00e8s&hellip;\n","protected":false},"author":2,"featured_media":354771,"comment_status":"","ping_status":"","sticky":false,"template":"","format":"standard","meta":{"footnotes":""},"categories":[9566],"tags":[1111,11,4000,2430,7539,1777,674,63,1011,27,2731,4002,3367,12,25,4001],"class_list":{"0":"post-354770","1":"post","2":"type-post","3":"status-publish","4":"format-standard","5":"has-post-thumbnail","7":"category-grenoble","8":"tag-actu","9":"tag-actualites","10":"tag-asse-as-saint-etienne-football","11":"tag-auvergne-rhone-alpes","12":"tag-edition-loire-sud","13":"tag-eu","14":"tag-europe","15":"tag-football","16":"tag-fr","17":"tag-france","18":"tag-grenoble","19":"tag-haute-loire","20":"tag-loire","21":"tag-news","22":"tag-republique-francaise","23":"tag-saint-etienne"},"share_on_mastodon":{"url":"https:\/\/pubeurope.com\/@fr\/115118490526617804","error":""},"_links":{"self":[{"href":"https:\/\/www.europesays.com\/fr\/wp-json\/wp\/v2\/posts\/354770","targetHints":{"allow":["GET"]}}],"collection":[{"href":"https:\/\/www.europesays.com\/fr\/wp-json\/wp\/v2\/posts"}],"about":[{"href":"https:\/\/www.europesays.com\/fr\/wp-json\/wp\/v2\/types\/post"}],"author":[{"embeddable":true,"href":"https:\/\/www.europesays.com\/fr\/wp-json\/wp\/v2\/users\/2"}],"replies":[{"embeddable":true,"href":"https:\/\/www.europesays.com\/fr\/wp-json\/wp\/v2\/comments?post=354770"}],"version-history":[{"count":0,"href":"https:\/\/www.europesays.com\/fr\/wp-json\/wp\/v2\/posts\/354770\/revisions"}],"wp:featuredmedia":[{"embeddable":true,"href":"https:\/\/www.europesays.com\/fr\/wp-json\/wp\/v2\/media\/354771"}],"wp:attachment":[{"href":"https:\/\/www.europesays.com\/fr\/wp-json\/wp\/v2\/media?parent=354770"}],"wp:term":[{"taxonomy":"category","embeddable":true,"href":"https:\/\/www.europesays.com\/fr\/wp-json\/wp\/v2\/categories?post=354770"},{"taxonomy":"post_tag","embeddable":true,"href":"https:\/\/www.europesays.com\/fr\/wp-json\/wp\/v2\/tags?post=354770"}],"curies":[{"name":"wp","href":"https:\/\/api.w.org\/{rel}","templated":true}]}}