{"id":354782,"date":"2025-08-30T15:52:15","date_gmt":"2025-08-30T15:52:15","guid":{"rendered":"https:\/\/www.europesays.com\/fr\/354782\/"},"modified":"2025-08-30T15:52:15","modified_gmt":"2025-08-30T15:52:15","slug":"un-jour-memorable-a-nice-dylan-deschamps-fils-de-didier-deschamps-epouse-mathilde-cappelaere-sous-les-yeux-dune-figure-de-la-ville","status":"publish","type":"post","link":"https:\/\/www.europesays.com\/fr\/354782\/","title":{"rendered":"Un jour m\u00e9morable \u00e0 Nice : Dylan Deschamps, fils de Didier Deschamps, \u00e9pouse Mathilde Cappelaere sous les yeux d\u2019une figure de la ville"},"content":{"rendered":"<p>La suite apr\u00e8s la publicit\u00e9<\/p>\n<p>C\u2019est officiel : <strong>Dylan Deschamps, fils unique de Didier Deschamps, a \u00e9pous\u00e9 sa compagne de longue date, Mathilde Cappelaere<\/strong>, lors d\u2019une c\u00e9r\u00e9monie civile le 30 ao\u00fbt 2025 \u00e0 Nice. Un moment fort pour le jeune couple, qui franchit une nouvelle \u00e9tape apr\u00e8s sept ans d\u2019amour. Il faut dire que le mariage, tr\u00e8s attendu depuis l\u2019annonce de leurs fian\u00e7ailles en mai 2024, s\u2019inscrit dans la continuit\u00e9 d\u2019un parcours amoureux tout en discr\u00e9tion et en sinc\u00e9rit\u00e9. Pour rappel, c<strong>\u2019est \u00e0 Londres, o\u00f9 le jeune homme s\u2019est install\u00e9 depuis plusieurs ann\u00e9es, que Dylan avait fait sa demande \u00e0 Mathilde<\/strong>. \u00c0 genoux, une bague \u00e9tincelante \u00e0 la main, entour\u00e9 de p\u00e9tales de roses\u2026 Une sc\u00e8ne f\u00e9erique qui avait conquis les internautes.<\/p>\n<p>Ce samedi restera sans doute un moment inoubliable pour Didier Deschamps\u2026 et pas pour le football ! <strong>Le s\u00e9lectionneur des Bleus a en effet vu son fils, Dylan, se marier \u00e0 l\u2019h\u00f4tel de ville de Nice<\/strong>. C\u2019est Christian Estrosi, le maire de la ville, qui a c\u00e9l\u00e9br\u00e9 l\u2019union de Dylan Deschamps et de sa compagne, Mathilde Cappelaere, comme en t\u00e9moignent <strong>plusieurs vid\u00e9os publi\u00e9es dans la story Instagram du jeune mari\u00e9<\/strong>. On y voit Dylan arriver au bras de Mathilde dans la salle des mariages, \u00e9changer un tendre baiser, puis sortir de l\u2019h\u00f4tel de ville sous les applaudissements. Mathilde, de son c\u00f4t\u00e9, a partag\u00e9 une photo de sa main orn\u00e9e de son alliance, accompagn\u00e9e du message : \u00ab\u00a0C\u2019est le jour !\u00a0\u00bb, illustrant sa joie en ce samedi m\u00e9morable.<\/p>\n<p>Une f\u00eate de fian\u00e7ailles un an avant l&rsquo;union<\/p>\n<p>Dans l\u2019attente de ce grand jour, <a href=\"https:\/\/www.purepeople.com\/article\/didier-deschamps-son-fils-dylan-s-offre-une-incroyable-fete-de-fiancailles-avec-la-sublime-mathilde-le-mariage-approche_a526617\/1\" rel=\"nofollow noopener\" target=\"_blank\">les futurs \u00e9poux avaient d\u00e9cid\u00e9 de convier famille et amis \u00e0 une somptueuse f\u00eate de fian\u00e7ailles<\/a>. <strong>Une tradition peu r\u00e9pandue en France<\/strong>, mais que Dylan, influenc\u00e9 par son quotidien londonien, n\u2019a pas h\u00e9sit\u00e9 \u00e0 adopter. Le 2 ao\u00fbt dernier, soit il y a un an, <strong>c\u2019est au Grand-H\u00f4tel du Cap-Ferrat, sur la C\u00f4te d\u2019Azur, que le couple avait r\u00e9uni ses proches<\/strong> pour une soir\u00e9e magique, entre rires, larmes et souvenirs partag\u00e9s. \u00ab\u00a0Une soir\u00e9e inoubliable entour\u00e9s de ceux que nous aimons\u00a0\u00bb, avait confi\u00e9 Mathilde sur les r\u00e9seaux sociaux.<\/p>\n<p><a href=\"https:\/\/www.purepeople.com\/people\/didier-deschamps_p2206\" rel=\"nofollow noopener\" target=\"_blank\">Didier Deschamps<\/a>, figure embl\u00e9matique du football fran\u00e7ais, et son \u00e9pouse Claude \u00e9taient pr\u00e9sents pour soutenir leur fils dans ce moment symbolique. M\u00eame ambiance familiale et chaleureuse quelques semaines plus tard lors de <a href=\"https:\/\/www.purepeople.com\/article\/didier-deschamps-son-fils-dylan-passe-du-bon-temps-en-sardaigne-avant-son-mariage-avec-la-belle-mathilde_a540868\/1\" rel=\"nofollow noopener\" target=\"_blank\">l\u2019enterrement de vie de gar\u00e7on de Dylan, organis\u00e9 en Sardaigne<\/a> avec ses amis les plus proches. \u00ab\u00a0<strong>N\u00e9 fils unique, mais la vie m\u2019a offert neuf fr\u00e8res\u00a0\u00bb<\/strong>, \u00e9crivait-il \u00e0 cette occasion. Fra\u00eechement <strong>dipl\u00f4m\u00e9 de l\u2019EDHEC et d\u00e9sormais engag\u00e9 dans le monde de la finance<\/strong>, Dylan Deschamps suit un chemin bien \u00e0 lui, loin des terrains de football. Mais avec ce mariage c\u00e9l\u00e9br\u00e9 en grande pompe, une chose est s\u00fbre : l\u2019\u00e9l\u00e9gance, l\u2019esprit d\u2019\u00e9quipe et les moments d\u2019exception semblent \u00eatre une affaire de famille chez les Deschamps.<\/p>\n","protected":false},"excerpt":{"rendered":"La suite apr\u00e8s la publicit\u00e9 C\u2019est officiel : Dylan Deschamps, fils unique de Didier Deschamps, a \u00e9pous\u00e9 sa&hellip;\n","protected":false},"author":2,"featured_media":354783,"comment_status":"","ping_status":"","sticky":false,"template":"","format":"standard","meta":{"footnotes":""},"categories":[2819],"tags":[1111,11,1777,674,1011,27,12,2401,882,25],"class_list":{"0":"post-354782","1":"post","2":"type-post","3":"status-publish","4":"format-standard","5":"has-post-thumbnail","7":"category-nice","8":"tag-actu","9":"tag-actualites","10":"tag-eu","11":"tag-europe","12":"tag-fr","13":"tag-france","14":"tag-news","15":"tag-nice","16":"tag-provence-alpes-cote-dazur","17":"tag-republique-francaise"},"share_on_mastodon":{"url":"https:\/\/pubeurope.com\/@fr\/115118521880972278","error":""},"_links":{"self":[{"href":"https:\/\/www.europesays.com\/fr\/wp-json\/wp\/v2\/posts\/354782","targetHints":{"allow":["GET"]}}],"collection":[{"href":"https:\/\/www.europesays.com\/fr\/wp-json\/wp\/v2\/posts"}],"about":[{"href":"https:\/\/www.europesays.com\/fr\/wp-json\/wp\/v2\/types\/post"}],"author":[{"embeddable":true,"href":"https:\/\/www.europesays.com\/fr\/wp-json\/wp\/v2\/users\/2"}],"replies":[{"embeddable":true,"href":"https:\/\/www.europesays.com\/fr\/wp-json\/wp\/v2\/comments?post=354782"}],"version-history":[{"count":0,"href":"https:\/\/www.europesays.com\/fr\/wp-json\/wp\/v2\/posts\/354782\/revisions"}],"wp:featuredmedia":[{"embeddable":true,"href":"https:\/\/www.europesays.com\/fr\/wp-json\/wp\/v2\/media\/354783"}],"wp:attachment":[{"href":"https:\/\/www.europesays.com\/fr\/wp-json\/wp\/v2\/media?parent=354782"}],"wp:term":[{"taxonomy":"category","embeddable":true,"href":"https:\/\/www.europesays.com\/fr\/wp-json\/wp\/v2\/categories?post=354782"},{"taxonomy":"post_tag","embeddable":true,"href":"https:\/\/www.europesays.com\/fr\/wp-json\/wp\/v2\/tags?post=354782"}],"curies":[{"name":"wp","href":"https:\/\/api.w.org\/{rel}","templated":true}]}}