{"id":354788,"date":"2025-08-30T16:06:13","date_gmt":"2025-08-30T16:06:13","guid":{"rendered":"https:\/\/www.europesays.com\/fr\/354788\/"},"modified":"2025-08-30T16:06:13","modified_gmt":"2025-08-30T16:06:13","slug":"pres-de-bordeaux-malgre-la-polemique-pas-grand-chose-a-reprocher-au-salon-du-chiot","status":"publish","type":"post","link":"https:\/\/www.europesays.com\/fr\/354788\/","title":{"rendered":"Pr\u00e8s de Bordeaux, malgr\u00e9 la pol\u00e9mique, pas grand chose \u00e0 reprocher au salon du chiot"},"content":{"rendered":"<p>Une vingtaine de stands, une quarantaine de visiteurs au pic de la fr\u00e9quentation en cette matin\u00e9e du samedi 30\u00a0ao\u00fbt\u00a0: en se rendant au Salon du chiot, \u00e0 la Ferme Tartifume de Pessac, on a l\u2019impression d\u2019un \u00e9v\u00e9nement relativement modeste, en d\u00e9calage avec le parfum de pol\u00e9mique qui impr\u00e8gne cette premi\u00e8re \u00e9dition. Les d\u00e9tracteurs parlent d\u2019animaux expos\u00e9s dans le bruit et la promiscuit\u00e9, vendus juste avant la rentr\u00e9e, \u00ab\u00a0\u00e0 une p\u00e9riode o\u00f9 les acheteurs ont d\u2019autres choses en t\u00eate que de les accueillir dans les meilleures conditions\u00a0\u00bb, et ayant fait un long trajet pour venir en Gironde. Sylvie Vieu, <a href=\"https:\/\/www.sudouest.fr\/gironde\/pessac\/environnement-en-gironde-la-ville-de-pessac-cree-une-delegation-au-respect-du-vivant-21512853.php\" target=\"_blank\" rel=\"follow nofollow noopener\">adjointe \u00e0 la protection animale \u00e0 la Ville de Pessac<\/a>, d\u00e9plore ainsi qu\u2019aucun exposant ne soit bas\u00e9 dans le d\u00e9partement.<\/p>\n<p>Pourtant, les inspectrices de la Direction d\u00e9partementale de la protection des populations (DDPP), ex-services v\u00e9t\u00e9rinaires, n\u2019ont pas trouv\u00e9 grand-chose \u00e0 reprocher \u00e0 ce salon. \u00ab\u00a0Globalement, il est conforme aux contraintes r\u00e9glementaires, dit l\u2019une d\u2019elles. Les chiots sont dans un \u00e9tat satisfaisant de sant\u00e9 et d\u2019hygi\u00e8ne. Ils disposent d\u2019eau et ils sont en r\u00e8gle avec les normes d\u2019identification.\u00a0\u00bb<\/p>\n<p>Plus de six heures d\u2019inspection<\/p>\n<p>La DDPP a juste relev\u00e9 une anomalie en mati\u00e8re de vaccination \u2013 \u00ab\u00a0et le chiot concern\u00e9 a \u00e9t\u00e9 plac\u00e9 en quarantaine\u00a0\u00bb \u2013 ainsi que des affichages de co\u00fbts de sant\u00e9 insuffisants, ou un box qui n\u2019\u00e9tait pas adapt\u00e9 au nombre d\u2019animaux qui s\u2019y trouvaient et \u00e0 leur race. \u00ab\u00a0Nous sommes rest\u00e9es sur place jusqu\u2019\u00e0 ce que les exposants se mettent en conformit\u00e9 avec les normes\u00a0\u00bb, disent les inspectrices, qui ont pass\u00e9 plus de six heures sur le site.<\/p>\n<blockquote><p>\u00ab\u00a0Le probl\u00e8me, ce n\u2019est pas nous, c\u2019est les particuliers qui vendent sur Le Bon coin\u00a0\u00bb<\/p><\/blockquote>\n<p>\u00ab\u00a0Vous voyez ces chiots\u00a0? Ils ne sont pas stress\u00e9s\u00a0\u00bb, appuie Nathalie, une \u00e9leveuse venue de la Loire, en montrant des animaux endormis. \u00ab\u00a0On est des professionnels agr\u00e9\u00e9s. On conseille les acheteurs sur les races qui vont le mieux convenir \u00e0 ce qu\u2019ils ont envie de faire avec leurs chiens. On paye la TVA et la MSA. Le probl\u00e8me, ce n\u2019est pas nous, c\u2019est les particuliers qui vendent sur Le Bon coin\u00a0: Dans l\u2019annonce, il est \u00e9crit que les chiens sont donn\u00e9s, mais quand on appelle, c\u2019est 1\u00a0000 ou 1\u00a0500\u00a0euros. Sans aucune garantie sanitaire.\u00a0\u00bb<\/p>\n<p>Le salon du chiot se poursuit ce dimanche 31\u00a0ao\u00fbt de 10\u00a0heures \u00e0 18\u00a0h\u00a030. Tarifs\u00a0: 4,50 et 7\u00a0euros.<a href=\"https:\/\/salon-du-chiot-et-du-chat.com\/detail-agenda.php?code=4\" target=\"_blank\" rel=\"nofollow noopener\"> salon-du-chiot-et-du-chat.com<\/a><\/p>\n","protected":false},"excerpt":{"rendered":"Une vingtaine de stands, une quarantaine de visiteurs au pic de la fr\u00e9quentation en cette matin\u00e9e du samedi&hellip;\n","protected":false},"author":2,"featured_media":354789,"comment_status":"","ping_status":"","sticky":false,"template":"","format":"standard","meta":{"footnotes":""},"categories":[2817],"tags":[1111,11,1997,1777,674,1011,27,12,2219,25],"class_list":{"0":"post-354788","1":"post","2":"type-post","3":"status-publish","4":"format-standard","5":"has-post-thumbnail","7":"category-bordeaux","8":"tag-actu","9":"tag-actualites","10":"tag-bordeaux","11":"tag-eu","12":"tag-europe","13":"tag-fr","14":"tag-france","15":"tag-news","16":"tag-nouvelle-aquitaine","17":"tag-republique-francaise"},"share_on_mastodon":{"url":"https:\/\/pubeurope.com\/@fr\/115118577027165342","error":""},"_links":{"self":[{"href":"https:\/\/www.europesays.com\/fr\/wp-json\/wp\/v2\/posts\/354788","targetHints":{"allow":["GET"]}}],"collection":[{"href":"https:\/\/www.europesays.com\/fr\/wp-json\/wp\/v2\/posts"}],"about":[{"href":"https:\/\/www.europesays.com\/fr\/wp-json\/wp\/v2\/types\/post"}],"author":[{"embeddable":true,"href":"https:\/\/www.europesays.com\/fr\/wp-json\/wp\/v2\/users\/2"}],"replies":[{"embeddable":true,"href":"https:\/\/www.europesays.com\/fr\/wp-json\/wp\/v2\/comments?post=354788"}],"version-history":[{"count":0,"href":"https:\/\/www.europesays.com\/fr\/wp-json\/wp\/v2\/posts\/354788\/revisions"}],"wp:featuredmedia":[{"embeddable":true,"href":"https:\/\/www.europesays.com\/fr\/wp-json\/wp\/v2\/media\/354789"}],"wp:attachment":[{"href":"https:\/\/www.europesays.com\/fr\/wp-json\/wp\/v2\/media?parent=354788"}],"wp:term":[{"taxonomy":"category","embeddable":true,"href":"https:\/\/www.europesays.com\/fr\/wp-json\/wp\/v2\/categories?post=354788"},{"taxonomy":"post_tag","embeddable":true,"href":"https:\/\/www.europesays.com\/fr\/wp-json\/wp\/v2\/tags?post=354788"}],"curies":[{"name":"wp","href":"https:\/\/api.w.org\/{rel}","templated":true}]}}