{"id":354790,"date":"2025-08-30T16:07:12","date_gmt":"2025-08-30T16:07:12","guid":{"rendered":"https:\/\/www.europesays.com\/fr\/354790\/"},"modified":"2025-08-30T16:07:12","modified_gmt":"2025-08-30T16:07:12","slug":"voici-toutes-les-infos-a-avoir","status":"publish","type":"post","link":"https:\/\/www.europesays.com\/fr\/354790\/","title":{"rendered":"voici toutes les infos \u00e0 avoir"},"content":{"rendered":"<p>            Par<br \/>\n        <strong><br \/>\n            <a href=\"https:\/\/actu.fr\/auteur\/lea-afonso\" title=\"Consulter tous les articles de L\u00e9a Afonso\" rel=\"nofollow noopener\" target=\"_blank\">L\u00e9a Afonso<\/a><br \/>\n        <\/strong><\/p>\n<p>        Publi\u00e9 le<\/p>\n<p>            30 ao\u00fbt 2025 \u00e0 14h22        <\/p>\n<p><a href=\"https:\/\/actu.fr\/tag\/tisseo\" rel=\"nofollow noopener\" target=\"_blank\"><strong>Tiss\u00e9o<\/strong> <\/a>\u00e9tend son offre de transports en commun d\u00e8s le 1er\u00a0septembre, notamment son service de bus. Si<a href=\"https:\/\/actu.fr\/occitanie\/toulouse_31555\/toulouse-la-premiere-ligne-express-de-l-agglo-arrive-elle-va-passer-dans-des-communes-mal-desservies_63087731.html\" rel=\"nofollow noopener\" target=\"_blank\"> une nouvelle ligne express arrive<\/a> pour relier <a href=\"https:\/\/actu.fr\/toulouse\/\" rel=\"nofollow noopener\" target=\"_blank\">Toulouse<\/a> \u00e0 des communes mal desservie, elle n\u2019est pas la seule. En effet, <strong>deux Lin\u00e9o<\/strong> font leur apparition. Voici toutes les infos \u00e0 avoir.<\/p>\n<p>De Saint-Orens \u00e0 Paul Sabatier<\/p>\n<p class=\" wall-content\">Du centre commercial \u00e0 la fac, il n\u2019y a qu\u2019un pas. Enfin presque\u2009! Le <strong>Lin\u00e9o L7<\/strong> arrive \u00e0 la rentr\u00e9e, en reliant <strong>Saint-Orens Piscine \u00e0 l\u2019Universit\u00e9 Paul Sabatier<\/strong> et en passant par le tout nouveau quartier en d\u00e9veloppement de <a href=\"https:\/\/actu.fr\/occitanie\/toulouse_31555\/c-est-le-quartier-qui-change-le-plus-a-toulouse-l-ancien-monde-est-en-passe-d-y-etre-efface_61574852.html\" rel=\"nofollow noopener\" target=\"_blank\"><strong>Malep\u00e8re<\/strong><\/a>.<\/p>\n<p class=\" wall-content\">Premier d\u00e9part \u00e0 5h15 du lundi au mercredi (5h45 le samedi et 5h40 le dimanche) et dernier d\u00e9part \u00e0 00h30 du lundi au mercredi et le dimanche (1h pour les jeudis, vendredis et samedis). Il desservira plus de<strong> 30 arr\u00eats<\/strong> sur les communes de Saint-Orens-de-Gameville et de Toulouse, avec une fr\u00e9quence de passage<strong> toutes les neuf minutes<\/strong> en heures de pointe. Rendez-vous toutes les 12\u00a0minutes en heures creuse, 20 min le samedi et 30 min le dimanche.<\/p>\n<p class=\" wall-content\">\u00ab\u2009Plus de 20\u2009000\u00a0habitants et 16\u2009000 emplois disposent d\u2019un arr\u00eat Lin\u00e9o \u00e0 moins de 400\u00a0m\u00e8tres tout au long de cet itin\u00e9raire\u2009\u00bb, indique Tiss\u00e9o.<\/p>\n<p>    <img   decoding=\"async\" loading=\"lazy\" src=\"https:\/\/www.europesays.com\/fr\/wp-content\/uploads\/2025\/08\/capture-decran-2025-08-29-114405-960x640.png\" alt=\"Voici le plan de ce Lin\u00e9o 7. \" width=\"960\" height=\"640\"\/><br \/>\n    Voici le plan de ce Lin\u00e9o 7. (\u00a9Tiss\u00e9o)En route vers la Cit\u00e9 de l\u2019Espace<\/p>\n<p class=\" wall-content\">Un autre Lin\u00e9o fait son apparition ce premier septembre avec un trajet tout autre. Celui-ci reliera <strong>Borderouge \u00e0 Rangueil<\/strong> en passant par <strong>la Roseraie, la Cit\u00e9 de l\u2019Espace et Montaudran<\/strong>. Le <a href=\"https:\/\/actu.fr\/occitanie\/toulouse_31555\/toulouse-tout-juste-inaugure-ce-parc-dans-cet-ecoquartier-fait-deja-debat-aupres-des-riverains_62882741.html\" rel=\"nofollow noopener\" target=\"_blank\">tout nouvel \u00e9coquartier de Guillaumet<\/a> sera aussi desservi par le L12.<\/p>\n<p class=\" wall-content\">Ici, la fr\u00e9quence de passage sur<strong> les 38 arr\u00eats <\/strong>est de <strong>9 min<\/strong> en heures de point la semaine, 15 min le samedi et 30 min le dimanche. C\u00f4t\u00e9 horaires, rendez-vous d\u00e8s 5\u2009h\u200915 en semaine, 5\u2009h\u200930 le samedi et 6h le dimanche. Le dernier d\u00e9part est fix\u00e9 \u00e0 00\u2009h\u200925 les lundis, mardis, mercredis et dimanches. 00\u2009h\u200950 les jeudis, vendredis et samedis.<\/p>\n<p>Votre r\u00e9gion, votre actu !<\/p>\n<p>Recevez chaque jour les infos qui comptent pour vous.<\/p>\n<p>\t<a href=\"https:\/\/actu.fr\/newsletter\" class=\"ac-btn ac-btn--corner ac-btn--medium ac-btn--blue800\" rel=\"nofollow noopener\" target=\"_blank\">S&rsquo;incrire<\/a><\/p>\n<p class=\" wall-content\">\u00ab\u00a0Avec les nombreuses correspondances offertes par Lin\u00e9o 12, profitez de<strong> solutions de mobilit\u00e9s multiples et compl\u00e9mentaires<\/strong>\u2009: \u2013 avec le m\u00e9tro A\u2009: ligne (Roseraie) et ligne B (Borderouge et Rangueil).<br \/>\u2013 avec Lin\u00e9o 1, Lin\u00e9o 8 et Lin\u00e9o 9<br \/>\u2013 avec le TER \u00e0 la gare SCNF de Montaudran<br \/>\u2013 avec la future ligne \u00e0 la station Montaudran Gare\u00a0\u00bb, indique Tiss\u00e9o.<\/p>\n<p>    <img   decoding=\"async\" loading=\"lazy\" src=\"https:\/\/www.europesays.com\/fr\/wp-content\/uploads\/2025\/08\/capture-decran-2025-08-29-123046-960x640.png\" alt=\"Voici le plan du Lin\u00e9o 12. \" width=\"960\" height=\"640\"\/><br \/>\n    Voici le plan du Lin\u00e9o 12. (\u00a9Tiss\u00e9o)<\/p>\n<p class=\" wall-content\">Personnalisez votre actualit\u00e9 en ajoutant vos villes et m\u00e9dias en favori avec <a href=\"https:\/\/moncompte.actu.fr\" title=\"D\u00e9couvez Mon Actu\" rel=\"nofollow noopener\" data-trk=\"{&quot;cta&quot;:{&quot;action&quot;:&quot;https:\\\/\\\/moncompte.actu.fr&quot;,&quot;category&quot;:&quot;mon compte&quot;,&quot;from&quot;:&quot;article footer&quot;,&quot;name&quot;:&quot;Mon actu&quot;,&quot;type&quot;:&quot;cta&quot;}}\" target=\"_blank\">Mon Actu<\/a>.<\/p>\n","protected":false},"excerpt":{"rendered":"Par L\u00e9a Afonso Publi\u00e9 le 30 ao\u00fbt 2025 \u00e0 14h22 Tiss\u00e9o \u00e9tend son offre de transports en commun&hellip;\n","protected":false},"author":2,"featured_media":354791,"comment_status":"","ping_status":"","sticky":false,"template":"","format":"standard","meta":{"footnotes":""},"categories":[2816],"tags":[1111,11,1777,674,1011,27,12,2680,25,104,5400,2312,2803],"class_list":{"0":"post-354790","1":"post","2":"type-post","3":"status-publish","4":"format-standard","5":"has-post-thumbnail","7":"category-toulouse","8":"tag-actu","9":"tag-actualites","10":"tag-eu","11":"tag-europe","12":"tag-fr","13":"tag-france","14":"tag-news","15":"tag-occitanie","16":"tag-republique-francaise","17":"tag-societe","18":"tag-tisseo","19":"tag-toulouse","20":"tag-transport"},"share_on_mastodon":{"url":"https:\/\/pubeurope.com\/@fr\/115118581245359922","error":""},"_links":{"self":[{"href":"https:\/\/www.europesays.com\/fr\/wp-json\/wp\/v2\/posts\/354790","targetHints":{"allow":["GET"]}}],"collection":[{"href":"https:\/\/www.europesays.com\/fr\/wp-json\/wp\/v2\/posts"}],"about":[{"href":"https:\/\/www.europesays.com\/fr\/wp-json\/wp\/v2\/types\/post"}],"author":[{"embeddable":true,"href":"https:\/\/www.europesays.com\/fr\/wp-json\/wp\/v2\/users\/2"}],"replies":[{"embeddable":true,"href":"https:\/\/www.europesays.com\/fr\/wp-json\/wp\/v2\/comments?post=354790"}],"version-history":[{"count":0,"href":"https:\/\/www.europesays.com\/fr\/wp-json\/wp\/v2\/posts\/354790\/revisions"}],"wp:featuredmedia":[{"embeddable":true,"href":"https:\/\/www.europesays.com\/fr\/wp-json\/wp\/v2\/media\/354791"}],"wp:attachment":[{"href":"https:\/\/www.europesays.com\/fr\/wp-json\/wp\/v2\/media?parent=354790"}],"wp:term":[{"taxonomy":"category","embeddable":true,"href":"https:\/\/www.europesays.com\/fr\/wp-json\/wp\/v2\/categories?post=354790"},{"taxonomy":"post_tag","embeddable":true,"href":"https:\/\/www.europesays.com\/fr\/wp-json\/wp\/v2\/tags?post=354790"}],"curies":[{"name":"wp","href":"https:\/\/api.w.org\/{rel}","templated":true}]}}