{"id":354794,"date":"2025-08-30T16:15:27","date_gmt":"2025-08-30T16:15:27","guid":{"rendered":"https:\/\/www.europesays.com\/fr\/354794\/"},"modified":"2025-08-30T16:15:27","modified_gmt":"2025-08-30T16:15:27","slug":"compositions-chaine-tv-cotes-et-heure-4","status":"publish","type":"post","link":"https:\/\/www.europesays.com\/fr\/354794\/","title":{"rendered":"Compositions, Cha\u00eene TV, Cotes et Heure"},"content":{"rendered":"<p style=\"text-align: justify;\"><strong>LIGUE 1 2025-2026 \u2013 \u00c0 quelle heure et sur quelle cha\u00eene TV suivre le match de Ligue 1 entre le FC Lorient et le Lille OSC ? Retrouvez \u00e9galement les compositions des deux \u00e9quipes.<\/strong><\/p>\n<p style=\"text-align: justify;\">La rencontre entre le <a href=\"https:\/\/dicodusport.fr\/blog\/mercato-lorient-2025-2026-le-tableau-complet-des-transferts-arrivees-et-departs\/\" target=\"_blank\" rel=\"noopener\"><b>FC Lorient<\/b><\/a>\u00a0et le <a href=\"https:\/\/dicodusport.fr\/blog\/mercato-losc-2025-2026-le-tableau-complet-des-transferts-arrivees-et-departs\/\" target=\"_blank\" rel=\"noopener\"><strong>Lille OSC<\/strong><\/a>, comptant pour la troisi\u00e8me journ\u00e9e de Ligue 1 2025\/2026, aura lieu samedi 30 ao\u00fbt \u00e0 17h00, au Stade du Moustoir \u00e0 Lorient.<\/p>\n<p>Pour passer la tr\u00eave au chaud<\/p>\n<p style=\"text-align: justify;\">Le <strong>FC Lorient<\/strong> a commenc\u00e9 sa saison par une d\u00e9faite d\u00e9cevante \u00e0 Auxerre, mais lors de la deuxi\u00e8me journ\u00e9e, les Merlus ont b\u00e9n\u00e9fici\u00e9 d\u2019un coup de pouce, ou plut\u00f4t de deux : deux cartons rouges re\u00e7us par Rennes dans le premier quart d\u2019heure, ce qui a ouvert la voie \u00e0 une large victoire <strong>4-0<\/strong>. Ainsi, en cas de r\u00e9sultat positif pour cette rencontre devant ses supporters, Lorient pourrait passer la tr\u00eave dans la premi\u00e8re moiti\u00e9 de tableau.<\/p>\n<p style=\"text-align: justify;\">Pour le <strong>Lille OSC<\/strong>, la saison a globalement bien commenc\u00e9. Un nul \u00e0 Brest au terme d\u2019un match fantastique, avant d\u2019arracher une victoire contre Monaco dans le match du dimanche soir lors de la deuxi\u00e8me journ\u00e9e. Avec un homme en avant : <strong>Olivier Giroud<\/strong>, auteur du but de la victoire dimanche (m\u00eame s\u2019il a ensuite rat\u00e9 un p\u00e9nalty) et dont le retour en France est d\u00e9j\u00e0 une r\u00e9ussite.<\/p>\n<p><a href=\"https:\/\/dicodusport.fr\/blog\/ligue-1-2025-2026-j2-olivier-giroud-delivre-le-losc-dans-le-temps-additionnel-face-a-monaco\/\" class=\"vlp-link\" title=\"Ligue 1 2025\/2026 (J2) : Olivier Giroud d\u00e9livre le LOSC dans le temps additionnel face \u00e0 Monaco\" target=\"_blank\" rel=\"noopener\"><img loading=\"lazy\" decoding=\"async\" style=\"max-width: 792px;\" width=\"792\" height=\"445\" class=\"attachment-800x445 size-800x445 perfmatters-lazy\" alt=\"Ligue 1 20252026 (J2) Olivier Giroud d\u00e9livre le LOSC dans le temps additionnel face \u00e0 Monaco\" src=\"https:\/\/www.europesays.com\/fr\/wp-content\/uploads\/2025\/08\/Ligue-1-20252026-J2-Olivier-Giroud-delivre-le-LOSC-dans-le-temps-additionnel-face-a-Monaco.png\"  data-\/><\/p>\n<p>Ligue 1 2025\/2026 (J2) : Olivier Giroud d\u00e9livre le LOSC dans le temps additionnel face \u00e0 Monaco<\/p>\n<p>Les Lillois s&rsquo;imposent 1-0 contre Monaco gr\u00e2ce \u00e0 un but d&rsquo;Olivier Giroud dans le temps additionnel.<\/p>\n<p>Lire l&rsquo;article<\/p>\n<p>dicodusport.fr<\/p>\n<p style=\"text-align: justify;\">La saison derni\u00e8re, Lorient s\u2019\u00e9tait largement impos\u00e9 <strong>4-1<\/strong> au match aller, avant que Lille ne se venge <strong>3-0<\/strong> au retour dans son stade. N\u00e9anmoins, les Merlus ont remport\u00e9 la victoire lors de leurs trois derni\u00e8res r\u00e9ceptions des Dogues, mais c\u2019est bien le LOSC qui est le favori des bookmakers.<\/p>\n<p>Ligue 1 : Le programme TV de Lorient \u2013 Lille<br \/>\nSamedi 30 ao\u00fbt 2025<\/p>\n<p style=\"text-align: justify;\"><b>Match diffus\u00e9 sur beIN Sports<\/b><b>\u00a0: <\/b>D\u00e9but du match \u00e0<strong> 17h00.<\/strong><\/p>\n<p>Les compositions officielles de Lorient \u2013 Lille<br \/>\nLa composition de Lorient<\/p>\n<p style=\"text-align: justify;\">Kamara \u2013 Silva, Talbi, Faye, Katseris \u2013 Kouassi, Abergel, Avom Ebong, Karim \u2013 Tosin, Soumano.<\/p>\n<p>La composition de Lille<\/p>\n<p style=\"text-align: justify;\">\u00d6zer \u2013 Perraud, Ngoy, Alessandro, Meunier \u2013 Bouaddi, Andr\u00e9 \u2013 Broholm, Haraldsson, Correia \u2013 Fernandez-Pardo.<\/p>\n<p>Les cotes de Lorient \u2013 Lille<\/p>\n<tr style=\"height: 16px;\">\n<td style=\"background-color: #404040; border-color: #ededed; width: 840px; text-align: left;\" colspan=\"3\"><strong><img loading=\"lazy\" decoding=\"async\" class=\"alignnone wp-image-512842 perfmatters-lazy\" alt=\"\" width=\"14\" height=\"13\" src=\"https:\/\/www.europesays.com\/fr\/wp-content\/uploads\/2025\/05\/Logo-Winamax.png\"  data-\/> Samedi 29 ao\u00fbt, 17h00<\/strong><\/td>\n<\/tr>\n<tr style=\"height: 24px;\">\n<td style=\"background-color: #ffffff; border-color: #ededed; vertical-align: middle; text-align: center; width: 266px;\"><strong>Lorient<br \/><\/strong><a href=\"https:\/\/www.winamax.fr\/paris-sportifs\/match\/61526020?banid=33423\" class=\"su-button su-button-style-flat su-button-wide\" style=\"color:#fff;background-color:#0860ff;border-color:#074dcc;border-radius:5px\" target=\"_blank\" rel=\"noopener noreferrer\"> 3.30<\/a><\/td>\n<td style=\"background-color: #ffffff; border-color: #ededed; vertical-align: middle; text-align: center; width: 266px;\"><strong>Match nul<\/strong><br \/><a href=\"https:\/\/www.winamax.fr\/paris-sportifs\/match\/61526020?banid=33423\" class=\"su-button su-button-style-flat su-button-wide\" style=\"color:#fff;background-color:#0860ff;border-color:#074dcc;border-radius:5px\" target=\"_blank\" rel=\"noopener noreferrer\"> 3.50<\/a><\/td>\n<td style=\"background-color: #ffffff; border-color: #ededed; vertical-align: middle; text-align: center; width: 266px;\"><strong>Lille<\/strong><br \/><a href=\"https:\/\/www.winamax.fr\/paris-sportifs\/match\/61526020?banid=33423\" class=\"su-button su-button-style-flat su-button-wide\" style=\"color:#fff;background-color:#0860ff;border-color:#074dcc;border-radius:5px\" target=\"_blank\" rel=\"noopener noreferrer\"> 2.10<\/a><\/td>\n<\/tr>\n<p style=\"text-align: justify;\">Tentez votre chance en profitant de votre <a href=\"https:\/\/www.winamax.fr\/registration\/landing\/affiliation_Bonus100?banid=33423\" target=\"_blank\" rel=\"noopener\">1er d\u00e9p\u00f4t doubl\u00e9 jusqu\u2019\u00e0 100 \u20ac<\/a> direct en paris gratuits sur Winamax !<\/p>\n<p>\n<a href=\"https:\/\/dicodusport.fr\/blog\/offres\/abonnements-sans-pub\/\" target=\"_blank\" rel=\"noopener\"><img loading=\"lazy\" decoding=\"async\" class=\"alignnone size-full wp-image-501284 perfmatters-lazy\" alt=\"\" width=\"1200\" height=\"200\" src=\"https:\/\/www.europesays.com\/fr\/wp-content\/uploads\/2025\/04\/Abonnements-sans-pubs-Dicodusport.png\"\/><\/a><\/p>\n","protected":false},"excerpt":{"rendered":"LIGUE 1 2025-2026 \u2013 \u00c0 quelle heure et sur quelle cha\u00eene TV suivre le match de Ligue 1&hellip;\n","protected":false},"author":2,"featured_media":354795,"comment_status":"","ping_status":"","sticky":false,"template":"","format":"standard","meta":{"footnotes":""},"categories":[2815],"tags":[1111,11,2113,1777,674,3317,63,1011,27,811,66,1307,44780,12,502,25],"class_list":{"0":"post-354794","1":"post","2":"type-post","3":"status-publish","4":"format-standard","5":"has-post-thumbnail","7":"category-lille","8":"tag-actu","9":"tag-actualites","10":"tag-breve","11":"tag-eu","12":"tag-europe","13":"tag-fc-lorient","14":"tag-football","15":"tag-fr","16":"tag-france","17":"tag-hauts-de-france","18":"tag-ligue-1","19":"tag-lille","20":"tag-lille-osc","21":"tag-news","22":"tag-programme-tv","23":"tag-republique-francaise"},"share_on_mastodon":{"url":"https:\/\/pubeurope.com\/@fr\/115118612650428221","error":""},"_links":{"self":[{"href":"https:\/\/www.europesays.com\/fr\/wp-json\/wp\/v2\/posts\/354794","targetHints":{"allow":["GET"]}}],"collection":[{"href":"https:\/\/www.europesays.com\/fr\/wp-json\/wp\/v2\/posts"}],"about":[{"href":"https:\/\/www.europesays.com\/fr\/wp-json\/wp\/v2\/types\/post"}],"author":[{"embeddable":true,"href":"https:\/\/www.europesays.com\/fr\/wp-json\/wp\/v2\/users\/2"}],"replies":[{"embeddable":true,"href":"https:\/\/www.europesays.com\/fr\/wp-json\/wp\/v2\/comments?post=354794"}],"version-history":[{"count":0,"href":"https:\/\/www.europesays.com\/fr\/wp-json\/wp\/v2\/posts\/354794\/revisions"}],"wp:featuredmedia":[{"embeddable":true,"href":"https:\/\/www.europesays.com\/fr\/wp-json\/wp\/v2\/media\/354795"}],"wp:attachment":[{"href":"https:\/\/www.europesays.com\/fr\/wp-json\/wp\/v2\/media?parent=354794"}],"wp:term":[{"taxonomy":"category","embeddable":true,"href":"https:\/\/www.europesays.com\/fr\/wp-json\/wp\/v2\/categories?post=354794"},{"taxonomy":"post_tag","embeddable":true,"href":"https:\/\/www.europesays.com\/fr\/wp-json\/wp\/v2\/tags?post=354794"}],"curies":[{"name":"wp","href":"https:\/\/api.w.org\/{rel}","templated":true}]}}