{"id":354796,"date":"2025-08-30T16:16:09","date_gmt":"2025-08-30T16:16:09","guid":{"rendered":"https:\/\/www.europesays.com\/fr\/354796\/"},"modified":"2025-08-30T16:16:09","modified_gmt":"2025-08-30T16:16:09","slug":"un-marseillais-condamne-pour-avoir-tente-de-livrer-par-drone-un-colis-a-des-detenus-de-la-prison-de-luynes","status":"publish","type":"post","link":"https:\/\/www.europesays.com\/fr\/354796\/","title":{"rendered":"Un Marseillais condamn\u00e9 pour avoir tent\u00e9 de livrer par drone un colis \u00e0 des d\u00e9tenus de la prison de Luynes"},"content":{"rendered":"<p>Il est arriv\u00e9 comme enferm\u00e9 dans sa propre ombre. T\u00eate baiss\u00e9e, regard fuyant, dos vo\u00fbt\u00e9, M.\u00a0Said, 22\u00a0ans, \u00e9tait loin de pavoiser en entrant dans le box. Le Marseillais s\u2019\u00e9tait fait surprendre en train de livrer la <a href=\"https:\/\/www.laprovence.com\/article\/faits-divers-justice\/3802357457268314\/a-aix-un-detenu-de-la-prison-de-luynes-avait-profere-des-menaces-a-l-encontre-d-un-agent-penitentiaire\" target=\"_blank\" rel=\"noopener\">maison d\u2019arr\u00eat de Luynes<\/a> par drone, \u00e0 4\u00a0heures du matin. Un comportement qui n\u2019a pas manqu\u00e9 d\u2019agacer la pr\u00e9sidente du tribunal. \u00ab\u00a0Ce n\u2019est pas Uber Eats, ce ne sont pas des pizzas que vous livrez l\u00e0\u2026 C\u2019est plut\u00f4t <a href=\"https:\/\/www.laprovence.com\/article\/faits-divers-justice\/2018683141251815\/a-marseille-un-livreur-ubershit-trahi-par-son-appli-d-assistance-a-la-navigation\" target=\"_blank\" rel=\"noopener\">Uber Shit<\/a> \u00e0 la limite\u00a0\u00bb, a-t-elle lanc\u00e9, mi-ironique, mi-indign\u00e9e.<\/p>\n<p>Le jeune homme a reconnu les faits sans difficult\u00e9 et a expliqu\u00e9 la mani\u00e8re dont il s\u2019est fait d\u00e9marcher\u00a0: \u00ab\u00a0Je fais des clips de musique en utilisant des drones. Ils ont vu \u00e7a et m\u2019ont ajout\u00e9 sur Snapchat pour me demander si c\u2019\u00e9tait moi qui le pilotais. J\u2019ai \u00e9t\u00e9 emport\u00e9 par l\u2019app\u00e2t du gain.\u00a0\u00bb La magistrate a encha\u00een\u00e9 imm\u00e9diatement\u00a0: \u00ab\u00a0Argent facile, argent d\u00e9bile\u2026\u00a0\u00bb Le livreur d\u2019un soir ne sera de toute fa\u00e7on pas pay\u00e9\u00a0: le colis est tomb\u00e9 dans la cour de la maison d\u2019arr\u00eat avant d\u2019atteindre sa destination. \u00ab\u00a0Ce n\u2019est pas un m\u00e9chant. Il avait tellement peur qu\u2019il n\u2019a pas r\u00e9ussi \u00e0 manier le drone correctement\u00a0\u00bb, explique Guillaume Danays, l\u2019avocat de la d\u00e9fense. Le pr\u00e9venu compl\u00e8te \u00ab\u00a0J\u2019ai commenc\u00e9 \u00e0 regretter une fois sur place.\u00a0\u00bb<\/p>\n<p>Des justifications qui n\u2019ont pas vraiment convaincu le minist\u00e8re public. Jugeant l\u2019affaire d\u2019une \u00ab\u00a0simplicit\u00e9 biblique\u00a0\u00bb, le procureur n\u2019a pas h\u00e9sit\u00e9 \u00e0 faire la morale au jeune homme\u00a0: \u00ab\u00a0C\u2019est chaque semaine <a href=\"https:\/\/www.laprovence.com\/article\/faits-divers-justice\/98186612525452\/une-livraison-par-drone-interceptee-avant-une-distribution-programmee-a-des-detenus-de-la-maison-darret-de-luynes\" target=\"_blank\" rel=\"noopener\">que l\u2019on traite ce genre de cas<\/a>. Il y a une jurisprudence. Vous \u00eates nombreux \u00e0 tenter et vous \u00eates nombreux \u00e0 repartir avec un an ferme. Vous avez de grandes chances de retourner \u00e0 Luynes pour un petit moment.\u00a0\u00bb Une menace mise \u00e0 ex\u00e9cution. Bien que le pr\u00e9venu n\u2019ait pas \u00e9cop\u00e9 d\u2019un an ferme &#8211; faute de certitude sur le contenu du colis &#8211; il passera tout de m\u00eame six mois en prison.<\/p>\n","protected":false},"excerpt":{"rendered":"Il est arriv\u00e9 comme enferm\u00e9 dans sa propre ombre. T\u00eate baiss\u00e9e, regard fuyant, dos vo\u00fbt\u00e9, M.\u00a0Said, 22\u00a0ans, \u00e9tait&hellip;\n","protected":false},"author":2,"featured_media":354797,"comment_status":"","ping_status":"","sticky":false,"template":"","format":"standard","meta":{"footnotes":""},"categories":[2814],"tags":[17,1111,11,6661,8652,1777,674,274,1011,27,8055,761,884,12,5912,471,882,25,18800],"class_list":{"0":"post-354796","1":"post","2":"type-post","3":"status-publish","4":"format-standard","5":"has-post-thumbnail","7":"category-marseille","8":"tag-17","9":"tag-actu","10":"tag-actualites","11":"tag-avoir","12":"tag-condamne","13":"tag-eu","14":"tag-europe","15":"tag-faits-divers-justice","16":"tag-fr","17":"tag-france","18":"tag-livrer","19":"tag-marseillais","20":"tag-marseille","21":"tag-news","22":"tag-par","23":"tag-pour","24":"tag-provence-alpes-cote-dazur","25":"tag-republique-francaise","26":"tag-tente"},"share_on_mastodon":{"url":"https:\/\/pubeurope.com\/@fr\/115118616379325290","error":""},"_links":{"self":[{"href":"https:\/\/www.europesays.com\/fr\/wp-json\/wp\/v2\/posts\/354796","targetHints":{"allow":["GET"]}}],"collection":[{"href":"https:\/\/www.europesays.com\/fr\/wp-json\/wp\/v2\/posts"}],"about":[{"href":"https:\/\/www.europesays.com\/fr\/wp-json\/wp\/v2\/types\/post"}],"author":[{"embeddable":true,"href":"https:\/\/www.europesays.com\/fr\/wp-json\/wp\/v2\/users\/2"}],"replies":[{"embeddable":true,"href":"https:\/\/www.europesays.com\/fr\/wp-json\/wp\/v2\/comments?post=354796"}],"version-history":[{"count":0,"href":"https:\/\/www.europesays.com\/fr\/wp-json\/wp\/v2\/posts\/354796\/revisions"}],"wp:featuredmedia":[{"embeddable":true,"href":"https:\/\/www.europesays.com\/fr\/wp-json\/wp\/v2\/media\/354797"}],"wp:attachment":[{"href":"https:\/\/www.europesays.com\/fr\/wp-json\/wp\/v2\/media?parent=354796"}],"wp:term":[{"taxonomy":"category","embeddable":true,"href":"https:\/\/www.europesays.com\/fr\/wp-json\/wp\/v2\/categories?post=354796"},{"taxonomy":"post_tag","embeddable":true,"href":"https:\/\/www.europesays.com\/fr\/wp-json\/wp\/v2\/tags?post=354796"}],"curies":[{"name":"wp","href":"https:\/\/api.w.org\/{rel}","templated":true}]}}