{"id":354799,"date":"2025-08-30T16:18:10","date_gmt":"2025-08-30T16:18:10","guid":{"rendered":"https:\/\/www.europesays.com\/fr\/354799\/"},"modified":"2025-08-30T16:18:10","modified_gmt":"2025-08-30T16:18:10","slug":"une-nouvelle-derogation-mise-en-place-lundi","status":"publish","type":"post","link":"https:\/\/www.europesays.com\/fr\/354799\/","title":{"rendered":"une nouvelle d\u00e9rogation mise en place lundi"},"content":{"rendered":"<p itemprop=\"description\"><strong>C\u2019est un petit r\u00e9pit pour certains d\u00e9tracteurs de la ZFE.<\/strong><\/p>\n<p>\u00c0 compter de lundi 1er septembre, une nouvelle d\u00e9rogation \u00e0 la Zone \u00e0 faibles \u00e9missions (ZFE) d\u00e9ploy\u00e9e dans cinq communes de la m\u00e9tropole (Lyon, Villeurbanne, Bron, Caluire-et-Cuire ainsi que V\u00e9nissieux) entrera en vigueur.<\/p>\n<p>Les actifs habitant ou travaillant dans l\u2019une de ces cinq villes, dont le revenu fiscal de r\u00e9f\u00e9rence ne d\u00e9passe pas les 16 300 euros et poss\u00e9dant un v\u00e9hicule class\u00e9 Crit\u2019Air 3 seront concern\u00e9s par celle-ci.<\/p>\n<p>Elle restera valable, tous les jours et sans restriction d\u2019horaires, jusqu\u2019au 31 d\u00e9cembre 2027. Il faudra, n\u00e9anmoins, r\u00e9aliser une demande aupr\u00e8s de la <a href=\"https:\/\/www.toodego.com\/zfe\/\" target=\"_blank\" rel=\"noopener nofollow\">plateforme Toodego<\/a>, dirig\u00e9e par la M\u00e9tropole de Lyon, mais seulement \u00e0 compter de lundi !<\/p>\n<p>En ce qui concerne la d\u00e9rogation horaires d\u00e9cal\u00e9s, deux nouvelles contraintes ont \u00e9t\u00e9 ajout\u00e9es. Il faut d\u00e9sormais habiter ou travailler dans l\u2019une des cinq communes concern\u00e9es par la ZFE et poss\u00e9der la vignette \u00ab\u00a0Actif Crit\u2019Air 3\u00a0\u00bb au lieu de l\u2019attestation papier qui devait \u00eatre plac\u00e9e derri\u00e8re le pare-brise.<\/p>\n","protected":false},"excerpt":{"rendered":"C\u2019est un petit r\u00e9pit pour certains d\u00e9tracteurs de la ZFE. \u00c0 compter de lundi 1er septembre, une nouvelle&hellip;\n","protected":false},"author":2,"featured_media":354800,"comment_status":"","ping_status":"","sticky":false,"template":"","format":"standard","meta":{"footnotes":""},"categories":[1889],"tags":[1111,11,2813,2190,2430,1109,251,1112,2811,1777,674,118,1011,27,1922,1110,1114,2428,2810,12,241,316,25,2812,517,800],"class_list":{"0":"post-354799","1":"post","2":"type-post","3":"status-publish","4":"format-standard","5":"has-post-thumbnail","7":"category-lyon","8":"tag-actu","9":"tag-actualites","10":"tag-article","11":"tag-asvel","12":"tag-auvergne-rhone-alpes","13":"tag-breves","14":"tag-culture","15":"tag-depeches","16":"tag-economique","17":"tag-eu","18":"tag-europe","19":"tag-faits-divers","20":"tag-fr","21":"tag-france","22":"tag-info","23":"tag-informations","24":"tag-infos","25":"tag-lyon","26":"tag-lyonmag","27":"tag-news","28":"tag-ol","29":"tag-politique","30":"tag-republique-francaise","31":"tag-sociale","32":"tag-sport","33":"tag-transports"},"share_on_mastodon":{"url":"https:\/\/pubeurope.com\/@fr\/115118624173561096","error":""},"_links":{"self":[{"href":"https:\/\/www.europesays.com\/fr\/wp-json\/wp\/v2\/posts\/354799","targetHints":{"allow":["GET"]}}],"collection":[{"href":"https:\/\/www.europesays.com\/fr\/wp-json\/wp\/v2\/posts"}],"about":[{"href":"https:\/\/www.europesays.com\/fr\/wp-json\/wp\/v2\/types\/post"}],"author":[{"embeddable":true,"href":"https:\/\/www.europesays.com\/fr\/wp-json\/wp\/v2\/users\/2"}],"replies":[{"embeddable":true,"href":"https:\/\/www.europesays.com\/fr\/wp-json\/wp\/v2\/comments?post=354799"}],"version-history":[{"count":0,"href":"https:\/\/www.europesays.com\/fr\/wp-json\/wp\/v2\/posts\/354799\/revisions"}],"wp:featuredmedia":[{"embeddable":true,"href":"https:\/\/www.europesays.com\/fr\/wp-json\/wp\/v2\/media\/354800"}],"wp:attachment":[{"href":"https:\/\/www.europesays.com\/fr\/wp-json\/wp\/v2\/media?parent=354799"}],"wp:term":[{"taxonomy":"category","embeddable":true,"href":"https:\/\/www.europesays.com\/fr\/wp-json\/wp\/v2\/categories?post=354799"},{"taxonomy":"post_tag","embeddable":true,"href":"https:\/\/www.europesays.com\/fr\/wp-json\/wp\/v2\/tags?post=354799"}],"curies":[{"name":"wp","href":"https:\/\/api.w.org\/{rel}","templated":true}]}}