{"id":354804,"date":"2025-08-30T16:21:13","date_gmt":"2025-08-30T16:21:13","guid":{"rendered":"https:\/\/www.europesays.com\/fr\/354804\/"},"modified":"2025-08-30T16:21:13","modified_gmt":"2025-08-30T16:21:13","slug":"un-grand-moment-de-sport-en-ile-de-france","status":"publish","type":"post","link":"https:\/\/www.europesays.com\/fr\/354804\/","title":{"rendered":"un grand moment de sport en \u00cele-de-France"},"content":{"rendered":"<p><strong>Un an apr\u00e8s les Jeux Olympiques, Paris a de nouveau vibr\u00e9 pour le badminton, avec des championnats du monde r\u00e9ussis. La r\u00e9action de la pr\u00e9sidente du CROS \u00cele-de-France, Evelyne Ciriegi.<\/strong><\/p>\n<p align=\"JUSTIFY\"><a href=\"https:\/\/www.crosif.fr\/\" rel=\"nofollow noopener\" target=\"_blank\"><img loading=\"lazy\" decoding=\"async\" class=\"size-full wp-image-121622 alignleft\" src=\"data:image\/svg+xml,%3Csvg%20xmlns=\" http:=\"\" alt=\"\" width=\"300\" height=\"250\" data-pin-no-hover=\"true\" data-lazy-src=\"https:\/\/www.europesays.com\/fr\/wp-content\/uploads\/2025\/04\/Banniere-CROS-Ile-de-France-300x250px.gif\"\/><\/a><\/p>\n<p>Ferveur en tribunes et exploits fran\u00e7ais sur le terrain\u00a0: la recette parfaite pour un \u00e9v\u00e9nement sportif international r\u00e9ussi dans l\u2019Hexagone\u00a0! Toute la semaine, <strong><a href=\"https:\/\/www.sportmag.fr\/franck-laurent-une-reussite-populaire-et-sportive-aux-mondiaux-de-paris\/\" rel=\"nofollow noopener\" target=\"_blank\">Paris et l\u2019adidas arena ont vibr\u00e9 pour le badminton.<\/a><\/strong> Un an apr\u00e8s la liesse des Jeux Olympiques, les championnats du monde sont un succ\u00e8s. Un moment majeur pour le sportif francilien, pour faire perdurer l\u2019h\u00e9ritage des JOP. La r\u00e9action de la pr\u00e9sidente du Comit\u00e9 r\u00e9gional olympique et sportif (CROS) \u00cele-de-France, Evelyne Ciriegi.<\/p>\n","protected":false},"excerpt":{"rendered":"Un an apr\u00e8s les Jeux Olympiques, Paris a de nouveau vibr\u00e9 pour le badminton, avec des championnats du&hellip;\n","protected":false},"author":2,"featured_media":354805,"comment_status":"","ping_status":"","sticky":false,"template":"","format":"standard","meta":{"footnotes":""},"categories":[1592],"tags":[1111,11,1777,674,1011,27,662,12,626,25],"class_list":{"0":"post-354804","1":"post","2":"type-post","3":"status-publish","4":"format-standard","5":"has-post-thumbnail","7":"category-ile-de-france","8":"tag-actu","9":"tag-actualites","10":"tag-eu","11":"tag-europe","12":"tag-fr","13":"tag-france","14":"tag-ile-de-france","15":"tag-news","16":"tag-paris","17":"tag-republique-francaise"},"share_on_mastodon":{"url":"https:\/\/pubeurope.com\/@fr\/115118635977698834","error":""},"_links":{"self":[{"href":"https:\/\/www.europesays.com\/fr\/wp-json\/wp\/v2\/posts\/354804","targetHints":{"allow":["GET"]}}],"collection":[{"href":"https:\/\/www.europesays.com\/fr\/wp-json\/wp\/v2\/posts"}],"about":[{"href":"https:\/\/www.europesays.com\/fr\/wp-json\/wp\/v2\/types\/post"}],"author":[{"embeddable":true,"href":"https:\/\/www.europesays.com\/fr\/wp-json\/wp\/v2\/users\/2"}],"replies":[{"embeddable":true,"href":"https:\/\/www.europesays.com\/fr\/wp-json\/wp\/v2\/comments?post=354804"}],"version-history":[{"count":0,"href":"https:\/\/www.europesays.com\/fr\/wp-json\/wp\/v2\/posts\/354804\/revisions"}],"wp:featuredmedia":[{"embeddable":true,"href":"https:\/\/www.europesays.com\/fr\/wp-json\/wp\/v2\/media\/354805"}],"wp:attachment":[{"href":"https:\/\/www.europesays.com\/fr\/wp-json\/wp\/v2\/media?parent=354804"}],"wp:term":[{"taxonomy":"category","embeddable":true,"href":"https:\/\/www.europesays.com\/fr\/wp-json\/wp\/v2\/categories?post=354804"},{"taxonomy":"post_tag","embeddable":true,"href":"https:\/\/www.europesays.com\/fr\/wp-json\/wp\/v2\/tags?post=354804"}],"curies":[{"name":"wp","href":"https:\/\/api.w.org\/{rel}","templated":true}]}}