{"id":354806,"date":"2025-08-30T16:22:11","date_gmt":"2025-08-30T16:22:11","guid":{"rendered":"https:\/\/www.europesays.com\/fr\/354806\/"},"modified":"2025-08-30T16:22:11","modified_gmt":"2025-08-30T16:22:11","slug":"je-nirai-pas-voir-le-premier-ministre-pour-lui-signer-un-cheque-en-blanc-promet-laurent-wauquiez","status":"publish","type":"post","link":"https:\/\/www.europesays.com\/fr\/354806\/","title":{"rendered":"\u00ab\u00a0Je n&rsquo;irai pas voir le Premier ministre pour lui signer un ch\u00e8que en blanc\u00a0\u00bb, promet Laurent Wauquiez"},"content":{"rendered":"<p>\u00ab\u00a0Je n&rsquo;irai pas voir le Premier ministre pour lui signer un ch\u00e8que en blanc.\u00a0\u00bb Neuf jours avant <a href=\"https:\/\/www.franceinfo.fr\/politique\/francois-bayrou\/il-a-5-de-chances-de-s-en-sortir-comment-francois-bayrou-tente-de-dejouer-les-pronostics-sur-le-vote-de-confiance-du-8-septembre_7459408.html\" rel=\"nofollow noopener\" target=\"_blank\">le vote de confiance qui menace le gouvernement de Fran\u00e7ois Bayrou<\/a>, le chef des d\u00e9put\u00e9s Les R\u00e9publicains, Laurent Wauquiez, s&rsquo;est exprim\u00e9 sur la crise politique en cours. Il a promis de \u00ab\u00a0dire [\u00e0 Fran\u00e7ois Bayrou] qu&rsquo;il doit entendre la France qui travaille et corriger, tant qu&rsquo;il est temps, ce qui ne va dans son budget\u00a0\u00bb, \u00e0 l&rsquo;occasion de sa traditionnelle ascension du mont M\u00e9zenc (Haute-Loire), samedi 30 ao\u00fbt. Estimant que la suppression de deux jours f\u00e9ri\u00e9s est \u00ab\u00a0une erreur\u00a0\u00bb, il a aussi reproch\u00e9 au Premier ministre \u00ab\u00a0d&rsquo;ouvrir une fracture entre g\u00e9n\u00e9ration\u00a0\u00bb. Une d\u00e9claration plus s\u00e9v\u00e8re que celle du ministre de l&rsquo;Int\u00e9rieur, Bruno Retailleau, patron de LR, qui avait renouvel\u00e9 sa confiance \u00e0 Fran\u00e7ois Bayrou mardi, en estimant que \u00ab\u00a0voter pour la chute du gouvernement, ce serait voter contre les int\u00e9r\u00eats de la France\u00a0\u00bb. Suivez notre direct.<\/p>\n<p class=\"c-body__bullet\"><strong> Le PS a pr\u00e9sent\u00e9 son \u00ab\u00a0contre-budget\u00a0\u00bb.<\/strong> Le Parti socialiste, qui s&rsquo;est dit <a href=\"https:\/\/www.franceinfo.fr\/politique\/ps\/universite-d-ete-du-ps\/nous-sommes-prets-aux-universites-d-ete-du-ps-le-parti-appelle-a-entrer-a-matignon-les-militants-doutent_7461946.html\" rel=\"nofollow noopener\" target=\"_blank\">\u00ab\u00a0volontaire\u00a0\u00bb pour prendre la rel\u00e8ve de Fran\u00e7ois Bayrou<\/a>, a pr\u00e9sent\u00e9 en fin de matin\u00e9e <a href=\"https:\/\/www.franceinfo.fr\/politique\/ps\/le-ps-presente-son-budget-alternatif-et-veut-notamment-recolter-26-9-milliards-d-euros-en-taxant-les-grandes-fortunes_7463311.html\" rel=\"nofollow noopener\" target=\"_blank\">ses propositions budg\u00e9taires<\/a> pour prouver qu'\u00a0\u00bbune autre voie\u00a0\u00bb est possible. Le parti vise notamment \u00ab\u00a026,9 milliards d\u2019euros de recettes\u00a0\u00bb en taxant les grandes fortunes et les grandes entreprises, selon un document consult\u00e9 par franceinfo.<\/p>\n<p class=\"c-body__bullet\"><b> Jordan Bardella r\u00e9clame une nouvelle dissolution.<\/b> Le pr\u00e9sident du Rassemblement national a accus\u00e9 \u00ab\u00a0ceux qui sont au pouvoir\u00a0\u00bb d&rsquo;\u00eatre \u00ab\u00a0des facteurs d&rsquo;instabilit\u00e9\u00a0\u00bb. Le RN, qui doit s&rsquo;entretenir avec Fran\u00e7ois Bayrou mardi \u00e0 Matignon, <a href=\"https:\/\/www.franceinfo.fr\/politique\/front-national\/vote-de-confiance-du-8-septembre-pourquoi-le-rn-a-decide-de-pousser-francois-bayrou-vers-la-sortie-plus-tot-que-prevu_7457746.html\" rel=\"nofollow noopener\" target=\"_blank\">r\u00e9clame une nouvelle dissolution de l&rsquo;Assembl\u00e9e nationale<\/a>\u00a0: \u00ab\u00a0La seule solution pour sortir de cette crise, c&rsquo;est de se tourner vers les Fran\u00e7ais\u00a0\u00bb, a affirm\u00e9 Jordan Bardella en marge d&rsquo;un d\u00e9placement \u00e0 la foire de Ch\u00e2lons (Marne).<\/p>\n<p class=\"c-body__bullet\"><strong> Fran\u00e7ois Bayrou veut consulter les partis avant le vote de confiance.<\/strong> Le Premier ministre a pr\u00e9vu <a href=\"https:\/\/www.franceinfo.fr\/politique\/gouvernement-de-francois-bayrou\/vote-de-confiance-le-parti-socialiste-accepte-de-rencontrer-francois-bayrou-a-matignon_7461619.html\" rel=\"nofollow noopener\" target=\"_blank\">plusieurs rendez-vous la semaine prochaine<\/a> avec les partis politiques \u00e0 Matignon. Pour le moment, il est pr\u00e9vu que Fran\u00e7ois Bayrou rencontre le PCF, le RN, LR, Renaissance, Horizons, UDR, Liot et UDI. LFI et les Ecologistes ont annonc\u00e9 leur refus de participer \u00e0 ces consultations.<\/p>\n","protected":false},"excerpt":{"rendered":"\u00ab\u00a0Je n&rsquo;irai pas voir le Premier ministre pour lui signer un ch\u00e8que en blanc.\u00a0\u00bb Neuf jours avant le&hellip;\n","protected":false},"author":2,"featured_media":354807,"comment_status":"","ping_status":"","sticky":false,"template":"","format":"standard","meta":{"footnotes":""},"categories":[1888],"tags":[1111,1928,11,1927,1777,674,1011,27,12,1926,626,1925,25],"class_list":{"0":"post-354806","1":"post","2":"type-post","3":"status-publish","4":"format-standard","5":"has-post-thumbnail","7":"category-paris","8":"tag-actu","9":"tag-actu-paris","10":"tag-actualites","11":"tag-actualites-paris","12":"tag-eu","13":"tag-europe","14":"tag-fr","15":"tag-france","16":"tag-news","17":"tag-news-paris","18":"tag-paris","19":"tag-paris-news","20":"tag-republique-francaise"},"share_on_mastodon":{"url":"https:\/\/pubeurope.com\/@fr\/115118639906632353","error":""},"_links":{"self":[{"href":"https:\/\/www.europesays.com\/fr\/wp-json\/wp\/v2\/posts\/354806","targetHints":{"allow":["GET"]}}],"collection":[{"href":"https:\/\/www.europesays.com\/fr\/wp-json\/wp\/v2\/posts"}],"about":[{"href":"https:\/\/www.europesays.com\/fr\/wp-json\/wp\/v2\/types\/post"}],"author":[{"embeddable":true,"href":"https:\/\/www.europesays.com\/fr\/wp-json\/wp\/v2\/users\/2"}],"replies":[{"embeddable":true,"href":"https:\/\/www.europesays.com\/fr\/wp-json\/wp\/v2\/comments?post=354806"}],"version-history":[{"count":0,"href":"https:\/\/www.europesays.com\/fr\/wp-json\/wp\/v2\/posts\/354806\/revisions"}],"wp:featuredmedia":[{"embeddable":true,"href":"https:\/\/www.europesays.com\/fr\/wp-json\/wp\/v2\/media\/354807"}],"wp:attachment":[{"href":"https:\/\/www.europesays.com\/fr\/wp-json\/wp\/v2\/media?parent=354806"}],"wp:term":[{"taxonomy":"category","embeddable":true,"href":"https:\/\/www.europesays.com\/fr\/wp-json\/wp\/v2\/categories?post=354806"},{"taxonomy":"post_tag","embeddable":true,"href":"https:\/\/www.europesays.com\/fr\/wp-json\/wp\/v2\/tags?post=354806"}],"curies":[{"name":"wp","href":"https:\/\/api.w.org\/{rel}","templated":true}]}}