{"id":354808,"date":"2025-08-30T16:23:10","date_gmt":"2025-08-30T16:23:10","guid":{"rendered":"https:\/\/www.europesays.com\/fr\/354808\/"},"modified":"2025-08-30T16:23:10","modified_gmt":"2025-08-30T16:23:10","slug":"paris-une-nouvelle-identite-pour-fire","status":"publish","type":"post","link":"https:\/\/www.europesays.com\/fr\/354808\/","title":{"rendered":"PARIS : Une nouvelle identit\u00e9 pour FIRE"},"content":{"rendered":"<p><strong>\u00c0 l\u2019occasion de la soir\u00e9e c\u00e9l\u00e9brant ses cinq ann\u00e9es d\u2019existence, FIRE a pr\u00e9sent\u00e9, le 17 juillet dernier, sa nouvelle identit\u00e9 visuelle, devant l\u2019ensemble de ses collaborateurs, partenaires, clients et parties prenantes r\u00e9unis \u00e0 Paris.<\/strong><\/p>\n<p>Depuis 2020, FIRE accompagne la requalification d\u2019actifs sur l\u2019ensemble du territoire fran\u00e7ais, en croisant approche industrielle et conviction d\u2019investisseur. Avec plus de 1,2 milliard d\u2019euros d\u2019investissement, 800 millions d\u2019euros d\u2019actifs sous gestion et 600 000 m\u00b2 en d\u00e9veloppement, FIRE entend faire \u00e9merger de la cr\u00e9ation de la valeur dans des zones \u00e0 fort potentiel. Son nouveau logo refl\u00e8te l\u2019\u00e9tape que FIRE franchit aujourd\u2019hui dans sa trajectoire de d\u00e9veloppement.<\/p>\n<p>\u00ab Ce nouveau logo traduit un nouvel \u00e9lan de l\u2019entreprise apr\u00e8s une p\u00e9riode de forte croissance. Il est plus structur\u00e9, plus lisible, plus ancr\u00e9 et \u00e0 l\u2019image de l\u2019entreprise que nous sommes devenus \u00bb affirme Julien Mongoin, cofondateur de FIRE. \u00ab Il s\u2019accompagne d\u2019un langage visuel repens\u00e9, qui sera progressivement d\u00e9ploy\u00e9 sur l\u2019ensemble des supports de l\u2019entreprise tout au long de l\u2019\u00e9t\u00e9 et \u00e0 la rentr\u00e9e \u00bb, compl\u00e8te Louis d\u2019Arexy, cofondateur de FIRE.<\/p>\n<p>Fond\u00e9e en 2020 par Louis d\u2019Arexy et Julien Mongoin, FIRE intervient sur l\u2019ensemble du territoire fran\u00e7ais en alliant savoir-faire op\u00e9rationnel, expertise strat\u00e9gique et int\u00e9gration des usages \u00e9mergents dans le domaine de la logistique.<\/p>\n<p>Identit\u00e9 visuelle et photos de Louis d\u2019Arexy et Julien Mongoin<\/p>\n<p>Source : Vid\u00e9o-News n\u00b01306.<\/p>\n","protected":false},"excerpt":{"rendered":"\u00c0 l\u2019occasion de la soir\u00e9e c\u00e9l\u00e9brant ses cinq ann\u00e9es d\u2019existence, FIRE a pr\u00e9sent\u00e9, le 17 juillet dernier, sa&hellip;\n","protected":false},"author":2,"featured_media":354809,"comment_status":"","ping_status":"","sticky":false,"template":"","format":"standard","meta":{"footnotes":""},"categories":[1888],"tags":[1111,1928,11,1927,1777,674,1011,27,12,1926,626,1925,25],"class_list":{"0":"post-354808","1":"post","2":"type-post","3":"status-publish","4":"format-standard","5":"has-post-thumbnail","7":"category-paris","8":"tag-actu","9":"tag-actu-paris","10":"tag-actualites","11":"tag-actualites-paris","12":"tag-eu","13":"tag-europe","14":"tag-fr","15":"tag-france","16":"tag-news","17":"tag-news-paris","18":"tag-paris","19":"tag-paris-news","20":"tag-republique-francaise"},"share_on_mastodon":{"url":"https:\/\/pubeurope.com\/@fr\/115118643825657183","error":""},"_links":{"self":[{"href":"https:\/\/www.europesays.com\/fr\/wp-json\/wp\/v2\/posts\/354808","targetHints":{"allow":["GET"]}}],"collection":[{"href":"https:\/\/www.europesays.com\/fr\/wp-json\/wp\/v2\/posts"}],"about":[{"href":"https:\/\/www.europesays.com\/fr\/wp-json\/wp\/v2\/types\/post"}],"author":[{"embeddable":true,"href":"https:\/\/www.europesays.com\/fr\/wp-json\/wp\/v2\/users\/2"}],"replies":[{"embeddable":true,"href":"https:\/\/www.europesays.com\/fr\/wp-json\/wp\/v2\/comments?post=354808"}],"version-history":[{"count":0,"href":"https:\/\/www.europesays.com\/fr\/wp-json\/wp\/v2\/posts\/354808\/revisions"}],"wp:featuredmedia":[{"embeddable":true,"href":"https:\/\/www.europesays.com\/fr\/wp-json\/wp\/v2\/media\/354809"}],"wp:attachment":[{"href":"https:\/\/www.europesays.com\/fr\/wp-json\/wp\/v2\/media?parent=354808"}],"wp:term":[{"taxonomy":"category","embeddable":true,"href":"https:\/\/www.europesays.com\/fr\/wp-json\/wp\/v2\/categories?post=354808"},{"taxonomy":"post_tag","embeddable":true,"href":"https:\/\/www.europesays.com\/fr\/wp-json\/wp\/v2\/tags?post=354808"}],"curies":[{"name":"wp","href":"https:\/\/api.w.org\/{rel}","templated":true}]}}