{"id":354810,"date":"2025-08-30T16:29:20","date_gmt":"2025-08-30T16:29:20","guid":{"rendered":"https:\/\/www.europesays.com\/fr\/354810\/"},"modified":"2025-08-30T16:29:20","modified_gmt":"2025-08-30T16:29:20","slug":"les-nouveaux-restaurants-a-ne-pas-manquer-en-septembre-2025-paris-select","status":"publish","type":"post","link":"https:\/\/www.europesays.com\/fr\/354810\/","title":{"rendered":"les nouveaux restaurants \u00e0 ne pas manquer en septembre 2025 \u2013 Paris Select"},"content":{"rendered":"<p><strong>L\u2019automne 2025 s\u2019annonce bouillonnant c\u00f4t\u00e9 food \u00e0 Paris. Voici les 4 ouvertures restaurants les plus attendues de la rentr\u00e9e.<\/strong><\/p>\n<p>Chaque rentr\u00e9e apporte son lot de nouveaut\u00e9s gastronomiques, mais celle de septembre 2025 promet de faire vibrer les papilles parisiennes. Que vous soyez adepte de cuisine bistrot, amateur de brunch ou curieux d\u2019exp\u00e9riences culinaires in\u00e9dites, Paris vous r\u00e9serve de belles surprises. Tour d\u2019horizon des <strong>nouvelles adresses \u00e0 tester d\u2019urgence<\/strong>, entre <strong>Sentier<\/strong>, <strong>Marais<\/strong> et <strong>11e arrondissement<\/strong>.<\/p>\n<p>Chez Carrie : la touche franco-californienne<\/p>\n<p><img loading=\"lazy\" decoding=\"async\" width=\"880\" height=\"495\" src=\"data:image\/svg+xml,%3Csvg%20xmlns=\" http:=\"\" alt=\"\" class=\"wp-image-185347\" data-lazy- data-lazy- data-lazy-src=\"https:\/\/www.europesays.com\/fr\/wp-content\/uploads\/2025\/08\/A-98-880x495.jpg\"\/><\/p>\n<p>La cheffe <strong>Carrie Solomon<\/strong> ouvre enfin son propre \u00e9tablissement, apr\u00e8s des ann\u00e9es de collaborations et de r\u00e9sidences remarqu\u00e9es. Situ\u00e9 dans le quartier du <strong>Sentier<\/strong>, <strong>Chez Carrie<\/strong> proposera une <strong>cuisine r\u00e9confortante<\/strong> m\u00ealant influences fran\u00e7aises et californiennes. On y retrouvera des plats signature comme les <strong>\u0153ufs \u00e0 la diable<\/strong>, une <strong>glace carrot cake<\/strong>, ou encore une <strong>salade C\u00e9sar twist\u00e9e avec des l\u00e9gumes de saison<\/strong>.<\/p>\n<p>L\u2019adresse promet aussi un <strong>brunch<\/strong> \u00e0 ne pas manquer, accompagn\u00e9 de <strong>kombuchas maison<\/strong> ou de <strong>vins nature soigneusement s\u00e9lectionn\u00e9s<\/strong>. Cette ouverture attendue pour <strong>fin septembre<\/strong> s\u2019inscrit dans la tendance actuelle du bistrot de quartier revisit\u00e9 avec personnalit\u00e9.<\/p>\n<p>\ud83d\udccd 14, rue L\u00e9opold Bellan, Paris 2e<br \/>\ud83d\uddd3\ufe0f Ouverture fin septembre 2025<\/p>\n<p>Le Coyote : le saloon queer et gourmand du Marais<\/p>\n<p><img loading=\"lazy\" decoding=\"async\" width=\"880\" height=\"495\" src=\"data:image\/svg+xml,%3Csvg%20xmlns=\" http:=\"\" alt=\"\" class=\"wp-image-185343\" data-lazy- data-lazy- data-lazy-src=\"https:\/\/www.europesays.com\/fr\/wp-content\/uploads\/2025\/08\/A-96-880x495.jpg\"\/><\/p>\n<p>Exit <strong>Gramme 3<\/strong>, place \u00e0 <strong>Le Coyote<\/strong> ! La cheffe <strong>Marine Gora<\/strong> fait peau neuve et transforme son adresse du Marais en <strong>saloon contemporain et inclusif<\/strong>. Ambiance stetson, t\u00eate de vache et d\u00e9co d\u00e9cal\u00e9e pour une <strong>cantine libre et festive<\/strong>.<\/p>\n<p>Au programme : <strong>cookies gourmands le matin<\/strong>, <strong>tapas raffin\u00e9s le soir<\/strong>, et peut-\u00eatre m\u00eame <strong>quelques pas de danse \u00e0 la tomb\u00e9e de la nuit<\/strong>. L\u2019id\u00e9e ? Casser les codes du food business tout en continuant de s\u00e9duire les fid\u00e8les du quartier.<\/p>\n<p>\ud83d\udccd 86 rue des Archives, Paris 3e<br \/>\ud83d\uddd3\ufe0f Ouverture fin septembre 2025<\/p>\n<p>\u00c0 La Renaissance : bistrot mythique revisit\u00e9<\/p>\n<p><img loading=\"lazy\" decoding=\"async\" width=\"880\" height=\"495\" src=\"data:image\/svg+xml,%3Csvg%20xmlns=\" http:=\"\" alt=\"\" class=\"wp-image-185339\" data-lazy- data-lazy- data-lazy-src=\"https:\/\/www.europesays.com\/fr\/wp-content\/uploads\/2025\/08\/A-95-880x495.jpg\"\/><\/p>\n<p>C\u2019est un morceau de patrimoine parisien qui change de main. <strong>Le bistrot \u00c0 La Renaissance<\/strong>, ouvert depuis 1995, est repris par le duo <strong>Carina Soto Vel\u00e1squez et Joshua Fontaine<\/strong>, \u00e0 l\u2019origine des bars \u00e0 cocktails <strong>Candelaria<\/strong> ou <strong>Mary Celeste<\/strong>.<\/p>\n<p>L\u2019id\u00e9e est claire : <strong>garder l\u2019\u00e2me du lieu<\/strong>, son d\u00e9cor 1950 en <strong>moleskine rouge et n\u00e9ons fatigu\u00e9s<\/strong>, tout en apportant une touche contemporaine avec <strong>des vins nature<\/strong>, <strong>une carte de classiques fran\u00e7ais \u00e0 midi<\/strong>, et <strong>des cocktails pointus et assiettes \u00e0 partager le soir<\/strong>.<\/p>\n<p>\ud83d\udccd 87 rue de la Roquette, Paris 11e<br \/>\ud83d\uddd3\ufe0f Ouverture le 22 septembre 2025<\/p>\n<p>Envie, le banquet : buffet XXL et conscience \u00e9colo<\/p>\n<p><img loading=\"lazy\" decoding=\"async\" width=\"880\" height=\"495\" src=\"data:image\/svg+xml,%3Csvg%20xmlns=\" http:=\"\" alt=\"\" class=\"wp-image-185335\" data-lazy- data-lazy- data-lazy-src=\"https:\/\/www.europesays.com\/fr\/wp-content\/uploads\/2025\/08\/A-94-880x495.jpg\"\/><\/p>\n<p>C\u2019est sans doute le projet le plus ambitieux de la rentr\u00e9e. <strong>Eloy Spinnler<\/strong>, chef star des r\u00e9seaux, frappe fort avec <strong>Envie<\/strong>, un <strong>restaurant-buffet \u00e0 volont\u00e9<\/strong> de 500 m\u00b2 dans le Haut-Marais. Plus de <strong>60 plats et 15 desserts<\/strong> seront propos\u00e9s chaque jour, dans un d\u00e9cor sign\u00e9 <strong>Dor\u00e9navant Studio<\/strong>.<\/p>\n<p>Ce temple de la g\u00e9n\u00e9rosit\u00e9 s\u2019inscrit dans une d\u00e9marche <strong>anti-gaspillage<\/strong> bien pens\u00e9e : <strong>portions r\u00e9duites<\/strong>, travail de produits entiers, <strong>r\u00e9compenses pour les clients finissant leurs assiettes<\/strong>. En cuisine ? Gravlax de maquereau, kebab revisit\u00e9, blanquette, p\u00e2t\u00e9 en cro\u00fbte, mais aussi <strong>cr\u00e9ations v\u00e9g\u00e9tariennes<\/strong> et <strong>desserts spectaculaires<\/strong>.<\/p>\n<p>\ud83d\udccd 148 rue du Temple, Paris 3e<br \/>\ud83d\uddd3\ufe0f Ouverture le 4 septembre 2025<\/p>\n<p>A lire aussi : <a href=\"https:\/\/www.parisselectbook.com\/2025\/08\/26\/le-cafe-de-la-paix-celebre-paris-entre-tradition-culinaire-et-fraicheur-estivale\/\" rel=\"nofollow noopener\" target=\"_blank\">Le Caf\u00e9 de la Paix c\u00e9l\u00e8bre Paris entre tradition culinaire et fra\u00eecheur estivale<\/a><\/p>\n","protected":false},"excerpt":{"rendered":"L\u2019automne 2025 s\u2019annonce bouillonnant c\u00f4t\u00e9 food \u00e0 Paris. Voici les 4 ouvertures restaurants les plus attendues de la&hellip;\n","protected":false},"author":2,"featured_media":354811,"comment_status":"","ping_status":"","sticky":false,"template":"","format":"standard","meta":{"footnotes":""},"categories":[1888],"tags":[11,1777,674,1011,27,12,626,25],"class_list":{"0":"post-354810","1":"post","2":"type-post","3":"status-publish","4":"format-standard","5":"has-post-thumbnail","7":"category-paris","8":"tag-actualites","9":"tag-eu","10":"tag-europe","11":"tag-fr","12":"tag-france","13":"tag-news","14":"tag-paris","15":"tag-republique-francaise"},"share_on_mastodon":{"url":"https:\/\/pubeurope.com\/@fr\/115118667385982264","error":""},"_links":{"self":[{"href":"https:\/\/www.europesays.com\/fr\/wp-json\/wp\/v2\/posts\/354810","targetHints":{"allow":["GET"]}}],"collection":[{"href":"https:\/\/www.europesays.com\/fr\/wp-json\/wp\/v2\/posts"}],"about":[{"href":"https:\/\/www.europesays.com\/fr\/wp-json\/wp\/v2\/types\/post"}],"author":[{"embeddable":true,"href":"https:\/\/www.europesays.com\/fr\/wp-json\/wp\/v2\/users\/2"}],"replies":[{"embeddable":true,"href":"https:\/\/www.europesays.com\/fr\/wp-json\/wp\/v2\/comments?post=354810"}],"version-history":[{"count":0,"href":"https:\/\/www.europesays.com\/fr\/wp-json\/wp\/v2\/posts\/354810\/revisions"}],"wp:featuredmedia":[{"embeddable":true,"href":"https:\/\/www.europesays.com\/fr\/wp-json\/wp\/v2\/media\/354811"}],"wp:attachment":[{"href":"https:\/\/www.europesays.com\/fr\/wp-json\/wp\/v2\/media?parent=354810"}],"wp:term":[{"taxonomy":"category","embeddable":true,"href":"https:\/\/www.europesays.com\/fr\/wp-json\/wp\/v2\/categories?post=354810"},{"taxonomy":"post_tag","embeddable":true,"href":"https:\/\/www.europesays.com\/fr\/wp-json\/wp\/v2\/tags?post=354810"}],"curies":[{"name":"wp","href":"https:\/\/api.w.org\/{rel}","templated":true}]}}