{"id":354812,"date":"2025-08-30T16:34:31","date_gmt":"2025-08-30T16:34:31","guid":{"rendered":"https:\/\/www.europesays.com\/fr\/354812\/"},"modified":"2025-08-30T16:34:31","modified_gmt":"2025-08-30T16:34:31","slug":"de-la-bretagne-a-paris-lorelie-veut-devenir-une-etoile-du-hip-hop","status":"publish","type":"post","link":"https:\/\/www.europesays.com\/fr\/354812\/","title":{"rendered":"de la Bretagne \u00e0 Paris, Lor\u00e9lie veut devenir une \u00e9toile du hip hop"},"content":{"rendered":"<p>            Par<br \/>\n        <strong><br \/>\n            <a href=\"https:\/\/actu.fr\/auteur\/matthieu-gain\" title=\"Consulter tous les articles de Matthieu Gain\" target=\"_blank\" rel=\"noopener\">Matthieu Gain<\/a><br \/>\n        <\/strong><\/p>\n<p>        Publi\u00e9 le<\/p>\n<p>            30 ao\u00fbt 2025 \u00e0 18h20        <\/p>\n<p>Place d\u2019\u00c9cosse, \u00e0 <b>Quimper <\/b>(Finist\u00e8re), vendredi 22 ao\u00fbt 2025. La Block Party, l\u2019un des \u00e9v\u00e9nements qui marque la rentr\u00e9e de la Hip Hop New School, bat son plein. Sur sc\u00e8ne, les danseurs encha\u00eenent les passages au fil des comp\u00e9titions de l\u2019apr\u00e8s-midi.\u00a0<\/p>\n<p class=\" wall-content\"><b>Lor\u00e9lie Pierre<\/b>, 16 ans, se fond parmi eux. L\u2019adolescente, pantalon de jogging, veste du club de foot de sa commune de Plogastel-Saint-Germain, est dans son \u00e9l\u00e9ment.\u00a0<\/p>\n<p>L\u2019\u00e9lite du hip hop<\/p>\n<p class=\" wall-content\">Sur sc\u00e8ne, la jeune danseuse a fait quelques \u00e9tincelles. Et pour cause : elle fait partie de <b>l\u2019\u00e9lite du hip hop<\/b>, en France.<\/p>\n<p class=\" wall-content\">D\u00e9but septembre, Lor\u00e9lie Pierre fera sa rentr\u00e9e en premi\u00e8re STMG au <b>lyc\u00e9e Turgot<\/b> dans le 3e arrondissement de Paris.\u00a0Depuis 2016,<a href=\"https:\/\/pia.ac-paris.fr\/serail\/jcms\/s2_456764\/fr\/section-sportive-hip-hop\" target=\"_blank\" rel=\"noopener\"> l\u2019\u00e9tablissement a ouvert une section sportive hip hop<\/a>.\u00a0<\/p>\n<blockquote class=\"ac-article-quote wall-content\">\n<p>Mon ann\u00e9e de seconde a \u00e9t\u00e9 tr\u00e8s dense, entre les cours, les entra\u00eenements, les r\u00e9sidences artistiques et les opportunit\u00e9s chor\u00e9graphiques.\u00a0<\/p>\n<p>Lor\u00e9lie Pierre.<\/p><\/blockquote>\n<p class=\" wall-content\">En juin 2025, elle est aussi apparue dans <a href=\"https:\/\/www.arte.tv\/fr\/videos\/122793-001-A\/arte-regards\/\" target=\"_blank\" rel=\"noopener\">le documentaire Danse ton bac d\u2019abord<\/a>, diffus\u00e9 sur la cha\u00eene de t\u00e9l\u00e9vision, <b>Arte<\/b>.\u00a0<\/p>\n<p>Vid\u00e9os : en ce moment sur Actu16 h d\u2019entra\u00eenements par semaine<\/p>\n<p class=\" wall-content\">L\u2019an pass\u00e9, rien que le hip hop pesait d\u00e9j\u00e0 16 h par semaine. \u00ab\u00a0Si les r\u00e9sultats scolaires ne suivent pas, l\u2019\u00e9tablissement peut en quelque sorte nous suspendre ; le temps que nos notes remontent. Pour moi, cela a \u00e9t\u00e9. J\u2019ai fini l\u2019ann\u00e9e avec 14 de moyenne\u00a0\u00bb, confie Lor\u00e9lie Pierre.\u00a0<\/p>\n<p>    <img   decoding=\"async\" loading=\"lazy\" class=\"size-large\" src=\"https:\/\/www.europesays.com\/fr\/wp-content\/uploads\/2025\/08\/1144a56a1fa86f444a56a1fa8c844av-960x640.jpg\" alt=\"Lor\u00e9lie Pierre\" width=\"960\" height=\"640\"\/><br \/>\n    Lor\u00e9lie Pierre, 16 ans, poursuit sa scolarit\u00e9 au lyc\u00e9e Turgot \u00e0 Paris o\u00f9 une section sportive hip hop existe depuis 2016. \u00a9Matthieu GAIN<\/p>\n<p>Votre r\u00e9gion, votre actu !<\/p>\n<p>Recevez chaque jour les infos qui comptent pour vous.<\/p>\n<p>\t<a href=\"https:\/\/actu.fr\/newsletter\" class=\"ac-btn ac-btn--corner ac-btn--medium ac-btn--blue800\" target=\"_blank\" rel=\"noopener\">S&rsquo;incrire<\/a><\/p>\n<p class=\" wall-content\"><b>Delphine,<\/b> sa maman, confie \u00e0 <a href=\"https:\/\/actu.fr\/cote-quimper\/\" target=\"_blank\" rel=\"noopener\">C\u00f4t\u00e9 Quimper<\/a> : \u00ab\u00a0Nous sommes fiers d\u2019elle. Cela a \u00e9t\u00e9 un sacr\u00e9 challenge. De partir \u00e0 Paris et de r\u00e9ussir \u00e0 tout g\u00e9rer. Elle est m\u00e9ritante.\u00a0\u00bb\u00a0<\/p>\n<p class=\" wall-content\">Elle retrace aussi tout le parcours de sa fille, de sa d\u00e9couverte du hip hop jusqu\u2019\u00e0 son d\u00e9part \u00e0 <a href=\"https:\/\/actu.fr\/paris\/\" target=\"_blank\" rel=\"noopener\">Paris <\/a>et son admission dans ce dispositif unique en Europe.\u00a0<\/p>\n<blockquote class=\"ac-article-quote wall-content\">\n<p>Comme beaucoup de jeunes, Lor\u00e9lie a d\u2019abord essay\u00e9 plusieurs sports dont des cours de danse classique, contemporaine, modern jazz. Cela lui plaisait mais sans plus. Elle a commenc\u00e9 le hip hop lors d\u2019une initiation avec Atout Sport (un programme de l\u2019agglom\u00e9ration Quimper Bretagne occidentale en faveur du sport pour les jeunes, NDLR).<\/p>\n<p>Delphine, la maman de Lor\u00e9lie.\u00a0<\/p><\/blockquote>\n<p>\u00ab\u00a0D\u00e9termination\u00a0\u00bb et \u00ab\u00a0curiosit\u00e9\u00a0\u00bb<\/p>\n<p class=\" wall-content\">Lor\u00e9lie s\u2019inscrit \u00e0 <a href=\"https:\/\/www.hiphopnewschool.com\/\" target=\"_blank\" rel=\"noopener\">la Hip Hop New School<\/a>. <b>Ali Ahamed<\/b>, le directeur artistique de l\u2019\u00e9cole bas\u00e9e \u00e0 Quimper, l\u2019a eue en cours deux ann\u00e9es cons\u00e9cutives. Il salue sa \u00ab\u00a0d\u00e9termination\u00a0\u00bb, sa \u00ab\u00a0pers\u00e9v\u00e9rance\u00a0\u00bb et sa \u00ab\u00a0curiosit\u00e9\u00a0\u00bb :<\/p>\n<blockquote class=\"ac-article-quote wall-content\">\n<p>Elle \u00e9tait capable de r\u00e9p\u00e9ter une figure vingt fois jusqu\u2019\u00e0 la r\u00e9ussir. Lor\u00e9lie me sollicitait aussi r\u00e9guli\u00e8rement apr\u00e8s avoir vu tel ou tel mouvement sur une vid\u00e9o. Elle voulait toujours apprendre.<\/p>\n<p>Ali Ahamed, le directeur artistique de la Hip Hop New School.<\/p><\/blockquote>\n<p class=\" wall-content\">Le professeur lui souffle l\u2019existence de la section sp\u00e9cialis\u00e9e au lyc\u00e9e Turgot. Lor\u00e9lie est alors en 4e au <b>coll\u00e8ge La\u00ebnnec<\/b> de <a href=\"https:\/\/actu.fr\/bretagne\/pont-l-abbe_29220\" target=\"_blank\" rel=\"noopener\">Pont-l\u2019Abb\u00e9<\/a>. Sa maman reprend : \u00ab\u00a0On a d\u2019abord \u00e9t\u00e9 perplexe. Cela nous paraissait inaccessible.\u00a0\u00bb\u00a0<\/p>\n<p class=\" wall-content\">Le couple (elle est assistante dentaire ; son conjoint, conducteur de ligne dans l\u2019agroalimentaire) a cependant accompagn\u00e9 Lor\u00e9lie dans ce projet. \u00ab\u00a0Nous avons d\u2019abord recherch\u00e9 un cursus similaire, plus pr\u00e8s de la maison, \u00e0 Brest et \u00e0 Nantes. L\u2019ann\u00e9e suivante, quand Lor\u00e9lie \u00e9tait en 3e, nous sommes all\u00e9s aux portes ouvertes dans ce lyc\u00e9e \u00e0 Paris. Rien n\u2019\u00e9tait alors d\u00e9cid\u00e9. Lor\u00e9lie nous a finalement embarqu\u00e9s dans cette aventure\u00a0\u00bb, retrace Delphine.<\/p>\n<p>S\u00e9lection drastique<\/p>\n<p class=\" wall-content\">Encore fallait-il r\u00e9ussir <b>les \u00e9preuves de s\u00e9lection<\/b>. \u00ab\u00a0Il y avait 60 candidats pour 14 places dans la section\u00a0\u00bb, rapporte Lor\u00e9lie. Elle passe et r\u00e9ussit sa premi\u00e8re audition. \u00ab\u00a0Elle a aussi d\u00fb pr\u00e9senter un dossier et une cr\u00e9ation vid\u00e9o. Elle n\u2019a jamais l\u00e2ch\u00e9\u00a0\u00bb, ajoute sa maman.<\/p>\n<p class=\" wall-content\">Depuis, la danseuse a pris ses marques dans la capitale. Son talent n\u2019a pas laiss\u00e9 indiff\u00e9rent. Lor\u00e9lie a rejoint la crew (\u00e9quipe) <b>Flow Killerz<\/b> :\u00a0<\/p>\n<p class=\" wall-content\"><a href=\"https:\/\/www.instagram.com\/reel\/DIUNK_5IzB_\/embed\" title=\"Ouvrir le lien sur Instagram\" target=\"_blank\" rel=\"noopener\">Visualiser le contenu sur Instagram<\/a><\/p>\n<p>\u00ab\u00a0Un profil tr\u00e8s rare\u00a0\u00bb<\/p>\n<p class=\" wall-content\">Ali Ahamed n\u2019est pas vraiment surpris de la r\u00e9ussite de son ancienne \u00e9l\u00e8ve. \u00ab\u00a0L\u2019\u00e9mergence d\u2019un profil comme celui de Lor\u00e9lie demeure tr\u00e8s rare.\u00a0\u00bb La Hip Hop New School, poursuit-il, \u00ab\u00a0n\u2019est pas tourn\u00e9e vers la comp\u00e9tition mais vers un public le plus large possible\u00a0\u00bb.<\/p>\n<p class=\" wall-content\">En cette p\u00e9riode de rentr\u00e9e et d\u2019inscriptions, le parcours de Lor\u00e9lie Pierre pourrait toutefois s\u2019av\u00e9rer inspirant.<\/p>\n<p class=\" wall-content\">Personnalisez votre actualit\u00e9 en ajoutant vos villes et m\u00e9dias en favori avec <a href=\"https:\/\/moncompte.actu.fr\" title=\"D\u00e9couvez Mon Actu\" rel=\"nofollow noopener\" data-trk=\"{&quot;cta&quot;:{&quot;action&quot;:&quot;https:\\\/\\\/moncompte.actu.fr&quot;,&quot;category&quot;:&quot;mon compte&quot;,&quot;from&quot;:&quot;article footer&quot;,&quot;name&quot;:&quot;Mon actu&quot;,&quot;type&quot;:&quot;cta&quot;}}\" target=\"_blank\">Mon Actu<\/a>.<\/p>\n<p>                    <script async src=\"\/\/www.instagram.com\/embed.js\"><\/script><\/p>\n","protected":false},"excerpt":{"rendered":"Par Matthieu Gain Publi\u00e9 le 30 ao\u00fbt 2025 \u00e0 18h20 Place d\u2019\u00c9cosse, \u00e0 Quimper (Finist\u00e8re), vendredi 22 ao\u00fbt&hellip;\n","protected":false},"author":2,"featured_media":354813,"comment_status":"","ping_status":"","sticky":false,"template":"","format":"standard","meta":{"footnotes":""},"categories":[1888],"tags":[11,5972,1777,674,1011,27,1652,12,626,25],"class_list":{"0":"post-354812","1":"post","2":"type-post","3":"status-publish","4":"format-standard","5":"has-post-thumbnail","7":"category-paris","8":"tag-actualites","9":"tag-danse","10":"tag-eu","11":"tag-europe","12":"tag-fr","13":"tag-france","14":"tag-loisirs-culture","15":"tag-news","16":"tag-paris","17":"tag-republique-francaise"},"share_on_mastodon":{"url":"https:\/\/pubeurope.com\/@fr\/115118687564237650","error":""},"_links":{"self":[{"href":"https:\/\/www.europesays.com\/fr\/wp-json\/wp\/v2\/posts\/354812","targetHints":{"allow":["GET"]}}],"collection":[{"href":"https:\/\/www.europesays.com\/fr\/wp-json\/wp\/v2\/posts"}],"about":[{"href":"https:\/\/www.europesays.com\/fr\/wp-json\/wp\/v2\/types\/post"}],"author":[{"embeddable":true,"href":"https:\/\/www.europesays.com\/fr\/wp-json\/wp\/v2\/users\/2"}],"replies":[{"embeddable":true,"href":"https:\/\/www.europesays.com\/fr\/wp-json\/wp\/v2\/comments?post=354812"}],"version-history":[{"count":0,"href":"https:\/\/www.europesays.com\/fr\/wp-json\/wp\/v2\/posts\/354812\/revisions"}],"wp:featuredmedia":[{"embeddable":true,"href":"https:\/\/www.europesays.com\/fr\/wp-json\/wp\/v2\/media\/354813"}],"wp:attachment":[{"href":"https:\/\/www.europesays.com\/fr\/wp-json\/wp\/v2\/media?parent=354812"}],"wp:term":[{"taxonomy":"category","embeddable":true,"href":"https:\/\/www.europesays.com\/fr\/wp-json\/wp\/v2\/categories?post=354812"},{"taxonomy":"post_tag","embeddable":true,"href":"https:\/\/www.europesays.com\/fr\/wp-json\/wp\/v2\/tags?post=354812"}],"curies":[{"name":"wp","href":"https:\/\/api.w.org\/{rel}","templated":true}]}}