{"id":354814,"date":"2025-08-30T16:35:16","date_gmt":"2025-08-30T16:35:16","guid":{"rendered":"https:\/\/www.europesays.com\/fr\/354814\/"},"modified":"2025-08-30T16:35:16","modified_gmt":"2025-08-30T16:35:16","slug":"kaja-kallas-relance-le-debat-au-sein-de-lue","status":"publish","type":"post","link":"https:\/\/www.europesays.com\/fr\/354814\/","title":{"rendered":"Kaja Kallas relance le d\u00e9bat au sein de l\u2019UE"},"content":{"rendered":"<p>C&rsquo;est un atout dont l&rsquo;utilisation ne fait pas consensus au sein de l&rsquo;U.E.\u00a0<a href=\"https:\/\/www.latribune.fr\/la-tribune-dimanche\/dans-le-monde\/les-actifs-russes-geles-un-atout-dans-les-mains-de-l-union-europeenne-1019558.html\" target=\"_blank\" rel=\"noopener\">Les avoirs de l&rsquo;Etat russe \u00e0 l&rsquo;\u00e9tranger <\/a>ont \u00e9t\u00e9 gel\u00e9s apr\u00e8s l&rsquo;invasion de l&rsquo;Ukraine en f\u00e9vrier 2022. La plus grande partie, quelque 210 milliards d&rsquo;euros, se trouve en Belgique, pays membre de l&rsquo;UE. Les 27 ont dans un premier temps d\u00e9cid\u00e9 d&rsquo;utiliser les int\u00e9r\u00eats g\u00e9n\u00e9r\u00e9s par ces avoirs, soit plusieurs milliards d&rsquo;euros par an, pour financer l&rsquo;effort de guerre de l&rsquo;Ukraine. Aujourd&rsquo;hui Kaja Kallas veut aller plus loin.<\/p>\n<p>\u00ab Il est essentiel d&rsquo;explorer toutes les voies possibles tout en minimisant les risques potentiels \u00bb, a affirm\u00e9 Kaja Kallas,\u00a0Haute repr\u00e9sentante de l&rsquo;Union europ\u00e9enne pour les affaires \u00e9trang\u00e8res et la politique de s\u00e9curit\u00e9, \u00e0 l&rsquo;issue d&rsquo;une r\u00e9union des ministres des Affaires \u00e9trang\u00e8res de l&rsquo;UE \u00e0 Copenhague.<\/p>\n<p>Apr\u00e8s des mois de discussions, les dirigeants du G7 avaient conclu un accord en octobre 2024 pour utiliser les int\u00e9r\u00eats g\u00e9n\u00e9r\u00e9s par ces avoirs pour garantir un pr\u00eat en faveur de l&rsquo;Ukraine, d&rsquo;un montant de 45 milliards d&rsquo;euros en ce qui concerne l&rsquo;Union europ\u00e9enne.<\/p>\n<p>\u00ab Il est impensable que la Russie puisse un jour r\u00e9cup\u00e9rer cet argent \u00bb<\/p>\n<p>Certains pays (la Pologne et les pays baltes notamment) estiment qu&rsquo;il faut\u00a0d\u00e9sormais passer \u00e0 l&rsquo;\u00e9tape suivante :\u00a0la confiscation totale des avoirs gel\u00e9s. Ils\u00a0sont favorables \u00e0 une utilisation du capital et pas seulement des int\u00e9r\u00eats. D&rsquo;autres en revanche, comme la France, l&rsquo;Allemagne ou les Pays-Bas, se montrent beaucoup plus prudents et soulignent qu&rsquo;une saisie de ces avoirs se heurte \u00e0 des obstacles juridiques et risque de d\u00e9stabiliser l&rsquo;euro en d\u00e9tournant de futurs investisseurs \u00e9trangers.<\/p>\n<p>Des solutions de compromis sont sur la table des 27, dont l&rsquo;id\u00e9e, propos\u00e9e entre autres par la Lituanie, de consid\u00e9rer la saisie comme un pr\u00eat \u00e0 l&rsquo;Ukraine pour financer les dommages de guerre, que la Russie devra verser \u00e0 l&rsquo;issue du conflit.<\/p>\n<p>\u00ab Tout le monde s&rsquo;accorde sur un point, \u00e0 savoir qu&rsquo;au vu des ravages que la Russie cause et a caus\u00e9s jusqu&rsquo;\u00e0 pr\u00e9sent en Ukraine, il est impensable qu&rsquo;elle puisse un jour r\u00e9cup\u00e9rer cet argent, \u00e0 moins qu&rsquo;elle n&rsquo;indemnise pleinement l&rsquo;Ukraine \u00bb, a soulign\u00e9 Mme Kallas devant la presse.<\/p>\n<p>Une autre id\u00e9e consisterait \u00e0 s&rsquo;orienter vers des investissements plus risqu\u00e9s pour g\u00e9n\u00e9rer davantage de profits.<\/p>\n<p>La Belgique est hostile \u00e0 tout changement<\/p>\n<p>Mais la Belgique, particuli\u00e8rement inqui\u00e8te des risques financiers pos\u00e9s, s&rsquo;est montr\u00e9e samedi hostile \u00e0 tout changement.<\/p>\n<p>\u00ab Changer la strat\u00e9gie d&rsquo;investissement n&rsquo;est pas non plus une option, car cela pourrait augmenter le niveau de risque, tant juridique que financier et judiciaire \u00bb, a d\u00e9clar\u00e9 \u00e0 Copenhague le ministre belge des Affaires \u00e9trang\u00e8res Maxime Pr\u00e9vot, apr\u00e8s avoir r\u00e9it\u00e9r\u00e9 son opposition cat\u00e9gorique \u00e0 toute saisie des avoirs. \u00ab Travaillons donc \u00e0 att\u00e9nuer ces risques \u00bb, a soulign\u00e9 de son c\u00f4t\u00e9 Mme Kallas.<\/p>\n","protected":false},"excerpt":{"rendered":"C&rsquo;est un atout dont l&rsquo;utilisation ne fait pas consensus au sein de l&rsquo;U.E.\u00a0Les avoirs de l&rsquo;Etat russe \u00e0&hellip;\n","protected":false},"author":2,"featured_media":354815,"comment_status":"","ping_status":"","sticky":false,"template":"","format":"standard","meta":{"footnotes":""},"categories":[1591],"tags":[17,11,49092,1292,33,1887,49093,38634,32466,12,838,2536,1885,1886,132],"class_list":{"0":"post-354814","1":"post","2":"type-post","3":"status-publish","4":"format-standard","5":"has-post-thumbnail","7":"category-russie","8":"tag-17","9":"tag-actualites","10":"tag-avoirs","11":"tag-debat","12":"tag-economie","13":"tag-federation-de-russie","14":"tag-geles","15":"tag-kaja","16":"tag-kallas","17":"tag-news","18":"tag-relance","19":"tag-russes","20":"tag-russia","21":"tag-russian-federation","22":"tag-russie"},"share_on_mastodon":{"url":"https:\/\/pubeurope.com\/@fr\/115118691072759054","error":""},"_links":{"self":[{"href":"https:\/\/www.europesays.com\/fr\/wp-json\/wp\/v2\/posts\/354814","targetHints":{"allow":["GET"]}}],"collection":[{"href":"https:\/\/www.europesays.com\/fr\/wp-json\/wp\/v2\/posts"}],"about":[{"href":"https:\/\/www.europesays.com\/fr\/wp-json\/wp\/v2\/types\/post"}],"author":[{"embeddable":true,"href":"https:\/\/www.europesays.com\/fr\/wp-json\/wp\/v2\/users\/2"}],"replies":[{"embeddable":true,"href":"https:\/\/www.europesays.com\/fr\/wp-json\/wp\/v2\/comments?post=354814"}],"version-history":[{"count":0,"href":"https:\/\/www.europesays.com\/fr\/wp-json\/wp\/v2\/posts\/354814\/revisions"}],"wp:featuredmedia":[{"embeddable":true,"href":"https:\/\/www.europesays.com\/fr\/wp-json\/wp\/v2\/media\/354815"}],"wp:attachment":[{"href":"https:\/\/www.europesays.com\/fr\/wp-json\/wp\/v2\/media?parent=354814"}],"wp:term":[{"taxonomy":"category","embeddable":true,"href":"https:\/\/www.europesays.com\/fr\/wp-json\/wp\/v2\/categories?post=354814"},{"taxonomy":"post_tag","embeddable":true,"href":"https:\/\/www.europesays.com\/fr\/wp-json\/wp\/v2\/tags?post=354814"}],"curies":[{"name":"wp","href":"https:\/\/api.w.org\/{rel}","templated":true}]}}