{"id":354816,"date":"2025-08-30T16:36:15","date_gmt":"2025-08-30T16:36:15","guid":{"rendered":"https:\/\/www.europesays.com\/fr\/354816\/"},"modified":"2025-08-30T16:36:15","modified_gmt":"2025-08-30T16:36:15","slug":"un-meurtre-horrible-lex-president-du-parlement-ukrainien-andrii-paroubiy-a-ete-assassine-en-ukraine","status":"publish","type":"post","link":"https:\/\/www.europesays.com\/fr\/354816\/","title":{"rendered":"\u00ab\u00a0Un meurtre horrible\u00a0\u00bb\u00a0: l\u2019ex-pr\u00e9sident du Parlement ukrainien Andri\u00ef Paroubiy a \u00e9t\u00e9 assassin\u00e9 en Ukraine"},"content":{"rendered":"<p>\n                                                                    l&rsquo;essentiel<br \/>\n                                                                Ancien pr\u00e9sident de la Rada et figure historique du Ma\u00efdan, Andri\u00ef Paroubiy a \u00e9t\u00e9 tu\u00e9 par balles ce samedi 30\u00a0ao\u00fbt \u00e0 Lviv. Pour Kiev, ce meurtre \u00ab\u00a0minutieusement planifi\u00e9\u00a0\u00bb frappe au c\u0153ur de l\u2019identit\u00e9 pro-europ\u00e9enne de l\u2019Ukraine en guerre.\n                            <\/p>\n<p>L\u2019onde de choc traverse l\u2019Ukraine. Ce samedi 30\u00a0ao\u00fbt, Andri\u00ef Paroubiy, ancien pr\u00e9sident du Parlement et acteur central de la r\u00e9volution pro-europ\u00e9enne du Ma\u00efdan, a \u00e9t\u00e9 abattu en pleine rue \u00e0 Lviv, dans l\u2019ouest du pays. \u00c2g\u00e9 de 54 ans, celui que ses compagnons d\u2019alors surnommaient \u00ab\u00a0le commandant\u00a0\u00bb a succomb\u00e9 sur le coup, selon le bureau du procureur g\u00e9n\u00e9ral. \u00ab\u00a0Un homme non identifi\u00e9 a tir\u00e9 plusieurs coups de feu sur l\u2019homme politique, tuant Andri\u00ef Paroubiy sur le coup\u00a0\u00bb, a pr\u00e9cis\u00e9 le parquet.<\/p>\n<p>Le suspect a pris la fuite. Les enqu\u00eateurs, qui ont ouvert une proc\u00e9dure pour \u00ab\u00a0meurtre\u00a0\u00bb, d\u00e9ploient d\u00e9sormais tous leurs moyens pour le retrouver. Le pr\u00e9sident ukrainien Volodymyr Zelensky a d\u00e9nonc\u00e9 un \u00ab\u00a0meurtre horrible\u00a0\u00bb, ajoutant\u00a0: \u00ab\u00a0Malheureusement, le crime avait \u00e9t\u00e9 minutieusement planifi\u00e9\u00a0\u00bb. Le chef de l\u2019\u00c9tat a promis que \u00ab\u00a0toutes les forces et les moyens n\u00e9cessaires\u00a0\u00bb seraient mobilis\u00e9s afin d\u2019\u00e9lucider cette affaire.<\/p>\n<p>Des soup\u00e7ons qui pointent vers Moscou<\/p>\n<p>Des images diffus\u00e9es par des m\u00e9dias ukrainiens \u2013 sans v\u00e9rification officielle \u2013 montrent le corps ensanglant\u00e9 de l\u2019ancien d\u00e9put\u00e9, gisant sur l\u2019asphalte. Selon le m\u00e9dia public\u00a0Suspilne, citant des sources anonymes, le tireur \u00e9tait v\u00eatu en livreur et circulait sur un v\u00e9lo \u00e9lectrique, une mise en sc\u00e8ne qui renforce l\u2019id\u00e9e d\u2019un guet-apens pr\u00e9par\u00e9.<\/p>\n<blockquote data-class=\"twitter-tweet\">\n<p lang=\"uk\" dir=\"ltr\">\u0423 \u041b\u044c\u0432\u043e\u0432\u0456 \u043e\u0433\u043e\u043b\u043e\u0441\u0438\u043b\u0438 \u0441\u043f\u0435\u0446\u043e\u043f\u0435\u0440\u0430\u0446\u0456\u044e \u00ab\u0421\u0438\u0440\u0435\u043d\u0430\u00bb, \u0430\u0431\u0438 \u0437\u0430\u0442\u0440\u0438\u043c\u0430\u0442\u0438 \u043d\u0430\u043f\u0430\u0434\u043d\u0438\u043a\u0430 \u043d\u0430 \u0410\u043d\u0434\u0440\u0456\u044f \u041f\u0430\u0440\u0443\u0431\u0456\u044f, \u043f\u043e\u0432\u0456\u0434\u043e\u043c\u0438\u043b\u0438 \u0432 \u041e\u0444\u0456\u0441\u0456 \u0433\u0435\u043d\u043f\u0440\u043e\u043a\u0443\u0440\u043e\u0440\u0430. \u0412\u0431\u0438\u0432\u0441\u0442\u0432\u043e, \u043f\u043e\u043f\u0435\u0440\u0435\u0434\u043d\u044c\u043e, \u0441\u0442\u0430\u043b\u043e\u0441\u044f \u043e 12:10. \u041d\u0430 \u043c\u0456\u0441\u0446\u0456 \u0441\u0442\u0440\u0456\u043b\u044f\u043d\u0438\u043d\u0438 \u043f\u0435\u0440\u0435\u0431\u0443\u0432\u0430\u044e\u0442\u044c \u0440\u043e\u0434\u0438\u0447\u0456 \u0437\u0430\u0433\u0438\u0431\u043b\u043e\u0433\u043e, \u043f\u0440\u0430\u0432\u043e\u043e\u0445\u043e\u0440\u043e\u043d\u0446\u0456 \u0442\u0430 \u043c\u0435\u0434\u0438\u043a\u0438<a href=\"https:\/\/t.co\/dWqLru6eaR\" rel=\"nofollow\">https:\/\/t.co\/dWqLru6eaR<\/a> <a href=\"https:\/\/t.co\/2ZLQhXj5yx\" rel=\"nofollow\">pic.twitter.com\/2ZLQhXj5yx<\/a><\/p>\n<p>\u2014 SUSPILNE NEWS \\ud83d\\udcf0 (@suspilne_news) <a href=\"https:\/\/twitter.com\/suspilne_news\/status\/1961747540866376064?ref_src=twsrc%5Etfw\" rel=\"nofollow noopener\" target=\"_blank\">August 30, 2025<\/a><\/p><\/blockquote>\n<p>L\u2019annonce de la mort de Paroubiy a imm\u00e9diatement suscit\u00e9 une pluie d\u2019hommages et de r\u00e9actions indign\u00e9es. Le chef du renseignement militaire ukrainien, Kyrylo Boudanov, a \u00e9voqu\u00e9 sur Telegram des \u00ab\u00a0balles de l\u2019ennemi\u00a0\u00bb, un terme qui, dans le langage officiel, d\u00e9signe la Russie. Kiev n\u2019a toutefois fourni \u00e0 ce stade aucune preuve d\u2019une implication de Moscou.<\/p>\n<p class=\"std-elt__inline\">\n        <strong>\u00c0 lire aussi :<\/strong><br \/>\n        <a href=\"https:\/\/www.ladepeche.fr\/2025\/08\/30\/direct-guerre-en-ukraine-plusieurs-regions-ciblees-par-des-frappes-russes-pendant-la-nuit-au-moins-un-mort-a-zaporijia-12901340.php\" rel=\"nofollow noopener\" target=\"_blank\">DIRECT. Guerre en Ukraine\u00a0: plusieurs r\u00e9gions cibl\u00e9es par des frappes russes pendant la nuit, au moins un mort \u00e0 Zaporijia<\/a>\n    <\/p>\n<p>Les accusations r\u00e9ciproques d\u2019assassinats entre Russes et Ukrainiens jalonnent d\u00e9j\u00e0 plus de trois ann\u00e9es de guerre. La Russie avait d\u2019ailleurs inscrit Paroubiy sur sa liste des personnes recherch\u00e9es, o\u00f9 figurent des dizaines de milliers de responsables ukrainiens, mais aussi des opposants russes et certaines personnalit\u00e9s occidentales.<\/p>\n<p>Une figure des r\u00e9volutions pro-europ\u00e9ennes<\/p>\n<p>Historien de formation, Paroubiy s\u2019\u00e9tait engag\u00e9 d\u00e8s les ann\u00e9es 1980 pour l\u2019ind\u00e9pendance de l\u2019Ukraine face \u00e0 l\u2019URSS. Il a jou\u00e9 un r\u00f4le d\u00e9terminant dans les deux grands soul\u00e8vements pro-europ\u00e9ens du pays\u00a0: la \u00ab\u00a0r\u00e9volution orange\u00a0\u00bb de 2004 et le Ma\u00efdan de 2014. Pendant ce dernier mouvement, qui a entra\u00een\u00e9 la fuite du pr\u00e9sident prorusse Viktor Ianoukovitch, il \u00e9tait \u00ab\u00a0commandant\u00a0\u00bb des groupes d\u2019auto-d\u00e9fense, organisant la protection des manifestants face aux forces de l\u2019ordre.<\/p>\n<p class=\"std-elt__inline\">\n        <strong>\u00c0 lire aussi :<\/strong><br \/>\n        <a href=\"https:\/\/www.ladepeche.fr\/2025\/08\/29\/decryptage-guerre-en-ukraine-il-ne-veut-pas-reconnaitre-que-poutine-est-un-dictateur-trump-vise-pour-sa-complaisance-envers-le-chef-du-kremlin-12899733.php\" rel=\"nofollow noopener\" target=\"_blank\">D\u00c9CRYPTAGE. Guerre en Ukraine\u00a0: \u00ab\u00a0Il ne veut pas reconna\u00eetre que Poutine est un dictateur\u00a0\u00bb\u2026 Trump vis\u00e9 pour sa complaisance envers le chef du Kremlin<\/a>\n    <\/p>\n<p>Cette m\u00eame ann\u00e9e, il avait bri\u00e8vement occup\u00e9 le poste strat\u00e9gique de Secr\u00e9taire du Conseil de S\u00e9curit\u00e9 et de D\u00e9fense Nationale, au moment o\u00f9 d\u00e9butaient les combats contre les s\u00e9paratistes soutenus par Moscou dans l\u2019est du pays. De 2016 \u00e0 2019, il a pr\u00e9sid\u00e9 la Rada, le Parlement ukrainien, o\u00f9 il d\u00e9fendait ardemment la place de l\u2019Ukraine dans le concert europ\u00e9en. Sa d\u00e9fense acharn\u00e9e de la langue ukrainienne contre l\u2019influence du russe \u00e9tait devenue l\u2019une de ses marques politiques.<\/p>\n<p>Un symbole vis\u00e9 en plein c\u0153ur de l\u2019Ukraine<\/p>\n<p>La trajectoire de Paroubiy avait d\u00e9j\u00e0 \u00e9t\u00e9 marqu\u00e9e par la violence\u00a0: en 2014, il avait surv\u00e9cu \u00e0 une tentative d\u2019assassinat \u00e0 la grenade. Cette fois, les balles ont \u00e9t\u00e9 fatales. L\u2019\u00e9motion est vive chez ses anciens compagnons de lutte. \u00ab\u00a0Un patriote\u00a0\u00bb qui a \u00ab\u00a0apport\u00e9 une grande contribution \u00e0 la formation de notre \u00c9tat\u00a0\u00bb, a salu\u00e9 la Premi\u00e8re ministre Ioulia Svyrydenko. Pour Moustafa Na\u00efem, autre figure du Ma\u00efdan, il restera un homme d\u2019\u00a0\u00bbhumanisme\u00a0\u00bb et de combats pour \u00ab\u00a0des questions importantes\u00a0\u00bb. L\u2019ex-pr\u00e9sident Petro Porochenko a, lui, d\u00e9nonc\u00e9 \u00ab\u00a0un acte de terreur\u00a0\u00bb, qualifiant ce d\u00e9c\u00e8s de \u00ab\u00a0tir en plein c\u0153ur de l\u2019Ukraine\u00a0\u00bb.<\/p>\n<p>                                                                                                                                                                                                        <script async src=\"https:\/\/platform.twitter.com\/widgets.js\" charset=\"utf-8\"><\/script><\/p>\n","protected":false},"excerpt":{"rendered":"l&rsquo;essentiel Ancien pr\u00e9sident de la Rada et figure historique du Ma\u00efdan, Andri\u00ef Paroubiy a \u00e9t\u00e9 tu\u00e9 par balles&hellip;\n","protected":false},"author":2,"featured_media":354817,"comment_status":"","ping_status":"","sticky":false,"template":"","format":"standard","meta":{"footnotes":""},"categories":[1590],"tags":[11,1777,674,12,220],"class_list":{"0":"post-354816","1":"post","2":"type-post","3":"status-publish","4":"format-standard","5":"has-post-thumbnail","7":"category-ukraine","8":"tag-actualites","9":"tag-eu","10":"tag-europe","11":"tag-news","12":"tag-ukraine"},"share_on_mastodon":{"url":"https:\/\/pubeurope.com\/@fr\/115118695281160534","error":""},"_links":{"self":[{"href":"https:\/\/www.europesays.com\/fr\/wp-json\/wp\/v2\/posts\/354816","targetHints":{"allow":["GET"]}}],"collection":[{"href":"https:\/\/www.europesays.com\/fr\/wp-json\/wp\/v2\/posts"}],"about":[{"href":"https:\/\/www.europesays.com\/fr\/wp-json\/wp\/v2\/types\/post"}],"author":[{"embeddable":true,"href":"https:\/\/www.europesays.com\/fr\/wp-json\/wp\/v2\/users\/2"}],"replies":[{"embeddable":true,"href":"https:\/\/www.europesays.com\/fr\/wp-json\/wp\/v2\/comments?post=354816"}],"version-history":[{"count":0,"href":"https:\/\/www.europesays.com\/fr\/wp-json\/wp\/v2\/posts\/354816\/revisions"}],"wp:featuredmedia":[{"embeddable":true,"href":"https:\/\/www.europesays.com\/fr\/wp-json\/wp\/v2\/media\/354817"}],"wp:attachment":[{"href":"https:\/\/www.europesays.com\/fr\/wp-json\/wp\/v2\/media?parent=354816"}],"wp:term":[{"taxonomy":"category","embeddable":true,"href":"https:\/\/www.europesays.com\/fr\/wp-json\/wp\/v2\/categories?post=354816"},{"taxonomy":"post_tag","embeddable":true,"href":"https:\/\/www.europesays.com\/fr\/wp-json\/wp\/v2\/tags?post=354816"}],"curies":[{"name":"wp","href":"https:\/\/api.w.org\/{rel}","templated":true}]}}