{"id":354824,"date":"2025-08-30T16:45:09","date_gmt":"2025-08-30T16:45:09","guid":{"rendered":"https:\/\/www.europesays.com\/fr\/354824\/"},"modified":"2025-08-30T16:45:09","modified_gmt":"2025-08-30T16:45:09","slug":"quest-ce-que-le-snapback-cet-outil-diplomatique-que-les-europeens-ont-enclenche","status":"publish","type":"post","link":"https:\/\/www.europesays.com\/fr\/354824\/","title":{"rendered":"qu\u2019est-ce que le \u201csnapback\u201d, cet outil diplomatique que les Europ\u00e9ens ont enclench\u00e9 ?"},"content":{"rendered":"<p class=\"article-p mdl\">L&rsquo;Allemagne, la France et le Royaume-Uni ont annonc\u00e9, jeudi 28 ao\u00fbt 2025, initier la proc\u00e9dure de \u00ab\u00a0snapback\u00a0\u00bb qui consiste \u00e0 r\u00e9tablir des sanctions internationales contre l&rsquo;Iran. \u00ab\u00a0Aujourd\u2019hui, le non-respect par l\u2019Iran du Plan d\u2019action global commun est manifeste et d\u00e9lib\u00e9r\u00e9, et constitue une menace majeure de prolif\u00e9ration en Iran ainsi qu\u2019un risque grave pour la s\u00e9curit\u00e9 r\u00e9gionale et internationale\u00a0\u00bb, explique le minist\u00e8re de l&rsquo;Europe et des Affaires \u00e9trang\u00e8res dans un communiqu\u00e9 r\u00e9dig\u00e9 conjointement avec l&rsquo;Allemagne et le Royaume-Uni.<\/p>\n<p class=\"article-p mdl\">Le r\u00e9tablissement de ces sanctions sera discut\u00e9 en Conseil de s\u00e9curit\u00e9 de l&rsquo;ONU, ce vendredi. L&rsquo;accord de Vienne sur le nucl\u00e9aire iranien sign\u00e9 en 2015 par T\u00e9h\u00e9ran et les cinq membres permanents du Conseil de s\u00e9curit\u00e9 de l&rsquo;ONU (\u00c9tats-Unis, la Chine, la Russie, la France, le Royaume-Uni et l\u2019Allemagne) pr\u00e9voyait la lev\u00e9e progressive des sanctions\u00a0impos\u00e9es \u00e0 condition que l&rsquo;Iran cesse ses efforts pour se doter de\u00a0<a class=\"link\" href=\"https:\/\/www.rtl.fr\/actu\/international\/nucleaire-iranien-tout-comprendre-sur-les-tensions-autour-de-l-uranium-enrichi-7900020404\" title=\"Nucl\u00e9aire iranien : tout comprendre sur les tensions autour de l&#039;uranium enrichi\" target=\"_blank\" rel=\"noopener\">l&rsquo;arme nucl\u00e9aire.<\/a><\/p>\n<p class=\"article-p mdl\">En cas de non-respect, ces pays ont la possibilit\u00e9 de revenir en arri\u00e8re et d&rsquo;imposer \u00e0 nouveau ces sanctions. D&rsquo;o\u00f9 le terme \u00ab\u00a0snapback\u00a0\u00bb. Le Conseil de s\u00e9curit\u00e9 dispose de 30 jours pour trouver des solutions et \u00e9viter \u00e0 l&rsquo;Iran des cons\u00e9quences \u00e9conomiques d\u00e9sastreuses. Une course contre la montre qui s&rsquo;annonce compliqu\u00e9e puisque\u00a0<a class=\"link\" href=\"https:\/\/www.rtl.fr\/programmes\/la-question-internationale\/7900533504-l-iran-peut-il-serieusement-renoncer-a-posseder-l-arme-nucleaire\" title=\"L&#039;Iran peut-il s\u00e9rieusement renoncer \u00e0 poss\u00e9der l&#039;arme nucl\u00e9aire ?\" target=\"_blank\" rel=\"noopener\">les derni\u00e8res n\u00e9gociations \u00e0 Gen\u00e8ve<\/a>\u00a0n&rsquo;ont pas abouti.\u00a0<\/p>\n<p>            Les r\u00e9actions de Moscou et P\u00e9kin<\/p>\n<p class=\"article-p mdl\">Apr\u00e8s l&rsquo;annonce commune de la France, l&rsquo;Allemagne et le Royaume-Uni, Moscou a r\u00e9agi, vendredi 29 ao\u00fbt 2025 en indiquant que la priorit\u00e9 \u00e9tait de r\u00e9tablir \u00ab\u00a0un dialogue constructif\u00a0\u00bb entre toutes les parties.\u00a0<a class=\"link\" href=\"https:\/\/www.rtl.fr\/actu\/politique\/guerre-en-ukraine-comment-la-russie-contraint-des-sud-africaines-a-fabriquer-des-drones-kamikazes-7900534695\" title=\"Guerre en Ukraine : comment la Russie contraint des sud-africaines \u00e0 fabriquer des drones kamikazes\" target=\"_blank\" rel=\"noopener\">La Russie\u00a0<\/a>craint une nouvelle escalade dans le conflit entre l&rsquo;Iran et les pays occidentaux. Dans un communiqu\u00e9, le minist\u00e8re des Affaires \u00e9trang\u00e8res russe enjoint les Europ\u00e9ens \u00ab\u00a0\u00e0 retrouver la raison et \u00e0 r\u00e9viser leurs d\u00e9cisions erron\u00e9es avant que celles-ci n&rsquo;aboutissent \u00e0 des cons\u00e9quences irr\u00e9parables et une nouvelle trag\u00e9die\u00a0\u00bb.\u00a0<\/p>\n<p class=\"article-p mdl\">M\u00eame son de cloche du c\u00f4t\u00e9 de la Chine qui critique une d\u00e9cision \u00ab\u00a0non constructive\u00a0\u00bb. \u00ab\u00a0Cela nuira au processus de r\u00e8glement politique et diplomatique de la question nucl\u00e9aire iranienne\u00a0\u00bb, assure un porte-parole du minist\u00e8re chinois des Affaires \u00e9trang\u00e8res.\u00a0<\/p>\n<p>    La r\u00e9daction vous recommande<\/p>\n<p class=\"s-newsletter__title\">\n                L\u2019actualit\u00e9 par la r\u00e9daction de RTL dans votre bo\u00eete mail.\n            <\/p>\n<p class=\"s-newsletter__subtitle\">\n                Gr\u00e2ce \u00e0 votre compte RTL abonnez-vous \u00e0 la newsletter RTL info pour suivre toute l&rsquo;actualit\u00e9 au quotidien\n            <\/p>\n<p>\n                                    Lire la suite\n                                <\/p>\n","protected":false},"excerpt":{"rendered":"L&rsquo;Allemagne, la France et le Royaume-Uni ont annonc\u00e9, jeudi 28 ao\u00fbt 2025, initier la proc\u00e9dure de \u00ab\u00a0snapback\u00a0\u00bb qui&hellip;\n","protected":false},"author":2,"featured_media":354825,"comment_status":"","ping_status":"","sticky":false,"template":"","format":"standard","meta":{"footnotes":""},"categories":[1586],"tags":[11,1777,674,107,1011,27,3019,12,5654,3521,25],"class_list":{"0":"post-354824","1":"post","2":"type-post","3":"status-publish","4":"format-standard","5":"has-post-thumbnail","7":"category-europe","8":"tag-actualites","9":"tag-eu","10":"tag-europe","11":"tag-fil-info","12":"tag-fr","13":"tag-france","14":"tag-iran","15":"tag-news","16":"tag-nucleaire","17":"tag-onu","18":"tag-republique-francaise"},"share_on_mastodon":{"url":"https:\/\/pubeurope.com\/@fr\/115118730528382866","error":""},"_links":{"self":[{"href":"https:\/\/www.europesays.com\/fr\/wp-json\/wp\/v2\/posts\/354824","targetHints":{"allow":["GET"]}}],"collection":[{"href":"https:\/\/www.europesays.com\/fr\/wp-json\/wp\/v2\/posts"}],"about":[{"href":"https:\/\/www.europesays.com\/fr\/wp-json\/wp\/v2\/types\/post"}],"author":[{"embeddable":true,"href":"https:\/\/www.europesays.com\/fr\/wp-json\/wp\/v2\/users\/2"}],"replies":[{"embeddable":true,"href":"https:\/\/www.europesays.com\/fr\/wp-json\/wp\/v2\/comments?post=354824"}],"version-history":[{"count":0,"href":"https:\/\/www.europesays.com\/fr\/wp-json\/wp\/v2\/posts\/354824\/revisions"}],"wp:featuredmedia":[{"embeddable":true,"href":"https:\/\/www.europesays.com\/fr\/wp-json\/wp\/v2\/media\/354825"}],"wp:attachment":[{"href":"https:\/\/www.europesays.com\/fr\/wp-json\/wp\/v2\/media?parent=354824"}],"wp:term":[{"taxonomy":"category","embeddable":true,"href":"https:\/\/www.europesays.com\/fr\/wp-json\/wp\/v2\/categories?post=354824"},{"taxonomy":"post_tag","embeddable":true,"href":"https:\/\/www.europesays.com\/fr\/wp-json\/wp\/v2\/tags?post=354824"}],"curies":[{"name":"wp","href":"https:\/\/api.w.org\/{rel}","templated":true}]}}