{"id":354836,"date":"2025-08-30T16:53:10","date_gmt":"2025-08-30T16:53:10","guid":{"rendered":"https:\/\/www.europesays.com\/fr\/354836\/"},"modified":"2025-08-30T16:53:10","modified_gmt":"2025-08-30T16:53:10","slug":"kamil-majchrzak-leandro-riedi-grand-chelem-us-open-troisieme-tour-samedi-30-aout-2025-lequipe","status":"publish","type":"post","link":"https:\/\/www.europesays.com\/fr\/354836\/","title":{"rendered":"Kamil Majchrzak &#8211; Leandro Riedi, Grand Chelem, US Open, Troisi\u00e8me tour, Samedi 30 ao\u00fbt 2025 &#8211; L&#039;\u00c9quipe"},"content":{"rendered":"<ol>\n<li><a href=\"https:\/\/news.google.com\/rss\/articles\/CBMixwFBVV95cUxPUHczaXNTdFRYV09TNWpzZWdrR3F1aHg0aFBDbEF5blRkYTA2S2JJUU1zQ1REdjEtZWpSU0NsQVp3Zm9kMnNQMkJiQmVNWVltSEt1UzM3dGlsbGktWVB0ZlZCLTJaVHpyYmpHYXBVdnJiYUVJVVg4aEFQS195d2lRNDliUWQ3b2k2MjdkbU1hblctdGdiUVM3YlIwWkdBb0pmRmthTFctZHhPR3owSTBjcTJpMzdrV2JwZHpMaXNuQU1aU1NkVWgw?oc=5\" target=\"_blank\" rel=\"nofollow noopener\">Kamil Majchrzak &#8211; Leandro Riedi, Grand Chelem, US Open, Troisi\u00e8me tour, Samedi 30 ao\u00fbt 2025<\/a>&nbsp;&nbsp;L&rsquo;\u00c9quipe<\/li>\n<li><a href=\"https:\/\/news.google.com\/rss\/articles\/CBMivwFBVV95cUxQX1dhWkppV2F6ZDk2cjhIQ1l4OHA0QzdyRUpDNWwzNW51YnFGa2RYLXBnMldfTnhMM2tpdjdPc1hEdU10YzZDVjdkRXdoXzdfMkdrWENoVUl3U3JzLWVmR25razNuWFBGMkh2SFBsc0JmWko0X1hvZ0RSalVsMkVNRGxyYko5dUJ2R2FDSHg3OFRyMU9lcDhVby1nSGxLT1VaNF9mbkxlVDVONURFSUVTUkZPaHY5ckgwRDNWcldvSQ?oc=5\" target=\"_blank\" rel=\"nofollow noopener\">Jaume Munar &#8211; Zizou Bergs, Grand Chelem, US Open, Troisi\u00e8me tour, Samedi 30 ao\u00fbt 2025<\/a>&nbsp;&nbsp;L&rsquo;\u00c9quipe<\/li>\n<li><a href=\"https:\/\/news.google.com\/rss\/articles\/CBMihAFBVV95cUxOdy05VUVWU3ZjYWQyTkRRa0drclpVanQ0N2kyMnljRU9YX2x4bTFOUWxTREtrMm81cDVJZTF5MG1ZQWpwekZqZk1IZzFJNWJtalQ0cDNaRGV1dkR0Y01SQk1uOUxra19rWTE1Mk1mbDNiMXJ6QVZjdEo1NEgyMFh5cEFqaVA?oc=5\" target=\"_blank\" rel=\"nofollow noopener\">Pronostic Lorenzo Musetti &#8211; Flavio Cobolli, ATP US Open<\/a>&nbsp;&nbsp;SportyTrader<\/li>\n<li><a href=\"https:\/\/news.google.com\/rss\/articles\/CBMiiwFBVV95cUxPdERtMWZNeEljSjRGbVNaOTlMOGhETGJLRy1vRkhSV1hUdklqMUs4Yk9OT09JMEIzOHhRSmlwYnlVb3lWb1J4Ym9WNXBTNWd4Z3o2b1M2bU42QW5CaEN1SDV1dG9YZDZDM2dWSlVYNVhWWUJIYlpqWE1wUks1bmJYckczUnh2WVpUMzBR?oc=5\" target=\"_blank\" rel=\"nofollow noopener\">Les \u00c9toiles Montantes du Tennis Italien<\/a>&nbsp;&nbsp;Il Messaggero<\/li>\n<li><a href=\"https:\/\/news.google.com\/rss\/articles\/CBMiigJBVV95cUxQR3RsazNBalFWUmZzWGJWam1hRUw2TlZ5a204R25XSTBwZEpYYkZHRjdDMUJGaWNFdkJBZDVMVUdBZDN0UEhPSzlHMU5LdTBXSUpLY0ZGM0RfRnRhRklfcWhmdDlkSVA1eG1VS2M4Z09aZVc4SkRzSk9hV2lHZVJiajdCeGFBbjBuR1hqbWRocS03N1FVaWpHRTByMlpXZkNPcUFMX2hCVHl2dU5FSV9HM2ZuMlI2V2JkbzdfRkZfT2lxV09DTXR4OTBic1hJSGNSTi0yMF92RzRzaVNyTmVydXhVMjU1c0x0TmlySVBqUzJ4TkgzV3QxazlaZ2xlTUFycmI5STd2cEFoZw?oc=5\" target=\"_blank\" rel=\"nofollow noopener\">\u00ab Pendant mon temps libre, je vais au Roma Club \u00bb : supporter de l&rsquo;AS Rome, Flavio Cobolli ne l\u00e2che pas son club pendant l&rsquo;US Open<\/a>&nbsp;&nbsp;MSN<\/li>\n<\/ol>\n","protected":false},"excerpt":{"rendered":"Kamil Majchrzak &#8211; Leandro Riedi, Grand Chelem, US Open, Troisi\u00e8me tour, Samedi 30 ao\u00fbt 2025&nbsp;&nbsp;L&rsquo;\u00c9quipe Jaume Munar &#8211;&hellip;\n","protected":false},"author":2,"featured_media":343265,"comment_status":"","ping_status":"","sticky":false,"template":"","format":"standard","meta":{"footnotes":""},"categories":[1415],"tags":[1011,27,60,1467],"class_list":{"0":"post-354836","1":"post","2":"type-post","3":"status-publish","4":"format-standard","5":"has-post-thumbnail","7":"category-tennis","8":"tag-fr","9":"tag-france","10":"tag-sports","11":"tag-tennis"},"share_on_mastodon":{"url":"https:\/\/pubeurope.com\/@fr\/115118761707170089","error":""},"_links":{"self":[{"href":"https:\/\/www.europesays.com\/fr\/wp-json\/wp\/v2\/posts\/354836","targetHints":{"allow":["GET"]}}],"collection":[{"href":"https:\/\/www.europesays.com\/fr\/wp-json\/wp\/v2\/posts"}],"about":[{"href":"https:\/\/www.europesays.com\/fr\/wp-json\/wp\/v2\/types\/post"}],"author":[{"embeddable":true,"href":"https:\/\/www.europesays.com\/fr\/wp-json\/wp\/v2\/users\/2"}],"replies":[{"embeddable":true,"href":"https:\/\/www.europesays.com\/fr\/wp-json\/wp\/v2\/comments?post=354836"}],"version-history":[{"count":0,"href":"https:\/\/www.europesays.com\/fr\/wp-json\/wp\/v2\/posts\/354836\/revisions"}],"wp:featuredmedia":[{"embeddable":true,"href":"https:\/\/www.europesays.com\/fr\/wp-json\/wp\/v2\/media\/343265"}],"wp:attachment":[{"href":"https:\/\/www.europesays.com\/fr\/wp-json\/wp\/v2\/media?parent=354836"}],"wp:term":[{"taxonomy":"category","embeddable":true,"href":"https:\/\/www.europesays.com\/fr\/wp-json\/wp\/v2\/categories?post=354836"},{"taxonomy":"post_tag","embeddable":true,"href":"https:\/\/www.europesays.com\/fr\/wp-json\/wp\/v2\/tags?post=354836"}],"curies":[{"name":"wp","href":"https:\/\/api.w.org\/{rel}","templated":true}]}}