{"id":354839,"date":"2025-08-30T16:56:11","date_gmt":"2025-08-30T16:56:11","guid":{"rendered":"https:\/\/www.europesays.com\/fr\/354839\/"},"modified":"2025-08-30T16:56:11","modified_gmt":"2025-08-30T16:56:11","slug":"f1-la-mafia-chez-alpine-mercedes-balance","status":"publish","type":"post","link":"https:\/\/www.europesays.com\/fr\/354839\/","title":{"rendered":"F1 : La \u00abmafia\u00bb chez Alpine, Mercedes balance !"},"content":{"rendered":"<p>                    Hugo Chirossel<br \/>\n                        &#8211;<\/p>\n<p>Journaliste<\/p>\n<p>Passionn\u00e9 de football depuis le plus jeune \u00e2ge, devenir journaliste sportif est rapidement devenu une \u00e9vidence pour Hugo. Il se d\u00e9couvrira plus tard un amour pour la NBA, avant d\u2019explorer d\u2019autres horizons comme ceux de la Formule 1 et de la NFL.<\/p>\n<p class=\"heading\">Alors que des rumeurs \u00e9voquent une potentielle arriv\u00e9e de Bernie Ecclestone et Christian Horner, \u00e9vinc\u00e9 de Red Bull d\u00e9but juillet, pour accompagner Flavio Briatore, Toto Wolff verrait cela d\u2019un bon \u0153il si \u00ab toute la mafia \u00bb \u00e9tait r\u00e9unie chez Alpine. Le patron de Mercedes estime que cela cr\u00e9erait beaucoup de buzz et de contenu autour de la Formule 1. <\/p>\n<p>Et si <strong>Bernie Ecclestone <\/strong>et <strong>Christian Horner<\/strong> s\u2019associaient \u00e0<strong> Flavio Briatore<\/strong> chez <a href=\"https:\/\/le10sport.com\/formule1\/f1-le-mariage-qui-fait-vibrer-pierre-gasly-756124\" rel=\"nofollow noopener\" target=\"_blank\"><strong>Alpine<\/strong><\/a> ? C\u2019est une des rumeurs qui enfle ces derniers temps dans le paddock. \u00ab Toute la mafia \u00bb serait alors au complet, a plaisant\u00e9 <strong>Toto Wolff<\/strong>, mais ce dernier estime que cela cr\u00e9erait assur\u00e9ment beaucoup de buzz autour de la<strong> Formule 1<\/strong>.   <\/p>\n<p>                                            \u00ab Cela cr\u00e9erait beaucoup de buzz autour de la Formule 1 \u00bb<\/p>\n<p>\u00ab Ce serait une histoire passionnante, je suppose, et cela cr\u00e9erait beaucoup de buzz autour de la Formule 1. Je pense que nous en avons besoin. La Formule 1 a toujours \u00e9t\u00e9 synonyme de courses exceptionnelles avec des pilotes passionnants et de grandes personnalit\u00e9s \u00bb, a d\u00e9clar\u00e9 le patron de <strong>Mercedes<\/strong>, dans des propos relay\u00e9s par Motosport.com. <\/p>\n<p>                                            \u00ab Avec ces trois gars r\u00e9unis, toute la mafia au complet, cela donnerait un excellent contenu \u00bb<\/p>\n<p><strong>Toto Wolff<\/strong> poursuit : \u00ab Quand on repense \u00e0 la grande \u00e9poque des propri\u00e9taires et directeurs d&rsquo;\u00e9curie \u2013 Frank Williams et Ron Dennis, Flavio, [Luca di] Montezemolo et quelques autres \u2013, je pense que c&rsquo;est peut-\u00eatre ce sur quoi nous devons travailler. Si un projet aussi passionnant voyait le jour, avec ces trois gars r\u00e9unis, toute la mafia au complet, cela donnerait un excellent contenu. \u00bb Interrog\u00e9 sur une \u00e9ventuelle arriv\u00e9e de<strong> Christian Horner<\/strong>, \u00e9vinc\u00e9 de son poste de directeur de <strong>Red Bull<\/strong> d\u00e9but juillet, chez <strong>Alpine<\/strong>, <strong>Flavio Briatore<\/strong> a assur\u00e9 qu\u2019il n\u2019envisageait \u00ab rien \u00e0 ce stade. Christian n&rsquo;est plus en Formule 1 pour le moment, j&rsquo;esp\u00e8re qu&rsquo;il reviendra bient\u00f4t, mais pour l&rsquo;instant, il n&rsquo;est pas dans le paysage d&rsquo;Alpine. \u00bb<\/p>\n","protected":false},"excerpt":{"rendered":"Hugo Chirossel &#8211; Journaliste Passionn\u00e9 de football depuis le plus jeune \u00e2ge, devenir journaliste sportif est rapidement devenu&hellip;\n","protected":false},"author":2,"featured_media":354840,"comment_status":"","ping_status":"","sticky":false,"template":"","format":"standard","meta":{"footnotes":""},"categories":[1412],"tags":[1451,1452,1453,1454,1455,1011,27,60],"class_list":{"0":"post-354839","1":"post","2":"type-post","3":"status-publish","4":"format-standard","5":"has-post-thumbnail","7":"category-f1","8":"tag-f1","9":"tag-formula-1","10":"tag-formula1","11":"tag-formule-1","12":"tag-formule1","13":"tag-fr","14":"tag-france","15":"tag-sports"},"share_on_mastodon":{"url":"https:\/\/pubeurope.com\/@fr\/115118773567636571","error":""},"_links":{"self":[{"href":"https:\/\/www.europesays.com\/fr\/wp-json\/wp\/v2\/posts\/354839","targetHints":{"allow":["GET"]}}],"collection":[{"href":"https:\/\/www.europesays.com\/fr\/wp-json\/wp\/v2\/posts"}],"about":[{"href":"https:\/\/www.europesays.com\/fr\/wp-json\/wp\/v2\/types\/post"}],"author":[{"embeddable":true,"href":"https:\/\/www.europesays.com\/fr\/wp-json\/wp\/v2\/users\/2"}],"replies":[{"embeddable":true,"href":"https:\/\/www.europesays.com\/fr\/wp-json\/wp\/v2\/comments?post=354839"}],"version-history":[{"count":0,"href":"https:\/\/www.europesays.com\/fr\/wp-json\/wp\/v2\/posts\/354839\/revisions"}],"wp:featuredmedia":[{"embeddable":true,"href":"https:\/\/www.europesays.com\/fr\/wp-json\/wp\/v2\/media\/354840"}],"wp:attachment":[{"href":"https:\/\/www.europesays.com\/fr\/wp-json\/wp\/v2\/media?parent=354839"}],"wp:term":[{"taxonomy":"category","embeddable":true,"href":"https:\/\/www.europesays.com\/fr\/wp-json\/wp\/v2\/categories?post=354839"},{"taxonomy":"post_tag","embeddable":true,"href":"https:\/\/www.europesays.com\/fr\/wp-json\/wp\/v2\/tags?post=354839"}],"curies":[{"name":"wp","href":"https:\/\/api.w.org\/{rel}","templated":true}]}}