{"id":354843,"date":"2025-08-30T16:58:19","date_gmt":"2025-08-30T16:58:19","guid":{"rendered":"https:\/\/www.europesays.com\/fr\/354843\/"},"modified":"2025-08-30T16:58:19","modified_gmt":"2025-08-30T16:58:19","slug":"communique-officiel-angers-sco","status":"publish","type":"post","link":"https:\/\/www.europesays.com\/fr\/354843\/","title":{"rendered":"Communiqu\u00e9 officiel &#8211; Angers SCO"},"content":{"rendered":"\n<p><a href=\"https:\/\/angers-sco.fr\/wp-content\/uploads\/2025\/08\/whatsapp-image-2025-08-30-at-17.56.33.jpeg\" rel=\"nofollow noopener\" target=\"_blank\"><img fetchpriority=\"high\" decoding=\"async\" width=\"1024\" height=\"576\" src=\"https:\/\/www.europesays.com\/fr\/wp-content\/uploads\/2025\/08\/whatsapp-image-2025-08-30-at-17.56.33-1024x576.jpeg\" alt=\"\" class=\"wp-image-49924\"  \/><\/a><\/p>\n<p class=\"has-text-align-center\"><strong>Angers SCO souhaite apporter des pr\u00e9cisions sur la situation actuelle du club.<\/strong><\/p>\n<p>Depuis deux saisons, l\u2019ensemble du football fran\u00e7ais traverse une crise \u00e9conomique sans pr\u00e9c\u00e9dent. L\u00e0 o\u00f9 Angers SCO aurait d\u00fb percevoir 19 M\u20ac de droits audiovisuels en 2024-2025, le club n\u2019en a touch\u00e9 que 7 M\u20ac. Cette saison, les recettes TV ne s\u2019\u00e9l\u00e8veront qu\u2019\u00e0 3 M\u20ac. Ces \u00e9carts repr\u00e9sentent un manque \u00e0 gagner cumul\u00e9 de pr\u00e8s de 30 M\u20ac sur deux exercices, qui ne peut \u00eatre compens\u00e9 qu\u2019\u00e0 travers les ventes de joueurs afin de pr\u00e9server l\u2019\u00e9quilibre budg\u00e9taire et financier.<\/p>\n<p>Dans ce contexte, le club a r\u00e9sist\u00e9 aussi longtemps que possible pour conserver son attaquant Est\u00e9ban Lepaul, avant de c\u00e9der en responsabilit\u00e9 \u00e0 la volont\u00e9 clairement exprim\u00e9e du joueur, en d\u00e9pit de sa r\u00e9cente prolongation. Sa cession au Stade Rennais s\u2019inscrit donc dans le respect du choix du joueur et la n\u00e9cessit\u00e9 de prot\u00e9ger la p\u00e9rennit\u00e9 du club.<\/p>\n<p>Cependant, comme toute op\u00e9ration de transfert, cette derni\u00e8re est \u00e9tal\u00e9e sur plusieurs exercices et ne permet donc pas, \u00e0 ce stade, d\u2019augmenter l\u2019encadrement de notre masse salariale tel que fix\u00e9 par la DNCG lors de l\u2019examen de juin dernier. C\u2019est la raison pour laquelle \u2013 et malgr\u00e9 le d\u00e9part d\u2019Est\u00e9ban Lepaul \u2013 le contrat de R\u00e9mi Labeau Lascary n\u2019a pu \u00eatre homologu\u00e9 par la commission r\u00e9unie sp\u00e9cialement hier en milieu d\u2019apr\u00e8s-midi, pas plus que n\u2019aurait pu l\u2019\u00eatre celui de Steve Mouni\u00e9 ou de tout autre nouveau joueur.<\/p>\n<p>Le club poursuit n\u00e9anmoins ses efforts pour maintenir le cap et pr\u00e9server son \u00e9quilibre, en travaillant \u00e0 retrouver progressivement des marges de man\u0153uvre. La DNCG accomplit sa mission de contr\u00f4le avec rigueur, et nous entretenons un dialogue constant avec elle dans l\u2019int\u00e9r\u00eat sup\u00e9rieur d\u2019Angers SCO.<\/p>\n<p>Nous mesurons la frustration et l\u2019inqui\u00e9tude de nos supporters, mais nous savons aussi leur fid\u00e9lit\u00e9 et leur exigence. Comme lors du maintien obtenu la saison pass\u00e9e, nous partageons la volont\u00e9 farouche de b\u00e2tir une \u00e9quipe comp\u00e9titive, digne de l\u2019histoire et des couleurs du SCO.<\/p>\n<p>Dans ce nouveau moment d\u00e9licat, notre cap reste immuable : prot\u00e9ger aujourd\u2019hui l\u2019institution pour mieux la renforcer demain, et garantir \u00e0 Angers SCO sa place durable dans l\u2019\u00e9lite du football fran\u00e7ais.<\/p>\n<p>L\u2019ensemble du club est mobilis\u00e9 pour la r\u00e9ception du Stade Rennais demain. Plus que jamais, restons unis pour cette 3\u00e8me journ\u00e9e de championnat.<\/p>\n<p class=\"has-text-align-center\"><strong>Allez le SCO !<\/strong><\/p>\n","protected":false},"excerpt":{"rendered":"Angers SCO souhaite apporter des pr\u00e9cisions sur la situation actuelle du club. Depuis deux saisons, l\u2019ensemble du football&hellip;\n","protected":false},"author":2,"featured_media":354844,"comment_status":"","ping_status":"","sticky":false,"template":"","format":"standard","meta":{"footnotes":""},"categories":[1410],"tags":[63,1011,27,60],"class_list":{"0":"post-354843","1":"post","2":"type-post","3":"status-publish","4":"format-standard","5":"has-post-thumbnail","7":"category-football","8":"tag-football","9":"tag-fr","10":"tag-france","11":"tag-sports"},"share_on_mastodon":{"url":"https:\/\/pubeurope.com\/@fr\/115118781788487156","error":""},"_links":{"self":[{"href":"https:\/\/www.europesays.com\/fr\/wp-json\/wp\/v2\/posts\/354843","targetHints":{"allow":["GET"]}}],"collection":[{"href":"https:\/\/www.europesays.com\/fr\/wp-json\/wp\/v2\/posts"}],"about":[{"href":"https:\/\/www.europesays.com\/fr\/wp-json\/wp\/v2\/types\/post"}],"author":[{"embeddable":true,"href":"https:\/\/www.europesays.com\/fr\/wp-json\/wp\/v2\/users\/2"}],"replies":[{"embeddable":true,"href":"https:\/\/www.europesays.com\/fr\/wp-json\/wp\/v2\/comments?post=354843"}],"version-history":[{"count":0,"href":"https:\/\/www.europesays.com\/fr\/wp-json\/wp\/v2\/posts\/354843\/revisions"}],"wp:featuredmedia":[{"embeddable":true,"href":"https:\/\/www.europesays.com\/fr\/wp-json\/wp\/v2\/media\/354844"}],"wp:attachment":[{"href":"https:\/\/www.europesays.com\/fr\/wp-json\/wp\/v2\/media?parent=354843"}],"wp:term":[{"taxonomy":"category","embeddable":true,"href":"https:\/\/www.europesays.com\/fr\/wp-json\/wp\/v2\/categories?post=354843"},{"taxonomy":"post_tag","embeddable":true,"href":"https:\/\/www.europesays.com\/fr\/wp-json\/wp\/v2\/tags?post=354843"}],"curies":[{"name":"wp","href":"https:\/\/api.w.org\/{rel}","templated":true}]}}