{"id":354845,"date":"2025-08-30T16:59:11","date_gmt":"2025-08-30T16:59:11","guid":{"rendered":"https:\/\/www.europesays.com\/fr\/354845\/"},"modified":"2025-08-30T16:59:11","modified_gmt":"2025-08-30T16:59:11","slug":"rose-festival-avec-carlito-on-setait-jure-de-ne-jamais-lacher-mcfly-se-confie-sur-son-parcours-et-ses-reves","status":"publish","type":"post","link":"https:\/\/www.europesays.com\/fr\/354845\/","title":{"rendered":"Rose Festival\u00a0: \u00ab\u00a0Avec Carlito, on s\u2019\u00e9tait jur\u00e9 de ne jamais l\u00e2cher\u00a0\u00bb\u2026 McFly se confie sur son parcours et ses r\u00eaves"},"content":{"rendered":"<p>\n                                                                    l&rsquo;essentiel<br \/>\n                                                                De la banlieue de Gennevilliers aux sc\u00e8nes de festivals, en passant par les d\u00e9buts t\u00e2tonnants sur YouTube, David Coscas, alias McFly, revient pour La D\u00e9p\u00eache du Midi sur son histoire. Entre musique, amiti\u00e9 ind\u00e9fectible avec Carlito et qu\u00eate d\u2019un bonheur simple, il raconte sans d\u00e9tour les \u00e9tapes marquantes de son parcours.\n                            <\/p>\n<p>David McFly a marqu\u00e9 de son empreinte le nouvel espace Visionnaire, vendredi apr\u00e8s-midi au Rose Festival. La jauge de cette sc\u00e8ne, install\u00e9e sur la mezzanine du Food Court \u00e0 l\u2019int\u00e9rieur, affichait complet. Le vid\u00e9aste-humoriste-musicien\u00a0fran\u00e7ais\u00a0a momentan\u00e9ment quitt\u00e9 son alter ego \u00ab\u00a0Mcfly\u00a0\u00bb pour se consacrer \u00e0 la musique avec un EP rock sorti en mars, \u00ab\u00a0Le but du je\u00a0\u00bb. Interview.<\/p>\n<p>        <img decoding=\"async\" class=\"std-img__img responsive-img\" src=\"https:\/\/www.europesays.com\/fr\/wp-content\/uploads\/2025\/08\/1756573151_832_image.jpg\" alt=\"David McFly sur la sc\u00e8ne Visionnaire vendredi au Rose Festival.\"\/><\/p>\n<p>                David McFly sur la sc\u00e8ne Visionnaire vendredi au Rose Festival.<\/p>\n<p class=\"txt-question\">Vous \u00eates connu comme la moiti\u00e9 du duo McFly\u00a0&amp; Carlito. Mais si l\u2019on revient au tout d\u00e9but, comment tout a commenc\u00e9 pour vous\u00a0?<\/p>\n<p>Je suis n\u00e9 \u00e0 Gennevilliers en 1986 avec une atr\u00e9sie de l\u2019\u0153sophage. D\u00e9j\u00e0, \u00e7a m\u2019a forg\u00e9 un rapport particulier \u00e0 la vie. J\u2019ai grandi dans ma petite banlieue dont je suis tr\u00e8s fier. Tr\u00e8s t\u00f4t, j\u2019ai eu un rapport \u00e0 la musique\u00a0: \u00e0 5 ans, j\u2019ai commenc\u00e9 le violon et le solf\u00e8ge. \u00c7a ne m\u2019a jamais quitt\u00e9.<\/p>\n<p>Au lyc\u00e9e, j\u2019ai rencontr\u00e9 des amis que j\u2019ai toujours aujourd\u2019hui. Parmi eux, Rapha\u00ebl Carlier, que tout le monde conna\u00eet maintenant sous le nom de Carlito. On avait 18 ans, on faisait une \u00e9mission de m\u00e9tal sur Le Mouv\u2019, juste deux gamins qui s\u2019\u00e9clataient \u00e0 diffuser leur musique, \u00e0 faire des blagues. C\u2019\u00e9tait le bonheur.<\/p>\n<p>Tr\u00e8s vite, lui est parti dans la vid\u00e9o, moi dans le son. Mais on s\u2019\u00e9tait jur\u00e9 dans la cour du lyc\u00e9e Albert Camus \u00e0 Bois-Colombes qu\u2019on ne l\u00e2cherait jamais ce r\u00eave\u00a0: faire des vid\u00e9os ensemble. Et on a tenu cette promesse.<\/p>\n<p class=\"txt-question\">Ce r\u00eave a mis du temps \u00e0 se concr\u00e9tiser. Qu\u2019est-ce qui vous a pouss\u00e9 \u00e0 ne jamais abandonner malgr\u00e9 les \u00e9checs\u00a0?<\/p>\n<p>Franchement, je ne sais pas trop expliquer. Il faut y croire plus fort que les autres, je pense. La chance joue aussi, mais surtout le travail et la pers\u00e9v\u00e9rance. Et puis, \u00eatre deux, \u00e7a change tout. Quand tu fais une promesse \u00e0 ton meilleur ami, tu ne veux pas le d\u00e9cevoir.<\/p>\n<p>Pendant dix ans, on a boss\u00e9 comme des dingues sans que rien ne marche vraiment. On mettait nos vid\u00e9os sur YouTube, on faisait 500 vues, 1\u00a0000 peut-\u00eatre. On se disait\u00a0: m\u00eame si \u00e7a ne marche pas, au moins on le fait, et c\u2019est \u00e7a qui compte.<\/p>\n<p class=\"txt-question\">Vous parlez beaucoup d\u2019amiti\u00e9 et de fid\u00e9lit\u00e9. Qu\u2019est-ce qui vous a le plus marqu\u00e9 dans votre parcours\u00a0?<\/p>\n<p>Ce qui me marque le plus, c\u2019est \u00e0 quel point c\u2019est vital de faire les choses avec les gens que tu aimes. C\u2019est le vrai moteur. Tu peux \u00eatre dans un petit caf\u00e9 avec un son pourri et 22 personnes dans la salle\u00a0: si tu es avec tes potes, c\u2019est g\u00e9nial.<\/p>\n<p>Avec Carlito, m\u00eame quand c\u2019\u00e9tait nul, c\u2019\u00e9tait g\u00e9nial. On s\u2019est construits comme \u00e7a, en transformant les gal\u00e8res en exp\u00e9riences. Et cette philosophie-l\u00e0, je l\u2019applique partout\u00a0: dans mes projets, ma famille, ma musique.<\/p>\n<p class=\"txt-question\">Justement, la musique semble revenir dans votre vie. Quelle place occupe-t-elle aujourd\u2019hui\u00a0?<\/p>\n<p>C\u2019est mon premier amour. J\u2019ai commenc\u00e9 avec le violon, puis \u00e0 14 ans, j\u2019ai d\u00e9couvert la guitare \u00e9lectrique. La musique m\u2019a sauv\u00e9 la vie. Quand j\u2019ai connu Carlito, c\u2019\u00e9tait d\u2019ailleurs gr\u00e2ce \u00e0 \u00e7a\u00a0: il avait lui aussi un groupe. \u00c0 l\u2019\u00e9poque, je me voyais musicien rat\u00e9, mais musicien quand m\u00eame. Aujourd\u2019hui, j\u2019ai renou\u00e9 avec \u00e7a. J\u2019ai retrouv\u00e9 mes potes du lyc\u00e9e, on joue \u00e0 nouveau ensemble. \u00c7a me ram\u00e8ne \u00e0 l\u2019essentiel\u00a0: partager des moments sinc\u00e8res.<\/p>\n<p class=\"std-elt__inline\">\n        <strong>\u00c0 lire aussi :<\/strong><br \/>\n        <a href=\"https:\/\/www.ladepeche.fr\/2025\/08\/30\/entretien-bigflo-oli-on-limpression-que-le-rose-festival-nous-a-depasses-12900629.php\" rel=\"nofollow noopener\" target=\"_blank\">ENTRETIEN. Bigflo\u00a0&amp; Oli\u00a0: \u00ab\u00a0On a l\u2019impression que le Rose Festival nous a d\u00e9pass\u00e9s\u00a0\u00bb<\/a>\n    <\/p>\n<blockquote data-instgrm-captioned=\"\" data-instgrm-permalink=\"https:\/\/www.instagram.com\/reel\/DN9Pu2qiKP3\/?utm_source=ig_embed&amp;utm_campaign=loading\" data-instgrm-version=\"14\" style=\" background:#FFF; border:0; border-radius:3px; box-shadow:0 0 1px 0 rgba(0,0,0,0.5),0 1px 10px 0 rgba(0,0,0,0.15); margin: 1px; max-width:540px; min-width:326px; padding:0; width:99.375%; width:-webkit-calc(100% - 2px); width:calc(100% - 2px);\" data-class=\"instagram-media\"\/>\n<p class=\"txt-question\">Qu\u2019est-ce que vous ressentez quand vous \u00eates sur sc\u00e8ne ou en train de composer\u00a0?<\/p>\n<p>Le temps dispara\u00eet. Il n\u2019existe plus. Tu joues, tu cr\u00e9es, tu composes\u2026 et tu ne sais pas si \u00e7a fait une minute ou trois heures. Pour moi, c\u2019est \u00e7a, la preuve que tu es sur la bonne voie.<\/p>\n<p>C\u2019est pareil quand je travaille des vid\u00e9os avec Carlito. On brainstorme un concept et d\u2019un coup, tu ne sais plus o\u00f9 tu en es. J\u2019ai ma petite th\u00e9orie perso\u00a0: si tu as l\u2019impression que le temps ne passe pas, c\u2019est qu\u2019il s\u2019arr\u00eate vraiment.<\/p>\n<p class=\"txt-question\">Vous avez d\u00e9j\u00e0 accompli \u00e9norm\u00e9ment de choses. Mais reste-t-il des r\u00eaves que vous n\u2019avez pas r\u00e9alis\u00e9s\u00a0?<\/p>\n<p>Toujours. Mais mon plus grand r\u00eave, ce serait d\u2019\u00eatre heureux sans avoir besoin de projets. Juste \u00eatre. Pour l\u2019instant, j\u2019ai encore besoin de me projeter\u00a0: un nouvel album, une vid\u00e9o, un concert. \u00c7a me remplit de joie, mais je r\u00eave d\u2019atteindre un jour un \u00e9tat o\u00f9 je n\u2019aurais besoin de rien.<\/p>\n<p class=\"txt-question\">Et dans votre quotidien, qu\u2019est-ce qui vous rend heureux aujourd\u2019hui\u00a0?<\/p>\n<p>\u00catre entour\u00e9. Les amis, la famille, c\u2019est tout. Quand tu as des enfants en bas \u00e2ge, leur seule pr\u00e9sence, c\u2019est d\u00e9j\u00e0 le bonheur. Mais oui, j\u2019ai encore cette envie de construire, de cr\u00e9er. C\u2019est peut-\u00eatre li\u00e9 \u00e0 l\u2019\u00e2ge, \u00e0 cette p\u00e9riode de la vie o\u00f9 tu veux encore prouver, avancer.<\/p>\n<p class=\"txt-question\">Est-ce que vous diriez que vous \u00eates fier de votre parcours\u00a0?<\/p>\n<p>J\u2019ai mis du temps \u00e0 l\u2019admettre, mais oui, je suis fier. Tr\u00e8s fier, m\u00eame. Fier d\u2019avoir tenu cette promesse faite au lyc\u00e9e, fier d\u2019avoir cr\u00e9\u00e9 avec Carlito, fier de continuer \u00e0 me r\u00e9inventer avec la musique. Mais surtout, fier d\u2019avoir toujours plac\u00e9 l\u2019amiti\u00e9 et l\u2019amour au centre de tout.<\/p>\n<p>                                                                                                                                                                                                        <script async src=\"\/\/www.instagram.com\/embed.js\"><\/script><\/p>\n","protected":false},"excerpt":{"rendered":"l&rsquo;essentiel De la banlieue de Gennevilliers aux sc\u00e8nes de festivals, en passant par les d\u00e9buts t\u00e2tonnants sur YouTube,&hellip;\n","protected":false},"author":2,"featured_media":354846,"comment_status":"","ping_status":"","sticky":false,"template":"","format":"standard","meta":{"footnotes":""},"categories":[1359],"tags":[58,59,1011,27,973],"class_list":{"0":"post-354845","1":"post","2":"type-post","3":"status-publish","4":"format-standard","5":"has-post-thumbnail","7":"category-people","8":"tag-divertissement","9":"tag-entertainment","10":"tag-fr","11":"tag-france","12":"tag-people"},"share_on_mastodon":{"url":"https:\/\/pubeurope.com\/@fr\/115118785449527286","error":""},"_links":{"self":[{"href":"https:\/\/www.europesays.com\/fr\/wp-json\/wp\/v2\/posts\/354845","targetHints":{"allow":["GET"]}}],"collection":[{"href":"https:\/\/www.europesays.com\/fr\/wp-json\/wp\/v2\/posts"}],"about":[{"href":"https:\/\/www.europesays.com\/fr\/wp-json\/wp\/v2\/types\/post"}],"author":[{"embeddable":true,"href":"https:\/\/www.europesays.com\/fr\/wp-json\/wp\/v2\/users\/2"}],"replies":[{"embeddable":true,"href":"https:\/\/www.europesays.com\/fr\/wp-json\/wp\/v2\/comments?post=354845"}],"version-history":[{"count":0,"href":"https:\/\/www.europesays.com\/fr\/wp-json\/wp\/v2\/posts\/354845\/revisions"}],"wp:featuredmedia":[{"embeddable":true,"href":"https:\/\/www.europesays.com\/fr\/wp-json\/wp\/v2\/media\/354846"}],"wp:attachment":[{"href":"https:\/\/www.europesays.com\/fr\/wp-json\/wp\/v2\/media?parent=354845"}],"wp:term":[{"taxonomy":"category","embeddable":true,"href":"https:\/\/www.europesays.com\/fr\/wp-json\/wp\/v2\/categories?post=354845"},{"taxonomy":"post_tag","embeddable":true,"href":"https:\/\/www.europesays.com\/fr\/wp-json\/wp\/v2\/tags?post=354845"}],"curies":[{"name":"wp","href":"https:\/\/api.w.org\/{rel}","templated":true}]}}