{"id":354851,"date":"2025-08-30T17:02:13","date_gmt":"2025-08-30T17:02:13","guid":{"rendered":"https:\/\/www.europesays.com\/fr\/354851\/"},"modified":"2025-08-30T17:02:13","modified_gmt":"2025-08-30T17:02:13","slug":"apres-des-annees-aux-cotes-de-cyril-hanouna-bernard-montiel-annonce-une-decision-radicale","status":"publish","type":"post","link":"https:\/\/www.europesays.com\/fr\/354851\/","title":{"rendered":"Apr\u00e8s des ann\u00e9es aux c\u00f4t\u00e9s de Cyril Hanouna, Bernard Montiel annonce une d\u00e9cision radicale"},"content":{"rendered":"<p>            <img loading=\"lazy\" decoding=\"async\" src=\"https:\/\/www.europesays.com\/fr\/wp-content\/uploads\/2025\/04\/145-6602e1ce8ddc4-35x35-1.jpg\" class=\"author-article-picture\" width=\"35\" height=\"35\"\/><\/p>\n<p>                Par<br \/>\n                                    <a class=\"author-article-bio-link\" href=\"https:\/\/www.purepeople.com\/auteur\/lucie-gosselin_a145\" rel=\"nofollow noopener\" target=\"_blank\">Lucie Gosselin<\/a><br \/>\n                                                    | R\u00e9dactrice<\/p>\n<p>\n                Journaliste passionn\u00e9e, depuis plus de 10 ans, je r\u00e9alise des enqu\u00eates, des portraits, des reportages ou des interviews.\n            <\/p>\n<p>\n    Alors que la rentr\u00e9e bat son plein, Bernard Montiel a surpris ses abonn\u00e9s avec une r\u00e9v\u00e9lation inattendue. Depuis Saint-Tropez, o\u00f9 il profitait de ses derniers instants de vacances, l\u2019animateur et chroniqueur a annonc\u00e9 sur Instagram qu\u2019il ne participerait pas \u00e0 la nouvelle \u00e9mission de Cyril Hanouna sur W9, \u00ab\u00a0Tout beau tout N9uf\u00a0\u00bb.\n<\/p>\n<p>                            <img loading=\"lazy\" decoding=\"async\" class=\"player-thumbnail\" src=\"https:\/\/www.europesays.com\/fr\/wp-content\/uploads\/2025\/08\/6005861a0351baac-580x326-2.jpg\" width=\"580\" height=\"326\"\/><\/p>\n<p>                    Apr\u00e8s des ann\u00e9es aux c\u00f4t\u00e9s de Cyril Hanouna, Bernard Montiel annonce une d\u00e9cision radicale<\/p>\n<p>La suite apr\u00e8s la publicit\u00e9<\/p>\n<p>Ce samedi 30 ao\u00fbt, <a href=\"https:\/\/www.purepeople.com\/people\/bernard-montiel_p1776\" rel=\"nofollow noopener\" target=\"_blank\">Bernard Montiel<\/a> a choisi le<a href=\"https:\/\/www.purepeople.com\/article\/lino-hanouna-le-fils-de-13-ans-de-cyril-hanouna-filme-dans-les-rues-de-saint-tropez-style-il-detaille-son-look-signe-d-une-grande-marque_a541281\/1\" rel=\"nofollow noopener\" target=\"_blank\"> cadre idyllique de Ramatuelle<\/a> pour s\u2019adresser directement \u00e0 ses abonn\u00e9s. Dans une vid\u00e9o publi\u00e9e sur Instagram, l\u2019animateur, visage bien connu du petit \u00e9cran, a officialis\u00e9 sa d\u00e9cision de<strong> ne pas rejoindre l\u2019\u00e9quipe<\/strong> de <a href=\"https:\/\/www.purepeople.com\/people\/cyril-hanouna_p1700\" rel=\"nofollow noopener\" target=\"_blank\">Cyril Hanouna<\/a> dans <a href=\"https:\/\/www.purepeople.com\/article\/a-quelques-jours-de-la-rentree-de-cyril-hanouna-tous-les-details-de-tbt9-liste-des-chroniqueurs-nouveau-plateau-formule_a541675\/1\" rel=\"nofollow noopener\" target=\"_blank\">son nouveau projet t\u00e9l\u00e9vis\u00e9 Tout beau tout N9uf.<\/a><\/p>\n<p>Bernard Montiel tourne la page avec \u00e9motion<\/p>\n<p>Face cam\u00e9ra, le chroniqueur s\u2019est exprim\u00e9 avec sinc\u00e9rit\u00e9 : \u00ab\u00a0On est samedi 30 ao\u00fbt, c\u2019est fini les vacaciones, voil\u00e0. Je salue tous ceux qui sont rentr\u00e9s et qui ont eu le courage de rentrer. Bon moi je ne vais pas faire partie de \u00ab\u00a0Tout beau tout N9uf\u00a0\u00bb avec mes copains Cyril Hanouna et la team. <strong>C\u2019est toujours un petit pincement au c\u0153ur de ne pas y \u00eatre je dois le reconna\u00eetre<\/strong>. Mais je pense \u00e0 eux tr\u00e8s fort et \u00e7a va cartonner\u00a0\u00bb, a-t-il confi\u00e9 dans sa vid\u00e9o Instagram.<\/p>\n<p>En l\u00e9gende de sa publication, Bernard Montiel a tenu \u00e0 remercier chaleureusement Cyril Hanouna : \u00ab\u00a0<strong>J\u2019ai choisi de ne pas poursuivre cette belle aventure et je tiens \u00e0 remercier #Cyril pour son amiti\u00e9<\/strong>, sa confiance, sa compr\u00e9hension, et ses encouragements pour mes nouveaux projets !\u00a0\u00bb. Un message qui a touch\u00e9 ses fans, habitu\u00e9s \u00e0 le voir depuis plusieurs ann\u00e9es aux c\u00f4t\u00e9s de l\u2019animateur star de C8.<\/p>\n<p>Cyril Hanouna lance \u00ab\u00a0Tout beau tout N9uf\u00a0\u00bb sans son fid\u00e8le complice<\/p>\n<p>De son c\u00f4t\u00e9, Cyril Hanouna s\u2019appr\u00eate \u00e0 faire son grand retour sur W9 apr\u00e8s l\u2019arr\u00eat de Touche pas \u00e0 mon poste en f\u00e9vrier dernier, suite \u00e0 la fermeture de C8. D\u00e8s le 1er septembre \u00e0 18h25, ce dernier pr\u00e9sentera Tout beau tout N9uf, un talk-show qui s\u2019annonce d\u00e9j\u00e0 comme<strong> l\u2019\u00e9v\u00e9nement de la rentr\u00e9e<\/strong>.<\/p>\n<p>Au micro d\u2019Europe 1, l&rsquo;animateur avait promis <a href=\"https:\/\/www.purepeople.com\/article\/moins-payes-que-dans-tpmp-les-salaires-des-chroniqueurs-de-cyril-hanouna-dans-tout-beau-tout-n9uf-font-jaser_a541949\/1\" rel=\"nofollow noopener\" target=\"_blank\">un programme dans la lign\u00e9e de TPMP<\/a>, mais enrichi de nouvelles s\u00e9quences, notamment avec l\u2019intelligence artificielle, et une \u00e9quipe largement renouvel\u00e9e. Sur X (ancien Twitter), Cyril Hanouna a <a href=\"https:\/\/www.purepeople.com\/article\/lequipe-de-tout-beau-tout-9-w9-setoffe-a-moins-dun-mois-de-la-premiere-un-nouveau-chroniqueur-a-ete-recrute-par-cyril-hanouna_a541169\/1\" rel=\"nofollow noopener\" target=\"_blank\">confirm\u00e9 l\u2019ampleur du casting <\/a>: \u00ab\u00a0Les ch\u00e9ris on a test\u00e9 beaucoup de monde hier pour TBT9, plus de 35 personnes !! C\u2019\u00e9tait la folie !! (\u2026) <strong>Je vous dis la v\u00e9rit\u00e9 \u00e7a va \u00eatre lourd<\/strong> !! Tr\u00e8s lourd !\u00a0\u00bb<\/p>\n<p>Parmi les chroniqueurs confirm\u00e9s figurent <a href=\"https:\/\/www.purepeople.com\/people\/valerie-benaim_p1833\" rel=\"nofollow noopener\" target=\"_blank\">Val\u00e9rie B\u00e9na\u00efm<\/a>, Raymond Aabou, <a href=\"https:\/\/www.purepeople.com\/people\/geraldine-maillet_p268715\" rel=\"nofollow noopener\" target=\"_blank\">G\u00e9raldine Maillet<\/a>, Michel Mary, mais aussi <strong>des nouveaux visages <\/strong>comme <a href=\"https:\/\/www.purepeople.com\/people\/nelson-monfort_p1424\" rel=\"nofollow noopener\" target=\"_blank\">Nelson Monfort<\/a>, <a href=\"https:\/\/www.purepeople.com\/people\/marlene-schiappa_p548767\" rel=\"nofollow noopener\" target=\"_blank\">Marl\u00e8ne Schiappa<\/a> ou encore Tom Lef\u00e8vre selon Tv Mag du Figaro.<\/p>\n<p>Un nouvel avenir pour Bernard Montiel<\/p>\n<p>Animateur, acteur et chroniqueur, Bernard Montiel n\u2019en est pas \u00e0 son premier tournant professionnel. L&rsquo;originaire de Casablanca a connu ses grandes heures sur TF1 avec Vid\u00e9o Gag ou encore Une famille en or avant de rejoindre C8, o\u00f9 il a <strong>marqu\u00e9 le public<\/strong> dans TPMP et ses d\u00e9clinaisons.<\/p>\n<p>S\u2019il ne participera pas \u00e0 l\u2019aventure Tout beau tout N9uf, il n\u2019exclut pas <a href=\"https:\/\/www.purepeople.com\/article\/apres-la-fin-de-c8-et-de-touche-pas-a-mon-poste-quel-avenir-pour-bernard-montiel-lanimateur-evoque-ce-qui-lattend_a536351\/1\" rel=\"nofollow noopener\" target=\"_blank\">de revenir tr\u00e8s bient\u00f4t \u00e0 l\u2019\u00e9cran<\/a> : \u00ab\u00a0<strong>Moi je vais redevenir pr\u00e9sentateur enfin je vous en parlerai plus tard<\/strong>\u00ab\u00a0, a-t-il gliss\u00e9 \u00e0 ses abonn\u00e9s. Une annonce qui laisse pr\u00e9sager de nouveaux projets \u00e0 venir pour l\u2019animateur de 67 ans, toujours appr\u00e9ci\u00e9 pour son humour et sa proximit\u00e9 avec le public.\u00a0<\/p>\n","protected":false},"excerpt":{"rendered":"Par Lucie Gosselin | R\u00e9dactrice Journaliste passionn\u00e9e, depuis plus de 10 ans, je r\u00e9alise des enqu\u00eates, des portraits,&hellip;\n","protected":false},"author":2,"featured_media":354852,"comment_status":"","ping_status":"","sticky":false,"template":"","format":"standard","meta":{"footnotes":""},"categories":[1356],"tags":[58,59,1011,27,252,1364],"class_list":{"0":"post-354851","1":"post","2":"type-post","3":"status-publish","4":"format-standard","5":"has-post-thumbnail","7":"category-television","8":"tag-divertissement","9":"tag-entertainment","10":"tag-fr","11":"tag-france","12":"tag-television","13":"tag-tv"},"share_on_mastodon":{"url":"https:\/\/pubeurope.com\/@fr\/115118797901078109","error":""},"_links":{"self":[{"href":"https:\/\/www.europesays.com\/fr\/wp-json\/wp\/v2\/posts\/354851","targetHints":{"allow":["GET"]}}],"collection":[{"href":"https:\/\/www.europesays.com\/fr\/wp-json\/wp\/v2\/posts"}],"about":[{"href":"https:\/\/www.europesays.com\/fr\/wp-json\/wp\/v2\/types\/post"}],"author":[{"embeddable":true,"href":"https:\/\/www.europesays.com\/fr\/wp-json\/wp\/v2\/users\/2"}],"replies":[{"embeddable":true,"href":"https:\/\/www.europesays.com\/fr\/wp-json\/wp\/v2\/comments?post=354851"}],"version-history":[{"count":0,"href":"https:\/\/www.europesays.com\/fr\/wp-json\/wp\/v2\/posts\/354851\/revisions"}],"wp:featuredmedia":[{"embeddable":true,"href":"https:\/\/www.europesays.com\/fr\/wp-json\/wp\/v2\/media\/354852"}],"wp:attachment":[{"href":"https:\/\/www.europesays.com\/fr\/wp-json\/wp\/v2\/media?parent=354851"}],"wp:term":[{"taxonomy":"category","embeddable":true,"href":"https:\/\/www.europesays.com\/fr\/wp-json\/wp\/v2\/categories?post=354851"},{"taxonomy":"post_tag","embeddable":true,"href":"https:\/\/www.europesays.com\/fr\/wp-json\/wp\/v2\/tags?post=354851"}],"curies":[{"name":"wp","href":"https:\/\/api.w.org\/{rel}","templated":true}]}}