{"id":354859,"date":"2025-08-30T17:06:10","date_gmt":"2025-08-30T17:06:10","guid":{"rendered":"https:\/\/www.europesays.com\/fr\/354859\/"},"modified":"2025-08-30T17:06:10","modified_gmt":"2025-08-30T17:06:10","slug":"utmb-2025-ruth-croft-detrone-la-reine-courtney-dauwalter-lequipe","status":"publish","type":"post","link":"https:\/\/www.europesays.com\/fr\/354859\/","title":{"rendered":"UTMB 2025 : Ruth Croft d\u00e9tr\u00f4ne la reine Courtney Dauwalter &#8211; L&#039;\u00c9quipe"},"content":{"rendered":"<ol>\n<li><a href=\"https:\/\/news.google.com\/rss\/articles\/CBMirwFBVV95cUxOYzhsYTdCWWJ5eHVocHhMaHZxSi1CM0VxckVpekowbjg4MnZpX2daZnNmSGNka1BTdkVDSlNKSEpmakZnX25JcEZOVHhrVnJQZ1dWY0FwLU9BQklURDlCODZJbS01bVpqVTFJZjB1N3dLblVKdkZKd0l5TkltTGd1S1lZVjVZN1dyYnFFM2JKRDlKS2k1UUpyVGF4SjluVTZ0RjZtQjFUeWZfWWxCdk9z?oc=5\" target=\"_blank\" rel=\"nofollow noopener\">UTMB 2025 : Ruth Croft d\u00e9tr\u00f4ne la reine Courtney Dauwalter<\/a>&nbsp;&nbsp;L&rsquo;\u00c9quipe<\/li>\n<li><a href=\"https:\/\/news.google.com\/rss\/articles\/CBMi4wFBVV95cUxOdWxJTXFfNnBrbGJZTktrWjN3OUo2MXRkbGlIaHVLRmVsVkZiX1RJazVEQ25mcG9tZUVQdWNuYXEzMjMySUllallFNVJvQWR3SUFjYjVwSW9lVEZVam91QmNZbWNGejVRcTlqMzNzS1pYWUR4akRCemVCaWk4bHRMTXFIcEg1TmdWbkxTekgyMnRLWXpHS3ZZZ0M5MGNCWl9wcEJpV2hLT3VEQTBmd25HZktiUjVBMHNJSWRDZTlrc2hoeW1DS2k3UHBvR2RSUlFYaWFOVHY2dE16WW91NnM4ckhoNA?oc=5\" target=\"_blank\" rel=\"nofollow noopener\">Tom Evans remporte l\u2019Ultra-Trail du Mont-Blanc, Ruth Croft vainqueure de la course dames<\/a>&nbsp;&nbsp;Le Monde.fr<\/li>\n<li><a href=\"https:\/\/news.google.com\/rss\/articles\/CBMingFBVV95cUxPQ05wUXJ0WEFoNzB3SGdfemNETmJpWFRrb0p0OF90dTBwVDR2RHoyV2t6ZUN6MUJEM1J5T25wZUpUYkhRbW0ydlJMZW1OclJ5YUxNcExldk1wSzFHaGk0SGFpZUtNTm4tY1B6d183Ui1Pd0g1OGd5a2lmaXk0eGZ5M2dEeWNyR3c1MG5Ub0xkcUsybU5RWlBOT2RoTERGdw?oc=5\" target=\"_blank\" rel=\"nofollow noopener\">Haute-Savoie. Mission Vallorcine a \u201csatellis\u00e9\u201d les coureurs de l\u2019UTMB<\/a>&nbsp;&nbsp;Le Dauphin\u00e9 Lib\u00e9r\u00e9<\/li>\n<li><a href=\"https:\/\/news.google.com\/rss\/articles\/CBMihAJBVV95cUxONjFwT1BYbXBvZVdjSnFMUUNCd0hRUFNGVno5MXVBNmJDbTNma3pLV0pkc2pmLXhfaUtsU0VESXlDcXdLV3dhMk1iQ0M0eXl0TENWME1qbzlWRExXMkU4QXB2UmdOMklIby1zV3JOZHJOdTJQVkptSFgyNWd3OVRCdk5PbmFlbUJXTUpFdHdkMkRWNzNjTUROalV2MmpKQVowNlZxcXBwSmZfcnVJWVF5ZkdIUng0WWRKM29UM1NsOGFxVlJuR0pkSTlZcXJ0NHhHRHMweW82eWxmZDZhT2N6Yi0tVVhQM2VBMWhNZGNCRUUwSVRIMkRudWdhQmlQWE0wSjJoYQ?oc=5\" target=\"_blank\" rel=\"nofollow noopener\">\u00abL\u2019UTMB, c\u2019est Disneyland \u00e0 Chamonix\u00bb : l\u2019Ultra-Trail du Mont-Blanc, une course qui met la montagne dans le rouge<\/a>&nbsp;&nbsp;Lib\u00e9ration<\/li>\n<li><a href=\"https:\/\/news.google.com\/rss\/articles\/CBMi1AFBVV95cUxPd1JsWGVMWlZYczBlR1dEZWlwRkUwcWt2N2hvWTY0SzQxMS1vR0VVY2pBS2p2RWZJVEhyRFJtVmxONjduS1hqa0N0a0RxdDBxN1o3V3RJUkJBeUdUaDcxVnRENUt4RDk3NXVSRjA5czZUT256SGoxTGVyaV9sTkpZRXRkWWM5WkoxS0xaWUVZa2RaUGdEN1I2M2NOaVh6U2UyVGtselREMW9RQzZwZEhrcnRNaUhqdWhIanFxRXFSNXE3VV9nSG55NGQ3MGhrOWpoaERydg?oc=5\" target=\"_blank\" rel=\"nofollow noopener\">Le Britannique Tom Evans remporte l&rsquo;UTMB 2025 et devient le nouveau king de Chamonix<\/a>&nbsp;&nbsp;L&rsquo;\u00c9quipe<\/li>\n<\/ol>\n","protected":false},"excerpt":{"rendered":"UTMB 2025 : Ruth Croft d\u00e9tr\u00f4ne la reine Courtney Dauwalter&nbsp;&nbsp;L&rsquo;\u00c9quipe Tom Evans remporte l\u2019Ultra-Trail du Mont-Blanc, Ruth Croft&hellip;\n","protected":false},"author":2,"featured_media":354860,"comment_status":"","ping_status":"","sticky":false,"template":"","format":"standard","meta":{"footnotes":""},"categories":[9],"tags":[1011,27,60],"class_list":{"0":"post-354859","1":"post","2":"type-post","3":"status-publish","4":"format-standard","5":"has-post-thumbnail","7":"category-sports","8":"tag-fr","9":"tag-france","10":"tag-sports"},"share_on_mastodon":{"url":"https:\/\/pubeurope.com\/@fr\/115118813777715672","error":""},"_links":{"self":[{"href":"https:\/\/www.europesays.com\/fr\/wp-json\/wp\/v2\/posts\/354859","targetHints":{"allow":["GET"]}}],"collection":[{"href":"https:\/\/www.europesays.com\/fr\/wp-json\/wp\/v2\/posts"}],"about":[{"href":"https:\/\/www.europesays.com\/fr\/wp-json\/wp\/v2\/types\/post"}],"author":[{"embeddable":true,"href":"https:\/\/www.europesays.com\/fr\/wp-json\/wp\/v2\/users\/2"}],"replies":[{"embeddable":true,"href":"https:\/\/www.europesays.com\/fr\/wp-json\/wp\/v2\/comments?post=354859"}],"version-history":[{"count":0,"href":"https:\/\/www.europesays.com\/fr\/wp-json\/wp\/v2\/posts\/354859\/revisions"}],"wp:featuredmedia":[{"embeddable":true,"href":"https:\/\/www.europesays.com\/fr\/wp-json\/wp\/v2\/media\/354860"}],"wp:attachment":[{"href":"https:\/\/www.europesays.com\/fr\/wp-json\/wp\/v2\/media?parent=354859"}],"wp:term":[{"taxonomy":"category","embeddable":true,"href":"https:\/\/www.europesays.com\/fr\/wp-json\/wp\/v2\/categories?post=354859"},{"taxonomy":"post_tag","embeddable":true,"href":"https:\/\/www.europesays.com\/fr\/wp-json\/wp\/v2\/tags?post=354859"}],"curies":[{"name":"wp","href":"https:\/\/api.w.org\/{rel}","templated":true}]}}