{"id":354861,"date":"2025-08-30T17:07:10","date_gmt":"2025-08-30T17:07:10","guid":{"rendered":"https:\/\/www.europesays.com\/fr\/354861\/"},"modified":"2025-08-30T17:07:10","modified_gmt":"2025-08-30T17:07:10","slug":"qui-seront-les-nouveaux-chroniqueurs-de-cyril-hanouna","status":"publish","type":"post","link":"https:\/\/www.europesays.com\/fr\/354861\/","title":{"rendered":"Qui seront les nouveaux chroniqueurs de Cyril Hanouna\u00a0?"},"content":{"rendered":"<p>Quoi de beau dans \u00ab\u00a0Tout beau, tout neuf\u00a0\u00bb\u00a0? A cette question, <a href=\"https:\/\/www.20minutes.fr\/arts-stars\/television\/cyril_hanouna\/\" class=\"c-link c-link--is-underlined\" target=\"_blank\" rel=\"noopener\">Cyril Hanouna<\/a> a teas\u00e9, jeudi, sur son futur talk-show\u00a0: \u00ab\u00a0Les ch\u00e9ris on a test\u00e9 beaucoup de monde hier pour \u00a0\u00bbTBT9\u00a0\u00bb, plus de 35 personnes, a-t-il post\u00e9 sur X. C\u2019\u00e9tait la folie. Il y aura des petits nouveaux\u00a0!\u00a0\u00bb. \u00ab\u00a0<a href=\"https:\/\/www.20minutes.fr\/dossier\/20_minutes\" class=\"c-link c-link--is-underlined\" target=\"_blank\" rel=\"noopener\">20 Minutes<\/a>\u00a0\u00bb fait le point sur celles et ceux qui seront, ne seront pas et pourraient \u00eatre autour de la table de \u00ab\u00a0TBT9\u00a0\u00bb, d\u00e8s lundi \u00e0 18h45, sur <a href=\"https:\/\/www.20minutes.fr\/dossier\/w9\" class=\"c-link c-link--is-underlined\" target=\"_blank\" rel=\"noopener\">W9<\/a>. A noter que chaque soir, \u00ab\u00a0Baba\u00a0\u00bb sera entour\u00e9 de pas moins de neuf acolytes.<\/p>\n<p>Les fid\u00e8les de la partie<\/p>\n<p>\u00ab\u00a0Tout beau, tout neuf\u00a0\u00bb va, partiellement, faire du neuf avec\u2026 du d\u00e9j\u00e0-vu. Pour les nostalgiques de \u00ab\u00a0<a href=\"https:\/\/www.20minutes.fr\/arts-stars\/television\/tpmp\/\" class=\"c-link c-link--is-underlined\" target=\"_blank\" rel=\"noopener\">Touche pas \u00e0 mon poste<\/a>\u00a0\u00bb, pas de panique, \u00ab\u00a0Baba\u00a0\u00bb n\u2019a pas oubli\u00e9 certaines personnalit\u00e9s qui ont fait les belles heures de l\u2019ancienne quotidienne de <a href=\"https:\/\/www.20minutes.fr\/television\/c8\/\" class=\"c-link c-link--is-underlined\" target=\"_blank\" rel=\"noopener\">C8<\/a>.<\/p>\n<p>Des chroniqueurs ont m\u00eame \u00e9t\u00e9 d\u00e9j\u00e0 officialis\u00e9s pour la grande premi\u00e8re de \u00ab\u00a0Tout beau, tout neuf\u00a0\u00bb, lundi. \u00ab\u00a0Il y aura sur et certain autour de moi d\u00e8s 18h45\u00a0: Raymond [Aabou], G\u00e9raldine [Maillet], Olivier Dartigolles, Val\u00e9rie Bena\u00efm. Plus 5 autres personnes\u00a0! Fabien Lecoeuvre [pour l\u2019actu <a href=\"https:\/\/www.20minutes.fr\/arts-stars\/people\/\" class=\"c-link c-link--is-underlined\" target=\"_blank\" rel=\"noopener\">people<\/a>] et Michel Mary [pour les <a href=\"https:\/\/www.20minutes.fr\/faits_divers\/\" class=\"c-link c-link--is-underlined\" target=\"_blank\" rel=\"noopener\">faits divers<\/a>] seront de retour aussi. Pour le reste de la nouveaut\u00e9 et des grands retours\u00a0\u00bb, a indiqu\u00e9 Cyril Hanouna, sur X.<\/p>\n<p>Andr\u00e9a Bruche (chronique humoristique), Danielle Moreau (\u00ab occasionnellement\u00a0\u00bb), Isabelle Morini-Bosc, Polska, <a href=\"https:\/\/www.20minutes.fr\/television\/gilles-verdez\/\" class=\"c-link c-link--is-underlined\" target=\"_blank\" rel=\"noopener\">Gilles Verdez<\/a> ou encore Jordan De Luxe sont annonc\u00e9s sur le retour.<\/p>\n<p>Les petits nouveaux<\/p>\n<p>Chaque soir, Cyril Hanouna sera entour\u00e9 d\u2019une nouvelle \u00e9quipe de chroniqueurs. Pour augmenter les effectifs, l\u2019animateur vedette a fait appel \u00e0 des petits nouveaux. Ainsi, Shana Loustau, ex-journaliste de <a href=\"https:\/\/www.20minutes.fr\/medias\/cnews\/\" class=\"c-link c-link--is-underlined\" target=\"_blank\" rel=\"noopener\">CNews<\/a>, et J\u00e9r\u00f4me Anthony, animateur de <a href=\"https:\/\/www.20minutes.fr\/dossier\/m6\" class=\"c-link c-link--is-underlined\" target=\"_blank\" rel=\"noopener\">M6<\/a> et W9, feront partie des nouvelles figures de \u00ab\u00a0TBT9\u00a0\u00bb.<\/p>\n<p>Olivier Dartigolles, qui a d\u00e9j\u00e0 travaill\u00e9 avec Cyril Hanouna dans On marche sur la t\u00eate sur <a href=\"https:\/\/www.20minutes.fr\/medias\/europe1\/\" class=\"c-link c-link--is-underlined\" target=\"_blank\" rel=\"noopener\">Europe 1<\/a>, est officialis\u00e9. Le cuisinier et figure du groupe M6, <a href=\"https:\/\/www.20minutes.fr\/dossier\/norbert_tarayre\" class=\"c-link c-link--is-underlined\" target=\"_blank\" rel=\"noopener\">Norbert Tarayre<\/a>, devrait, lui, appara\u00eetre occasionnellement dans \u00ab\u00a0Tout beau, tout neuf\u00a0\u00bb. Sans oublier la grande nouveaut\u00e9 du talk-show\u00a0: un chroniqueur <a href=\"https:\/\/www.20minutes.fr\/20-mint\/chatgpt\/\" class=\"c-link c-link--is-underlined\" target=\"_blank\" rel=\"noopener\">ChatGPT<\/a> fera <a href=\"https:\/\/www.20minutes.fr\/arts-stars\/television\/4167785-20250813-w9-nouvelle-emission-cyril-hanouna-trouve-nouveau-chroniqueur-star\" class=\"c-link c-link--is-underlined\" target=\"_blank\" rel=\"noopener\">partie de la bande<\/a> des chroniqueurs.<\/p>\n<p>Les non retenus<\/p>\n<p>Kelly Vedovelli, Bernard Montiel, Thomas Gu\u00e9nol\u00e9 ou encore Guillaume Genton, qui ont offici\u00e9 jadis dans \u00ab\u00a0TPMP\u00a0\u00bb, n\u2019ont pas \u00e9t\u00e9 retenus pour la nouvelle aventure de \u00ab\u00a0Baba\u00a0\u00bb sur W9. A l\u2019instar de Jean-Michel Maire, figure historique de l\u2019ancien talk de la Huit, qui s\u2019est expatri\u00e9 en <a href=\"https:\/\/www.20minutes.fr\/monde\/thailande\/\" class=\"c-link c-link--is-underlined\" target=\"_blank\" rel=\"noopener\">Tha\u00eflande<\/a> et de la journaliste Pascale de\u00a0La\u00a0Tour\u00a0du\u00a0Pin, partie sur <a href=\"https:\/\/www.20minutes.fr\/dossier\/rmc\" class=\"c-link c-link--is-underlined\" target=\"_blank\" rel=\"noopener\">RMC<\/a>. Enfin, Sasha Elbaz ne proposera plus sa chronique \u00ab\u00a0L\u2019indic de la r\u00e9dac\u00a0\u00bb, mais sera producteur de \u00ab\u00a0Tout beau, tout fun\u00a0\u00bb, la nouvelle \u00e9mission de Cyril Hanouna, qui arrivera aussi lundi, sur Fun Radio.<\/p>\n<p>Les personnalit\u00e9s test\u00e9es (et approuv\u00e9es\u00a0?)<\/p>\n<p>Un pilote du futur talk-show tant attendu sur W9 a \u00e9t\u00e9 tourn\u00e9, cette semaine. De plus, une vid\u00e9o des coulisses de l\u2019\u00e9mission a \u00e9t\u00e9 publi\u00e9e, jeudi, sur les <a href=\"https:\/\/www.20minutes.fr\/dossier\/reseaux_sociaux\" class=\"c-link c-link--is-underlined\" target=\"_blank\" rel=\"noopener\">r\u00e9seaux sociaux<\/a>. Parmi les personnalit\u00e9s test\u00e9es\u00a0: le journaliste sportif Nelson Montfort, l\u2019animateur Laurent Fontaine, l\u2019ex-ministre <a href=\"https:\/\/www.20minutes.fr\/politique\/marlene-schiappa\/\" class=\"c-link c-link--is-underlined\" target=\"_blank\" rel=\"noopener\">Marl\u00e8ne Schiappa<\/a>, qui figure au casting des \u00ab\u00a0<a href=\"https:\/\/www.20minutes.fr\/arts-stars\/television\/les-traitres\/\" class=\"c-link c-link--is-underlined\" target=\"_blank\" rel=\"noopener\">Tra\u00eetres<\/a>\u00a0\u00bb, dont le lancement de la nouvelle saison se fera mardi sur M6, l\u2019ex-joueur et entra\u00eeneur du <a href=\"https:\/\/www.20minutes.fr\/sport\/psg\/\" class=\"c-link c-link--is-underlined\" target=\"_blank\" rel=\"noopener\">PSG<\/a>, <a href=\"https:\/\/www.20minutes.fr\/dossier\/luis_fernandez\" class=\"c-link c-link--is-underlined\" target=\"_blank\" rel=\"noopener\">Luis Fernandez<\/a>, ou encore l\u2019ex-rugbyman, Christian Labit.<\/p>\n<p>Les journalistes Charlotte Florentin (sp\u00e9cialis\u00e9 sur les sujets lifestyle, people et soci\u00e9taux), Mehdi Jaziri (ex-Europe 1), Hugo Magnin (Radio Event) et Damien Canivez (<a href=\"https:\/\/www.20minutes.fr\/dossier\/le_figaro\" class=\"c-link c-link--is-underlined\" target=\"_blank\" rel=\"noopener\">Le Figaro<\/a>) ont \u00e9galement \u00e9t\u00e9 remarqu\u00e9s, tout comme les influenceuses Roji et Nawarra. Les candidates de <a href=\"https:\/\/www.20minutes.fr\/dossier\/telerealite\" class=\"c-link c-link--is-underlined\" target=\"_blank\" rel=\"noopener\">t\u00e9l\u00e9r\u00e9alit\u00e9<\/a> Lou Pernaut (\u00ab Les Cinquante\u00a0\u00bb, \u00ab\u00a0The Power\u00a0\u00bb), Marie (\u00ab <a href=\"https:\/\/www.20minutes.fr\/arts-stars\/television\/maries-premier-regard\/\" class=\"c-link c-link--is-underlined\" target=\"_blank\" rel=\"noopener\">Mari\u00e9s au premier regard<\/a>\u00a0\u00bb), Lila Taleb (\u00ab Les Princes et les Princesses de l\u2019amour\u00a0\u00bb, \u00ab\u00a010 couples parfaits\u00a0\u00bb), mais aussi la candidate au concours de <a href=\"https:\/\/www.20minutes.fr\/arts-stars\/television\/miss_france\/\" class=\"c-link c-link--is-underlined\" target=\"_blank\" rel=\"noopener\">Miss France<\/a> 2021 et journaliste, Gwenegann Saillard, ont \u00e9t\u00e9 aper\u00e7us.<\/p>\n<\/p>\n<p>A noter \u00e9galement les pr\u00e9sences de l\u2019animateur Tom Lef\u00e8vre, de Matthias T\u00e9tot (vu dans \u00ab\u00a0TPMP ouvert \u00e0 tous, qui sera le meilleur chroniqueur\u00a0?\u00a0\u00bb, en f\u00e9vrier\u00a02022) ou encore l\u2019agent immobilier Emma Duron. A noter \u00e9galement la pr\u00e9sence d\u2019\u00c9lodie Capp\u00e9, cette \u00e9leveuse de chevaux qui avait men\u00e9 un <a href=\"https:\/\/www.20minutes.fr\/societe\/4132377-20250110-sauver-rillette-lien-combat-elodie-garder-chez-sanglier\" class=\"c-link c-link--is-underlined\" target=\"_blank\" rel=\"noopener\">combat pour sauver son sanglier<\/a> Rillette de l\u2019abattage. Reste \u00e0 savoir qui seront les neufs personnalit\u00e9s retenues autour de la table de \u00ab\u00a0Tout beau, tout neuf\u00a0\u00bb lundi, \u00e0 partir de 18h45 sur W9\u2026<\/p>\n","protected":false},"excerpt":{"rendered":"Quoi de beau dans \u00ab\u00a0Tout beau, tout neuf\u00a0\u00bb\u00a0? A cette question, Cyril Hanouna a teas\u00e9, jeudi, sur son&hellip;\n","protected":false},"author":2,"featured_media":354862,"comment_status":"","ping_status":"","sticky":false,"template":"","format":"standard","meta":{"footnotes":""},"categories":[8],"tags":[141,9722,1083,58,59,1473,1011,27,16181,49096,494,6218,33875,500,23853,252,2395],"class_list":{"0":"post-354861","1":"post","2":"type-post","3":"status-publish","4":"format-standard","5":"has-post-thumbnail","7":"category-divertissement","8":"tag-chatgpt","9":"tag-cnews","10":"tag-cyril-hanouna","11":"tag-divertissement","12":"tag-entertainment","13":"tag-europe-1","14":"tag-fr","15":"tag-france","16":"tag-gilles-verdez","17":"tag-luis-fernandez","18":"tag-m6","19":"tag-maries-au-premier-regard","20":"tag-marlene-schiappa","21":"tag-medias","22":"tag-norbert-tarayre","23":"tag-television","24":"tag-w9"},"share_on_mastodon":{"url":"https:\/\/pubeurope.com\/@fr\/115118816768730511","error":""},"_links":{"self":[{"href":"https:\/\/www.europesays.com\/fr\/wp-json\/wp\/v2\/posts\/354861","targetHints":{"allow":["GET"]}}],"collection":[{"href":"https:\/\/www.europesays.com\/fr\/wp-json\/wp\/v2\/posts"}],"about":[{"href":"https:\/\/www.europesays.com\/fr\/wp-json\/wp\/v2\/types\/post"}],"author":[{"embeddable":true,"href":"https:\/\/www.europesays.com\/fr\/wp-json\/wp\/v2\/users\/2"}],"replies":[{"embeddable":true,"href":"https:\/\/www.europesays.com\/fr\/wp-json\/wp\/v2\/comments?post=354861"}],"version-history":[{"count":0,"href":"https:\/\/www.europesays.com\/fr\/wp-json\/wp\/v2\/posts\/354861\/revisions"}],"wp:featuredmedia":[{"embeddable":true,"href":"https:\/\/www.europesays.com\/fr\/wp-json\/wp\/v2\/media\/354862"}],"wp:attachment":[{"href":"https:\/\/www.europesays.com\/fr\/wp-json\/wp\/v2\/media?parent=354861"}],"wp:term":[{"taxonomy":"category","embeddable":true,"href":"https:\/\/www.europesays.com\/fr\/wp-json\/wp\/v2\/categories?post=354861"},{"taxonomy":"post_tag","embeddable":true,"href":"https:\/\/www.europesays.com\/fr\/wp-json\/wp\/v2\/tags?post=354861"}],"curies":[{"name":"wp","href":"https:\/\/api.w.org\/{rel}","templated":true}]}}