{"id":354876,"date":"2025-08-30T17:24:27","date_gmt":"2025-08-30T17:24:27","guid":{"rendered":"https:\/\/www.europesays.com\/fr\/354876\/"},"modified":"2025-08-30T17:24:27","modified_gmt":"2025-08-30T17:24:27","slug":"grand-est-la-presence-de-7-louveteaux-non-loin-de-louest-vosgien-enflamme-les-reseaux","status":"publish","type":"post","link":"https:\/\/www.europesays.com\/fr\/354876\/","title":{"rendered":"Grand Est. La pr\u00e9sence de 7 louveteaux non loin de l\u2019ouest vosgien enflamme les r\u00e9seaux"},"content":{"rendered":"<p class=\"insetTitle\">\u00ab\u00a0On sait tr\u00e8s bien comment \u00e7a va finir\u00a0\u00bb<\/p>\n<p>Dans l\u2019Ouest vosgien, l\u2019information a mis en alerte <a href=\"https:\/\/www.vosgesmatin.fr\/economie\/2025\/01\/03\/le-plus-gros-bilan-qu-on-ai-jamais-eu-18-brebis-tuees-et-16-blessees-une-attaque-de-loup-suspectee-a-contrexeville\" target=\"_blank\" rel=\"noopener\">les \u00e9leveurs ovins<\/a> \u00a0: \u00ab\u00a0On s\u2019attend \u00e0 en avoir un. La meute va les disperser. Et chaque louveteau va refaire une meute. Or, une meute, c\u2019est 100\u00a0km de rayon. Nous avons donc 99\u00a0% de chances d\u2019avoir l\u2019un de ces louveteaux chez nous\u00a0\u00bb, anticipe cet agriculteur. Lui sait que nombre d\u2019\u00e9leveurs ovins du secteur font pa\u00eetre leurs animaux toute l\u2019ann\u00e9e\u00a0: \u00ab\u00a0La population du gibier pr\u00e9sente va l\u2019attirer et il sera alors plus facile pour le loup d\u2019attraper un mouton que courir apr\u00e8s un chevreuil.\u00a0\u00bb<\/p>\n<p>Comment se pr\u00e9parer \u00e0 ce retour\u00a0? \u00ab\u00a0Tout ce qu\u2019on a essay\u00e9, rien ne marche. En plus, il faut remplir <a href=\"https:\/\/www.finistere.gouv.fr\/Actions-de-l-Etat\/Environnement\/Loup-et-activites-d-elevage\/Indemnisation-suite-a-une-attaque-de-loup\" target=\"_blank\" rel=\"noopener\">des dossiers<\/a> aussi hauts qu\u2019un annuaire. \u00c7a vous d\u00e9courage et m\u00eame s\u2019il y a des remboursements, il faut avancer l\u2019argent. <a href=\"https:\/\/www.vosgesmatin.fr\/economie\/2024\/08\/21\/clotures-electrifiees-dans-le-massif-pour-se-proteger-du-loup-il-faut-monter-a-pied-avec-tout-sur-le-dos\" target=\"_blank\" rel=\"noopener\">On a tout mis en \u00e9lectrique<\/a> , on avait quand m\u00eame des attaques tous les deux jours. Les cl\u00f4tures ne font pas peur au loup. Il faut une personne \u00e0 temps plein pour faire ce sale boulot\u00a0: recharger les postes, couper l\u2019herbe pour le passage du courant \u00e9lectrique, changer les postes si on ne vous les d\u00e9robe pas\u2026\u00a0\u00bb<\/p>\n<p>Quelle solution dans ce cas\u00a0? \u00ab\u00a0Le loup, \u00e0 part l\u2019homme, n\u2019a peur de rien. Il n\u2019y a rien \u00e0 faire \u00e0 part b\u00e2tir un mur d\u2019agglos de 3\u00a0m de haut tout autour des champs. C\u2019est ing\u00e9rable. On s\u2019y attend mais on ne peut pas s\u2019y pr\u00e9parer. On sait tous comment \u00e7a va finir. On sait qu\u2019on aura des pertes. On ne sait juste pas quand ni o\u00f9, ni comment. Le seul moyen de s\u2019en d\u00e9barrasser, c\u2019est le plomb.\u00a0\u00bb<\/p>\n<p class=\"insetSignature\">Propos recueillis par Olivier Jorba<\/p>\n","protected":false},"excerpt":{"rendered":"\u00ab\u00a0On sait tr\u00e8s bien comment \u00e7a va finir\u00a0\u00bb Dans l\u2019Ouest vosgien, l\u2019information a mis en alerte les \u00e9leveurs&hellip;\n","protected":false},"author":2,"featured_media":354877,"comment_status":"","ping_status":"","sticky":false,"template":"","format":"standard","meta":{"footnotes":""},"categories":[9635],"tags":[1111,11,327,1867,25688,33,1797,436,1777,674,107,1011,27,775,1757,1702,17139,17140,12,25,104,2205,774],"class_list":{"0":"post-354876","1":"post","2":"type-post","3":"status-publish","4":"format-standard","5":"has-post-thumbnail","7":"category-nancy","8":"tag-actu","9":"tag-actualites","10":"tag-agriculture","11":"tag-animaux","12":"tag-cc-de-louest-vosgien-88a","13":"tag-economie","14":"tag-edition-la-plaine","15":"tag-environnement","16":"tag-eu","17":"tag-europe","18":"tag-fil-info","19":"tag-fr","20":"tag-france","21":"tag-grand-est","22":"tag-insolite","23":"tag-nancy","24":"tag-neufchateau","25":"tag-neufchateau-ville-88a","26":"tag-news","27":"tag-republique-francaise","28":"tag-societe","29":"tag-television-medias","30":"tag-vosges"},"share_on_mastodon":{"url":"https:\/\/pubeurope.com\/@fr\/115118883755847584","error":""},"_links":{"self":[{"href":"https:\/\/www.europesays.com\/fr\/wp-json\/wp\/v2\/posts\/354876","targetHints":{"allow":["GET"]}}],"collection":[{"href":"https:\/\/www.europesays.com\/fr\/wp-json\/wp\/v2\/posts"}],"about":[{"href":"https:\/\/www.europesays.com\/fr\/wp-json\/wp\/v2\/types\/post"}],"author":[{"embeddable":true,"href":"https:\/\/www.europesays.com\/fr\/wp-json\/wp\/v2\/users\/2"}],"replies":[{"embeddable":true,"href":"https:\/\/www.europesays.com\/fr\/wp-json\/wp\/v2\/comments?post=354876"}],"version-history":[{"count":0,"href":"https:\/\/www.europesays.com\/fr\/wp-json\/wp\/v2\/posts\/354876\/revisions"}],"wp:featuredmedia":[{"embeddable":true,"href":"https:\/\/www.europesays.com\/fr\/wp-json\/wp\/v2\/media\/354877"}],"wp:attachment":[{"href":"https:\/\/www.europesays.com\/fr\/wp-json\/wp\/v2\/media?parent=354876"}],"wp:term":[{"taxonomy":"category","embeddable":true,"href":"https:\/\/www.europesays.com\/fr\/wp-json\/wp\/v2\/categories?post=354876"},{"taxonomy":"post_tag","embeddable":true,"href":"https:\/\/www.europesays.com\/fr\/wp-json\/wp\/v2\/tags?post=354876"}],"curies":[{"name":"wp","href":"https:\/\/api.w.org\/{rel}","templated":true}]}}