{"id":354878,"date":"2025-08-30T17:25:16","date_gmt":"2025-08-30T17:25:16","guid":{"rendered":"https:\/\/www.europesays.com\/fr\/354878\/"},"modified":"2025-08-30T17:25:16","modified_gmt":"2025-08-30T17:25:16","slug":"les-nancy-mariage-pierre-yves-et-laure","status":"publish","type":"post","link":"https:\/\/www.europesays.com\/fr\/354878\/","title":{"rendered":"l\u00e8s-Nancy | Mariage. Pierre-Yves et Laure"},"content":{"rendered":"<p>Samedi, \u00e0 16\u00a0h, le maire Bernard Girsch, assist\u00e9 de St\u00e9phanie Merten, adjointe a uni par les liens du mariage Laure Lehman, assistante de recherche clinique, et Pierre-Yves Berard, analyste, devant leur famille et leurs amis.<\/p>\n<p>La c\u00e9r\u00e9monie a \u00e9t\u00e9 suivie du parrainage civil de leur fille, Anna. Les jeunes \u00e9poux r\u00e9sident dans la commune.<\/p>\n<p>Toutes nos f\u00e9licitations.<\/p>\n","protected":false},"excerpt":{"rendered":"Samedi, \u00e0 16\u00a0h, le maire Bernard Girsch, assist\u00e9 de St\u00e9phanie Merten, adjointe a uni par les liens du&hellip;\n","protected":false},"author":2,"featured_media":354879,"comment_status":"","ping_status":"","sticky":false,"template":"","format":"standard","meta":{"footnotes":""},"categories":[9635],"tags":[1111,11,9223,1704,1777,674,1011,27,775,1930,11362,1702,12,25,27442,104],"class_list":{"0":"post-354878","1":"post","2":"type-post","3":"status-publish","4":"format-standard","5":"has-post-thumbnail","7":"category-nancy","8":"tag-actu","9":"tag-actualites","10":"tag-carnet-du-jour","11":"tag-edition-nancy-et-agglomeration","12":"tag-eu","13":"tag-europe","14":"tag-fr","15":"tag-france","16":"tag-grand-est","17":"tag-mariage","18":"tag-metropole-du-grand-nancy-54b3","19":"tag-nancy","20":"tag-news","21":"tag-republique-francaise","22":"tag-saulxures-les-nancy","23":"tag-societe"},"share_on_mastodon":{"url":"https:\/\/pubeurope.com\/@fr\/115118887630420936","error":""},"_links":{"self":[{"href":"https:\/\/www.europesays.com\/fr\/wp-json\/wp\/v2\/posts\/354878","targetHints":{"allow":["GET"]}}],"collection":[{"href":"https:\/\/www.europesays.com\/fr\/wp-json\/wp\/v2\/posts"}],"about":[{"href":"https:\/\/www.europesays.com\/fr\/wp-json\/wp\/v2\/types\/post"}],"author":[{"embeddable":true,"href":"https:\/\/www.europesays.com\/fr\/wp-json\/wp\/v2\/users\/2"}],"replies":[{"embeddable":true,"href":"https:\/\/www.europesays.com\/fr\/wp-json\/wp\/v2\/comments?post=354878"}],"version-history":[{"count":0,"href":"https:\/\/www.europesays.com\/fr\/wp-json\/wp\/v2\/posts\/354878\/revisions"}],"wp:featuredmedia":[{"embeddable":true,"href":"https:\/\/www.europesays.com\/fr\/wp-json\/wp\/v2\/media\/354879"}],"wp:attachment":[{"href":"https:\/\/www.europesays.com\/fr\/wp-json\/wp\/v2\/media?parent=354878"}],"wp:term":[{"taxonomy":"category","embeddable":true,"href":"https:\/\/www.europesays.com\/fr\/wp-json\/wp\/v2\/categories?post=354878"},{"taxonomy":"post_tag","embeddable":true,"href":"https:\/\/www.europesays.com\/fr\/wp-json\/wp\/v2\/tags?post=354878"}],"curies":[{"name":"wp","href":"https:\/\/api.w.org\/{rel}","templated":true}]}}