{"id":354897,"date":"2025-08-30T17:45:16","date_gmt":"2025-08-30T17:45:16","guid":{"rendered":"https:\/\/www.europesays.com\/fr\/354897\/"},"modified":"2025-08-30T17:45:16","modified_gmt":"2025-08-30T17:45:16","slug":"strasbourg-le-magasin-leclerc-de-rivetoile-rouvre-entierement-apres-des-travaux-de-modernisation","status":"publish","type":"post","link":"https:\/\/www.europesays.com\/fr\/354897\/","title":{"rendered":"Strasbourg. Le magasin Leclerc de Riv\u00e9toile rouvre enti\u00e8rement apr\u00e8s des travaux de modernisation"},"content":{"rendered":"<p>Apr\u00e8s cinq mois de travaux, le grand magasin Leclerc situ\u00e9 \u00e0 l\u2019\u00e9tage -1 du <a href=\"https:\/\/www.dna.fr\/economie\/2023\/09\/12\/rivetoile-une-nouvelle-directrice-et-un-rafraichissement-dans-les-tuyaux\" target=\"_blank\" rel=\"noopener\">centre commercial Riv\u00e9toile<\/a>, a modernis\u00e9 4\u200a500 m2\u00a0de sa surface de vente (et pr\u00e8s de 3\u200a500 m2\u00a0de ses r\u00e9serves).<\/p>\n<p>Parmi les changements, l\u2019enseigne annonce de nouvelles caisses, une nouvelle implantation des rayons, une offre enrichie de 5\u200a000 nouvelles r\u00e9f\u00e9rences, un \u00e9clairage 100\u00a0% LED ou encore un meilleur confort thermique. Le chantier a principalement \u00e9t\u00e9 confi\u00e9 \u00e0 des entreprises alsaciennes.<\/p>\n<p>Ce contenu est bloqu\u00e9 car vous n&rsquo;avez pas accept\u00e9 les cookies et autres traceurs.<\/p>\n<p>En cliquant sur \u00ab J\u2019accepte \u00bb, les cookies et autres traceurs seront d\u00e9pos\u00e9s et vous pourrez visualiser les contenus  (<a href=\"\" class=\"consentModule_policy\" target=\"_blank\" title=\"Consulter la politique de protection des donn\u00e9es du fournisseur\">plus d&rsquo;informations<\/a>).<\/p>\n<p>En cliquant sur \u00ab J\u2019accepte tous les cookies \u00bb, vous autorisez des d\u00e9p\u00f4ts de cookies et autres traceurs pour le stockage de vos donn\u00e9es sur nos sites et applications \u00e0 des fins de personnalisation et de ciblage publicitaire.<\/p>\n<p class=\"consentModule_secondaryText\">Vous gardez la possibilit\u00e9 de retirer votre consentement \u00e0 tout moment en consultant notre <a href=\"https:\/\/www.dna.fr\/protection-des-donnees\" target=\"_blank\" title=\"Consulter notre politique de protection des donn\u00e9es\" rel=\"noopener\">politique de protection des donn\u00e9es<\/a>. <br \/>&#13;<br \/>\n            <a href=\"https:\/\/www.dna.fr\/economie\/2025\/08\/30\/javascript:Didomi.notice.show()\" class=\"consentModule_cmp\" target=\"_blank\" rel=\"noopener\">G\u00e9rer mes choix<\/a>&#13;\n        <\/p>\n<p>&#13;<br \/>\n                        J&rsquo;accepte&#13;<br \/>\n            J&rsquo;accepte tous les cookies&#13;\n        <\/p>\n<p>Cette r\u00e9ouverture sera c\u00e9l\u00e9br\u00e9e le lundi 1er septembre avec des animations et des offres sp\u00e9ciales.<\/p>\n","protected":false},"excerpt":{"rendered":"Apr\u00e8s cinq mois de travaux, le grand magasin Leclerc situ\u00e9 \u00e0 l\u2019\u00e9tage -1 du centre commercial Riv\u00e9toile, a&hellip;\n","protected":false},"author":2,"featured_media":354898,"comment_status":"","ping_status":"","sticky":false,"template":"","format":"standard","meta":{"footnotes":""},"categories":[2820],"tags":[1111,11,4406,130,33,2880,1777,674,107,1011,27,775,12,2922,25,640,3089,2879,216],"class_list":{"0":"post-354897","1":"post","2":"type-post","3":"status-publish","4":"format-standard","5":"has-post-thumbnail","7":"category-strasbourg","8":"tag-actu","9":"tag-actualites","10":"tag-commerce-et-services","11":"tag-consommation","12":"tag-economie","13":"tag-edition-strasbourg","14":"tag-eu","15":"tag-europe","16":"tag-fil-info","17":"tag-fr","18":"tag-france","19":"tag-grand-est","20":"tag-news","21":"tag-pouvoir-dachat","22":"tag-republique-francaise","23":"tag-strasbourg","24":"tag-strasbourg-sud","25":"tag-strasbourg-ville","26":"tag-vie-des-entreprises"},"share_on_mastodon":{"url":"https:\/\/pubeurope.com\/@fr\/115118966257283198","error":""},"_links":{"self":[{"href":"https:\/\/www.europesays.com\/fr\/wp-json\/wp\/v2\/posts\/354897","targetHints":{"allow":["GET"]}}],"collection":[{"href":"https:\/\/www.europesays.com\/fr\/wp-json\/wp\/v2\/posts"}],"about":[{"href":"https:\/\/www.europesays.com\/fr\/wp-json\/wp\/v2\/types\/post"}],"author":[{"embeddable":true,"href":"https:\/\/www.europesays.com\/fr\/wp-json\/wp\/v2\/users\/2"}],"replies":[{"embeddable":true,"href":"https:\/\/www.europesays.com\/fr\/wp-json\/wp\/v2\/comments?post=354897"}],"version-history":[{"count":0,"href":"https:\/\/www.europesays.com\/fr\/wp-json\/wp\/v2\/posts\/354897\/revisions"}],"wp:featuredmedia":[{"embeddable":true,"href":"https:\/\/www.europesays.com\/fr\/wp-json\/wp\/v2\/media\/354898"}],"wp:attachment":[{"href":"https:\/\/www.europesays.com\/fr\/wp-json\/wp\/v2\/media?parent=354897"}],"wp:term":[{"taxonomy":"category","embeddable":true,"href":"https:\/\/www.europesays.com\/fr\/wp-json\/wp\/v2\/categories?post=354897"},{"taxonomy":"post_tag","embeddable":true,"href":"https:\/\/www.europesays.com\/fr\/wp-json\/wp\/v2\/tags?post=354897"}],"curies":[{"name":"wp","href":"https:\/\/api.w.org\/{rel}","templated":true}]}}