{"id":354910,"date":"2025-08-30T17:57:11","date_gmt":"2025-08-30T17:57:11","guid":{"rendered":"https:\/\/www.europesays.com\/fr\/354910\/"},"modified":"2025-08-30T17:57:11","modified_gmt":"2025-08-30T17:57:11","slug":"top-14-opere-dune-main-maxime-lucu-bordeaux-begles-devrait-etre-absent-plusieurs-mois","status":"publish","type":"post","link":"https:\/\/www.europesays.com\/fr\/354910\/","title":{"rendered":"Top 14 \u2013 Op\u00e9r\u00e9 d\u2019une main, Maxime Lucu (Bordeaux-B\u00e8gles) devrait \u00eatre absent plusieurs mois"},"content":{"rendered":"<p>\n                Touch\u00e9 lors de la rencontre amicale contre Montauban ce jeudi soir, Maxime Lucu a \u00e9t\u00e9 op\u00e9r\u00e9 ce vendredi\u00a0d\u2019une rupture d\u2019un tendon du pouce d\u2019une main. Le demi de m\u00eal\u00e9e international (27 s\u00e9lections) devrait manquer plusieurs mois de comp\u00e9tition.\n            <\/p>\n<p>Le match contre Montauban a laiss\u00e9 des traces dans les rangs de l\u2019UBB. En plus de <strong><a href=\"https:\/\/www.rugbyrama.fr\/2025\/08\/28\/top-14-ubb-inquietudes-autour-de-yoram-moefana-touche-a-lepaule-12898634.php\" target=\"_self\" rel=\"nofollow noopener\">Yoram Moefana (luxation de l\u2019\u00e9paule)<\/a><\/strong>, le staff girondin a vu Maxime Lucu se blesser \u00e0 une main. Selon nos confr\u00e8res de Sud Ouest, le num\u00e9ro neuf international a \u00e9t\u00e9 op\u00e9r\u00e9 d\u00e8s le lendemain de la rencontre (vendredi) d\u2019une\u00a0rupture d\u2019un tendon du pouce d\u2019une main.<\/p>\n<p>C\u2019est bien \u00e9videmment un coup dur pour Bordeaux-B\u00e8gles, qui devra faire sans son ma\u00eetre \u00e0 jouer pendant de longues semaines. Lucu devrait \u00eatre absent deux mois. Samedi soir prochain, les Unionistes vont donc d\u00e9fier La\u00a0Rochelle pour leur premier match de championnat sans leur capitaine. Au poste, Yannick Bru pourra compter sur Martin Page-Relo \u2013 arriv\u00e9 cet \u00e9t\u00e9 en provenance de Lyon \u2013 et le jeune Valentin Hutteau, qui est annonc\u00e9 comme un futur tr\u00e8s grand.<\/p>\n<p>L\u2019infirmerie sera bien remplie pour les Bordelo-B\u00e9glais puisqu\u2019Adam Coleman, Lachlan Swinton, Rohan Van Rensburg et Pablo Uberti ne seront pas non plus aptes pour chausser les crampons face au Stade rochelais. Ben Tameifuna et Jean-Luc Du Preez sont eux avec leur s\u00e9lection. \u00c0 noter \u00e9galement que Matthieu Jalibert est incertain apr\u00e8s une op\u00e9ration \u00e0 un genou cet \u00e9t\u00e9. L\u2019ouvreur n\u2019a toujours pas jou\u00e9 cette saison.<\/p>\n<p>Lucu pr\u00e9sent en novembre avec les Bleus\u00a0?<\/p>\n<p>Si tout se passe comme pr\u00e9vu au niveau de la gu\u00e9rison, Maxime Lucu devrait \u00eatre de retour sur les pelouses dans deux mois, c\u2019est-\u00e0-dire d\u00e9but novembre. La question est d\u00e9sormais de savoir si le Girondin pourra prendre part \u00e0 la tourn\u00e9e de novembre avec les Bleus, qui d\u00e9butera le 8\u00a0novembre face \u00e0 l\u2019Afrique du Sud.<\/p>\n<p>Le poste de demi de m\u00eal\u00e9e n\u2019est pas le plus pauvre au niveau des forces vives (Nolann Le Garrec, Baptiste Jauneau, Baptiste Serin, Baptiste Couilloud\u2026) en France mais tout de m\u00eame. Antoine Dupont a d\u00e9j\u00e0 annonc\u00e9 il y a plusieurs semaines qu\u2019il ne devrait pas disputer les trois prochains matchs des Bleus en novembre.<\/p>\n","protected":false},"excerpt":{"rendered":"Touch\u00e9 lors de la rencontre amicale contre Montauban ce jeudi soir, Maxime Lucu a \u00e9t\u00e9 op\u00e9r\u00e9 ce vendredi\u00a0d\u2019une&hellip;\n","protected":false},"author":2,"featured_media":354911,"comment_status":"","ping_status":"","sticky":false,"template":"","format":"standard","meta":{"footnotes":""},"categories":[2817],"tags":[1111,11,1997,1777,674,1011,27,12,2219,25],"class_list":{"0":"post-354910","1":"post","2":"type-post","3":"status-publish","4":"format-standard","5":"has-post-thumbnail","7":"category-bordeaux","8":"tag-actu","9":"tag-actualites","10":"tag-bordeaux","11":"tag-eu","12":"tag-europe","13":"tag-fr","14":"tag-france","15":"tag-news","16":"tag-nouvelle-aquitaine","17":"tag-republique-francaise"},"share_on_mastodon":{"url":"https:\/\/pubeurope.com\/@fr\/115119013513686373","error":""},"_links":{"self":[{"href":"https:\/\/www.europesays.com\/fr\/wp-json\/wp\/v2\/posts\/354910","targetHints":{"allow":["GET"]}}],"collection":[{"href":"https:\/\/www.europesays.com\/fr\/wp-json\/wp\/v2\/posts"}],"about":[{"href":"https:\/\/www.europesays.com\/fr\/wp-json\/wp\/v2\/types\/post"}],"author":[{"embeddable":true,"href":"https:\/\/www.europesays.com\/fr\/wp-json\/wp\/v2\/users\/2"}],"replies":[{"embeddable":true,"href":"https:\/\/www.europesays.com\/fr\/wp-json\/wp\/v2\/comments?post=354910"}],"version-history":[{"count":0,"href":"https:\/\/www.europesays.com\/fr\/wp-json\/wp\/v2\/posts\/354910\/revisions"}],"wp:featuredmedia":[{"embeddable":true,"href":"https:\/\/www.europesays.com\/fr\/wp-json\/wp\/v2\/media\/354911"}],"wp:attachment":[{"href":"https:\/\/www.europesays.com\/fr\/wp-json\/wp\/v2\/media?parent=354910"}],"wp:term":[{"taxonomy":"category","embeddable":true,"href":"https:\/\/www.europesays.com\/fr\/wp-json\/wp\/v2\/categories?post=354910"},{"taxonomy":"post_tag","embeddable":true,"href":"https:\/\/www.europesays.com\/fr\/wp-json\/wp\/v2\/tags?post=354910"}],"curies":[{"name":"wp","href":"https:\/\/api.w.org\/{rel}","templated":true}]}}