{"id":354912,"date":"2025-08-30T17:58:11","date_gmt":"2025-08-30T17:58:11","guid":{"rendered":"https:\/\/www.europesays.com\/fr\/354912\/"},"modified":"2025-08-30T17:58:11","modified_gmt":"2025-08-30T17:58:11","slug":"a-toulouse-une-affiche-compare-la-police-municipale-aux-nazis-lelu-a-la-securite-denonce-un-message-nauseabond","status":"publish","type":"post","link":"https:\/\/www.europesays.com\/fr\/354912\/","title":{"rendered":"\u00c0 Toulouse, une affiche compare la police municipale aux nazis, l\u2019\u00e9lu \u00e0 la S\u00e9curit\u00e9 d\u00e9nonce un message \u00ab\u00a0naus\u00e9abond\u00a0\u00bb"},"content":{"rendered":"<p>\n                                                                    l&rsquo;essentiel<\/p>\n<p>Affiche comparant la police municipale \u00e0 des nazis a \u00e9t\u00e9 d\u00e9couverte\u00a0\u00e0 Toulouse. La mairie, qui critique \u00ab\u00a0une inversion des valeurs\u00a0\u00bb, va porter plainte.<\/p>\n<p>Un sigle de la police municipale entrem\u00eale\u00a0une croix gamm\u00e9e, symbole du r\u00e9gime nazi, le tout entour\u00e9\u00a0de soldats du IIIe Reich\u00a0et surmont\u00e9\u00a0de\u00a0la question \u00ab\u00a0Qui fait la diff\u00e9rence\u00a0?\u00a0\u00bb. Cette affiche visant les agents de la mairie de Toulouse a \u00e9t\u00e9 d\u00e9couverte ce dimanche dans la rue de l\u2019Abreuvoir Saint-Pierre, une petite art\u00e8re entre l\u2019all\u00e9e de Brienne et le Bazacle.<\/p>\n<p>Un message \u00ab\u00a0naus\u00e9abond\u00a0\u00bb selon l\u2019\u00e9lu \u00e0 la S\u00e9curit\u00e9 de la Ville rose, le premier du genre \u00e0 viser les agents de la collectivit\u00e9 avec une telle comparaison alors qu\u2019il n\u2019est pas rare de voir la police nationale\u00a0o\u00f9 les hommes politiques pris pour cible.<\/p>\n<p>        <img decoding=\"async\" class=\"std-img__img responsive-img\" src=\"https:\/\/www.europesays.com\/fr\/wp-content\/uploads\/2025\/08\/1756576691_146_image.jpg\" alt=\"Une affiche avec croix gamm\u00e9e entrelac\u00e9e \u00e0 un sigle de la police municipale, avec des soldats nazis, a \u00e9t\u00e9 d\u00e9couverte \u00e0 Toulouse.\"\/><\/p>\n<p>                Une affiche avec croix gamm\u00e9e entrelac\u00e9e \u00e0 un sigle de la police municipale, avec des soldats nazis, a \u00e9t\u00e9 d\u00e9couverte \u00e0 Toulouse.<br \/>\n                                    DDM &#8211; DR<\/p>\n<p>\u00ab\u00a0J\u2019y vois le r\u00e9sultat de beaucoup d\u2019id\u00e9ologies, d\u2019inversions des valeurs et une d\u00e9fiance \u00e0 toute forme d\u2019autorit\u00e9. Chaque jour nos policiers municipaux prot\u00e8gent et sauvent des vies, sans eux il y aurait une ville plus violente qu\u2019elle n\u2019est\u00a0\u00bb, d\u00e9plore Emilion Esnault aupr\u00e8s de La D\u00e9p\u00eache.<\/p>\n<blockquote data-class=\"twitter-tweet\">\n<p lang=\"fr\" dir=\"ltr\">Naus\u00e9abond. Un monument d&rsquo;infamie d\u00e9couvert cet apr\u00e8s midi <a href=\"https:\/\/twitter.com\/Toulouse?ref_src=twsrc%5Etfw\" rel=\"nofollow noopener\" target=\"_blank\">@toulouse<\/a><\/p>\n<p>Voil\u00e0 \u00e0 quoi m\u00e8nent bordelisations, d\u00e9constructions &amp; id\u00e9ologies assurant chaque jour un peu + la promotion du refus de l&rsquo;autorit\u00e9.<\/p>\n<p>Nos Policiers sauvent de vies. Prot\u00e8gent. Portent assistance. Soutenons les! <a href=\"https:\/\/t.co\/tuEPs0ICzO\" rel=\"nofollow\">pic.twitter.com\/tuEPs0ICzO<\/a><\/p>\n<p>\u2014 Emilion Esnault (@EmilionEsnault) <a href=\"https:\/\/twitter.com\/EmilionEsnault\/status\/1961807337041043493?ref_src=twsrc%5Etfw\" rel=\"nofollow noopener\" target=\"_blank\">August 30, 2025<\/a><\/p><\/blockquote>\n<p>Ce dernier indique qu\u2019une plainte va \u00eatre d\u00e9pos\u00e9e et que l\u2019affiche sera enlev\u00e9e d\u00e8s que les constatations auront \u00e9t\u00e9 r\u00e9alis\u00e9es.<\/p>\n<p>                                                                                                                                                                                                        <script async src=\"https:\/\/platform.twitter.com\/widgets.js\" charset=\"utf-8\"><\/script><\/p>\n","protected":false},"excerpt":{"rendered":"l&rsquo;essentiel Affiche comparant la police municipale \u00e0 des nazis a \u00e9t\u00e9 d\u00e9couverte\u00a0\u00e0 Toulouse. La mairie, qui critique \u00ab\u00a0une&hellip;\n","protected":false},"author":2,"featured_media":354913,"comment_status":"","ping_status":"","sticky":false,"template":"","format":"standard","meta":{"footnotes":""},"categories":[2816],"tags":[1111,11,1777,674,1011,27,12,2680,25,2312],"class_list":{"0":"post-354912","1":"post","2":"type-post","3":"status-publish","4":"format-standard","5":"has-post-thumbnail","7":"category-toulouse","8":"tag-actu","9":"tag-actualites","10":"tag-eu","11":"tag-europe","12":"tag-fr","13":"tag-france","14":"tag-news","15":"tag-occitanie","16":"tag-republique-francaise","17":"tag-toulouse"},"share_on_mastodon":{"url":"https:\/\/pubeurope.com\/@fr\/115119017865742596","error":""},"_links":{"self":[{"href":"https:\/\/www.europesays.com\/fr\/wp-json\/wp\/v2\/posts\/354912","targetHints":{"allow":["GET"]}}],"collection":[{"href":"https:\/\/www.europesays.com\/fr\/wp-json\/wp\/v2\/posts"}],"about":[{"href":"https:\/\/www.europesays.com\/fr\/wp-json\/wp\/v2\/types\/post"}],"author":[{"embeddable":true,"href":"https:\/\/www.europesays.com\/fr\/wp-json\/wp\/v2\/users\/2"}],"replies":[{"embeddable":true,"href":"https:\/\/www.europesays.com\/fr\/wp-json\/wp\/v2\/comments?post=354912"}],"version-history":[{"count":0,"href":"https:\/\/www.europesays.com\/fr\/wp-json\/wp\/v2\/posts\/354912\/revisions"}],"wp:featuredmedia":[{"embeddable":true,"href":"https:\/\/www.europesays.com\/fr\/wp-json\/wp\/v2\/media\/354913"}],"wp:attachment":[{"href":"https:\/\/www.europesays.com\/fr\/wp-json\/wp\/v2\/media?parent=354912"}],"wp:term":[{"taxonomy":"category","embeddable":true,"href":"https:\/\/www.europesays.com\/fr\/wp-json\/wp\/v2\/categories?post=354912"},{"taxonomy":"post_tag","embeddable":true,"href":"https:\/\/www.europesays.com\/fr\/wp-json\/wp\/v2\/tags?post=354912"}],"curies":[{"name":"wp","href":"https:\/\/api.w.org\/{rel}","templated":true}]}}