{"id":354916,"date":"2025-08-30T18:00:17","date_gmt":"2025-08-30T18:00:17","guid":{"rendered":"https:\/\/www.europesays.com\/fr\/354916\/"},"modified":"2025-08-30T18:00:17","modified_gmt":"2025-08-30T18:00:17","slug":"lille-est-parmi-les-10-meilleures-villes-de-france-pour-les-creatifs-selon-une-etude","status":"publish","type":"post","link":"https:\/\/www.europesays.com\/fr\/354916\/","title":{"rendered":"Lille est parmi les 10 meilleures villes de France pour les cr\u00e9atifs selon une \u00e9tude"},"content":{"rendered":"<p>            Par<br \/>\n        <strong><br \/>\n            <a href=\"https:\/\/actu.fr\/auteur\/nicolas-demollien\" title=\"Consulter tous les articles de Nicolas Demollien\" rel=\"nofollow noopener\" target=\"_blank\">Nicolas Demollien<\/a><br \/>\n        <\/strong><\/p>\n<p>        Publi\u00e9 le<\/p>\n<p>            30 ao\u00fbt 2025 \u00e0 18h46        <\/p>\n<p>\u00ab\u00a0Encore un dr\u00f4le de classement\u00a0\u00bb, pourrait-on \u00eatre tent\u00e9 de dire ! Il n\u2019emp\u00eache qu\u2019il se base sur des crit\u00e8res assez pr\u00e9cis. Une <b>\u00e9tude<\/b> vient d\u2019\u00eatre publi\u00e9e sur les <b>meilleures villes de France pour les personnes cr\u00e9atives<\/b>. Et <a href=\"https:\/\/actu.fr\/hauts-de-france\/lille_59350\" rel=\"nofollow noopener\" target=\"_blank\">Lille<\/a> (Nord) figure en bonne position puisqu\u2019elle se classe \u00e0 la<b> dixi\u00e8me place<\/b> !<\/p>\n<p>Lille parmi les meilleures villes de France pour les cr\u00e9atifs<\/p>\n<p class=\" wall-content\">\u00ab\u00a0De nombreux facteurs contribuent \u00e0 rendre une ville plus inspirante qu\u2019une autre pour les cr\u00e9atifs\u00a0\u00bb, justifient les auteurs de l\u2019\u00e9tude pour expliciter leur classement. des 20 plus grandes villes fran\u00e7aises \u00ab\u00a0selon leur <b>capacit\u00e9 \u00e0 inspirer les travailleurs du secteur cr\u00e9atif<\/b> \u00e0 surmonter un blocage artistique\u00a0\u00bb.<\/p>\n<p class=\" wall-content\">L\u2019analyse repose sur 10 crit\u00e8res principaux, dont :<\/p>\n<ul class=\" wall-content\">\n<li>Les offres d\u2019emplois cr\u00e9atifs<\/li>\n<li>Le nombre d\u2019espaces de coworking<\/li>\n<li>Le co\u00fbt de la vie<\/li>\n<li>La vitesse du WiFi<\/li>\n<li>L\u2019 indice de bonheur<\/li>\n<li>Le pourcentage d\u2019espaces verts<\/li>\n<li>L\u2019indice de qualit\u00e9 de l\u2019air<\/li>\n<li>Le nombre de mus\u00e9es, galeries d\u2019art, th\u00e9\u00e2tres et concerts dans chaque ville.<\/li>\n<\/ul>\n<p class=\" wall-content\">Lille est donc dixi\u00e8me, assez loin derri\u00e8re les <b>trois villes sur le podium : <\/b><a href=\"https:\/\/actu.fr\/nouvelle-aquitaine\/bordeaux_33063\" rel=\"nofollow noopener\" target=\"_blank\">Bordeaux<\/a>, <a href=\"https:\/\/actu.fr\/ile-de-france\/paris_75056\" rel=\"nofollow noopener\" target=\"_blank\">Paris<\/a> et <a href=\"https:\/\/actu.fr\/pays-de-la-loire\/nantes_44109\" rel=\"nofollow noopener\" target=\"_blank\">Nantes<\/a>. Les meilleurs arguments lillois sont ses 23 offres d\u2019emplois dans le secteur cr\u00e9atif pour 100 000 habitants ; 12 espaces de co-working et le fait d\u2019\u00eatre une des grandes villes o\u00f9 le co\u00fbt de la vie est le plus bas en France.<\/p>\n<p class=\" wall-content\">Retrouvez l\u2019\u00e9tude et le classement complet sur le site <a href=\"https:\/\/www.adobe.com\/fr\/express\/learn\/blog\/best-cities-for-creatives\" rel=\"nofollow noopener\" target=\"_blank\">adobe.com<\/a><\/p>\n<p class=\" wall-content\">Personnalisez votre actualit\u00e9 en ajoutant vos villes et m\u00e9dias en favori avec <a href=\"https:\/\/moncompte.actu.fr\" title=\"D\u00e9couvez Mon Actu\" rel=\"nofollow noopener\" data-trk=\"{&quot;cta&quot;:{&quot;action&quot;:&quot;https:\\\/\\\/moncompte.actu.fr&quot;,&quot;category&quot;:&quot;mon compte&quot;,&quot;from&quot;:&quot;article footer&quot;,&quot;name&quot;:&quot;Mon actu&quot;,&quot;type&quot;:&quot;cta&quot;}}\" target=\"_blank\">Mon Actu<\/a>.<\/p>\n","protected":false},"excerpt":{"rendered":"Par Nicolas Demollien Publi\u00e9 le 30 ao\u00fbt 2025 \u00e0 18h46 \u00ab\u00a0Encore un dr\u00f4le de classement\u00a0\u00bb, pourrait-on \u00eatre tent\u00e9&hellip;\n","protected":false},"author":2,"featured_media":354917,"comment_status":"","ping_status":"","sticky":false,"template":"","format":"standard","meta":{"footnotes":""},"categories":[2815],"tags":[1111,11,1777,674,1011,27,811,1307,12,25,104],"class_list":{"0":"post-354916","1":"post","2":"type-post","3":"status-publish","4":"format-standard","5":"has-post-thumbnail","7":"category-lille","8":"tag-actu","9":"tag-actualites","10":"tag-eu","11":"tag-europe","12":"tag-fr","13":"tag-france","14":"tag-hauts-de-france","15":"tag-lille","16":"tag-news","17":"tag-republique-francaise","18":"tag-societe"},"share_on_mastodon":{"url":"https:\/\/pubeurope.com\/@fr\/115119025392542144","error":""},"_links":{"self":[{"href":"https:\/\/www.europesays.com\/fr\/wp-json\/wp\/v2\/posts\/354916","targetHints":{"allow":["GET"]}}],"collection":[{"href":"https:\/\/www.europesays.com\/fr\/wp-json\/wp\/v2\/posts"}],"about":[{"href":"https:\/\/www.europesays.com\/fr\/wp-json\/wp\/v2\/types\/post"}],"author":[{"embeddable":true,"href":"https:\/\/www.europesays.com\/fr\/wp-json\/wp\/v2\/users\/2"}],"replies":[{"embeddable":true,"href":"https:\/\/www.europesays.com\/fr\/wp-json\/wp\/v2\/comments?post=354916"}],"version-history":[{"count":0,"href":"https:\/\/www.europesays.com\/fr\/wp-json\/wp\/v2\/posts\/354916\/revisions"}],"wp:featuredmedia":[{"embeddable":true,"href":"https:\/\/www.europesays.com\/fr\/wp-json\/wp\/v2\/media\/354917"}],"wp:attachment":[{"href":"https:\/\/www.europesays.com\/fr\/wp-json\/wp\/v2\/media?parent=354916"}],"wp:term":[{"taxonomy":"category","embeddable":true,"href":"https:\/\/www.europesays.com\/fr\/wp-json\/wp\/v2\/categories?post=354916"},{"taxonomy":"post_tag","embeddable":true,"href":"https:\/\/www.europesays.com\/fr\/wp-json\/wp\/v2\/tags?post=354916"}],"curies":[{"name":"wp","href":"https:\/\/api.w.org\/{rel}","templated":true}]}}